{"id":95184,"date":"2026-01-05T12:55:07","date_gmt":"2026-01-05T12:55:07","guid":{"rendered":"https:\/\/www.europesays.com\/lv\/95184\/"},"modified":"2026-01-05T12:55:07","modified_gmt":"2026-01-05T12:55:07","slug":"asv-militara-operacija-venecuela-nogalinati-32-kubiesu-karaviri-un-policisti-jauns-lv","status":"publish","type":"post","link":"https:\/\/www.europesays.com\/lv\/95184\/","title":{"rendered":"ASV milit\u0101r\u0101 oper\u0101cija Venecu\u0113l\u0101: nogalin\u0101ti 32 kubie\u0161u karav\u012bri un policisti &#8211; Jauns.lv"},"content":{"rendered":"<ol>\n<li><a href=\"https:\/\/news.google.com\/rss\/articles\/CBMitgFBVV95cUxPS3diMW5sX1hyVEZjNzQxaVdOSm5uRlBmdFNROERzazM0WGhMWlBRcmpNMVRxQ1hmNHRheUlCeHBTRk5DNlcxQ2J4TVNNQlJrVlhXZ0dseFBUb05NbkRBSEM2NGVhdEE2X1VwVzMteUdlTTNtRFFBZ0hCeWJOdk9fSHFqa252RWhWdEx2V2ZBNnBKdm5kdjFYZnpCc1QtUTFaVFJhQ0VObWhES0tXcEtkeGRGVXZmQQ?oc=5\" target=\"_blank\" rel=\"nofollow noopener\">ASV milit\u0101r\u0101 oper\u0101cija Venecu\u0113l\u0101: nogalin\u0101ti 32 kubie\u0161u karav\u012bri un policisti<\/a>&nbsp;&nbsp;Jauns.lv<\/li>\n<li><a href=\"https:\/\/news.google.com\/rss\/articles\/CBMinAFBVV95cUxNSXpPeEVkejdiUWlKZTRBY2x4dlNUaVVMUGZ5cnM5YWl2eHpFTTMwaFhqLWg0UlJTSDNyY2tBQWRBb1Z4c1hKd3phUlFhSFY2TnVCTXVNQkU4bVBsRkdEa2NZOGtlcGFKSDFKdTNQUlFuem1tQUhjZlNZMlp2UXpOUEo0MFhGYlBxb0QweGRMdEt6eHFaQXEySWxwU0k?oc=5\" target=\"_blank\" rel=\"nofollow noopener\">\u201cMums t\u0101 ir vajadz\u012bga\u201d: Tramps nosauc n\u0101kamo iesp\u0113jam\u0101 iebrukuma m\u0113r\u0137i<\/a>&nbsp;&nbsp;TVNET<\/li>\n<li><a href=\"https:\/\/news.google.com\/rss\/articles\/CBMi5AFBVV95cUxPRTNaQ0s3YXd6NlRzdUwxNVdRMy1jRUh5OEhNaEFtV0lmeWdSQ0Vjek9NMWJzd2ZBUDFFMjAwTnptM2dJWHhwdm1PMFIzb3FWb05KM1BtNGRzMS0wbTZTSzMzM3RWWWpMb21LUW9yX2ZONm5ldEg0NHFub2JncjljbFNGV3lNWWxBSENhcTg4U25EYnlXOGw5TTRQcnY2T0M3NVhKMjBvb19aaHRYbThlNUl5SjNwUEZYVlA3RUtVVld4bVk2N3k4aV8xaGJiemptY3NBY05id0NnRXMxb0ZrZXVMclQ?oc=5\" target=\"_blank\" rel=\"nofollow noopener\">Eksperti: Maduro re\u017e\u012bms Venecu\u0113l\u0101 nav bijis le\u0123it\u012bms; ASV p\u0101rk\u0101pu\u0161as starptautisk\u0101s ties\u012bbas<\/a>&nbsp;&nbsp;LSM<\/li>\n<li><a href=\"https:\/\/news.google.com\/rss\/articles\/CBMihwFBVV95cUxQREJfSnF1bkd4WGtYVnE2QkdzajdwYm9QVWZQWVFRTjhRUmI0VDFDT0NEUmRCdkYzTDhocnU5d1ZLNTM2NHc1ZHFhczMtMFRycVg1SThjTXVtcnRpOWwtNnQyMW5DbjlsWVBsTDlIMkQta1Z1THh5ZmdfZGxnbEpRTTBRc2daZXc?oc=5\" target=\"_blank\" rel=\"nofollow noopener\">Tramps piedraud\u0113jis Venecu\u0113las pagaidu prezidentei<\/a>&nbsp;&nbsp;Apollo.lv<\/li>\n<li><a href=\"https:\/\/news.google.com\/rss\/articles\/CBMiugFBVV95cUxOWlltMEg4ZFNGaHJBYmJtN2lfeWhBdXVLbXFteXo2cEVXMVc4ZTJfUjQ3MXpQR3NlYVpwTXJvWWNXUWJ2aG0tMGdVc2JZcDhsSUNTQThuZkhSV2pyM21ySnE4TnVSWi1UaVgtREI1cGozXzVPa3hJSG5ESUNFdG01WFNTQXFmU2JKcmY3amJESm4welhzQXBKZXZJYWNoRGVtd21WYVdrelpaOGF1Uk1IT1MwNG54Q19SYnc?oc=5\" target=\"_blank\" rel=\"nofollow noopener\">Venecu\u0113l\u0101 izveido komisiju Maduro atbr\u012bvo\u0161anai; Tramps draud Kolumbijai<\/a>&nbsp;&nbsp;Delfi<\/li>\n<\/ol>\n","protected":false},"excerpt":{"rendered":"ASV milit\u0101r\u0101 oper\u0101cija Venecu\u0113l\u0101: nogalin\u0101ti 32 kubie\u0161u karav\u012bri un policisti&nbsp;&nbsp;Jauns.lv \u201cMums t\u0101 ir vajadz\u012bga\u201d: Tramps nosauc n\u0101kamo iesp\u0113jam\u0101&hellip;\n","protected":false},"author":2,"featured_media":95185,"comment_status":"","ping_status":"","sticky":false,"template":"","format":"standard","meta":{"footnotes":""},"categories":[5],"tags":[23,28,29,32,33,22,30,31,35,39,38,36,37,34,40,20,26,27,24,25,21],"class_list":{"0":"post-95184","1":"post","2":"type-post","3":"status-publish","4":"format-standard","5":"has-post-thumbnail","7":"category-aktualitates","8":"tag-aktualitates","9":"tag-breaking-news","10":"tag-breakingnews","11":"tag-featured-news","12":"tag-featurednews","13":"tag-headlines","14":"tag-latest-news","15":"tag-latestnews","16":"tag-latvia","17":"tag-latvian","18":"tag-latviesu","19":"tag-latviesu-valoda","20":"tag-latviesuvaloda","21":"tag-latvija","22":"tag-lv","23":"tag-news","24":"tag-popularakas-zinas","25":"tag-popularakaszinas","26":"tag-top-stories","27":"tag-topstories","28":"tag-zinas"},"share_on_mastodon":{"url":"https:\/\/pubeurope.com\/@lv\/115842601702081861","error":""},"_links":{"self":[{"href":"https:\/\/www.europesays.com\/lv\/wp-json\/wp\/v2\/posts\/95184","targetHints":{"allow":["GET"]}}],"collection":[{"href":"https:\/\/www.europesays.com\/lv\/wp-json\/wp\/v2\/posts"}],"about":[{"href":"https:\/\/www.europesays.com\/lv\/wp-json\/wp\/v2\/types\/post"}],"author":[{"embeddable":true,"href":"https:\/\/www.europesays.com\/lv\/wp-json\/wp\/v2\/users\/2"}],"replies":[{"embeddable":true,"href":"https:\/\/www.europesays.com\/lv\/wp-json\/wp\/v2\/comments?post=95184"}],"version-history":[{"count":0,"href":"https:\/\/www.europesays.com\/lv\/wp-json\/wp\/v2\/posts\/95184\/revisions"}],"wp:featuredmedia":[{"embeddable":true,"href":"https:\/\/www.europesays.com\/lv\/wp-json\/wp\/v2\/media\/95185"}],"wp:attachment":[{"href":"https:\/\/www.europesays.com\/lv\/wp-json\/wp\/v2\/media?parent=95184"}],"wp:term":[{"taxonomy":"category","embeddable":true,"href":"https:\/\/www.europesays.com\/lv\/wp-json\/wp\/v2\/categories?post=95184"},{"taxonomy":"post_tag","embeddable":true,"href":"https:\/\/www.europesays.com\/lv\/wp-json\/wp\/v2\/tags?post=95184"}],"curies":[{"name":"wp","href":"https:\/\/api.w.org\/{rel}","templated":true}]}}