{"id":95188,"date":"2026-01-05T13:00:23","date_gmt":"2026-01-05T13:00:23","guid":{"rendered":"https:\/\/www.europesays.com\/lv\/95188\/"},"modified":"2026-01-05T13:00:23","modified_gmt":"2026-01-05T13:00:23","slug":"uzvaras-parka-uzlaboti-slepsanas-apstakli","status":"publish","type":"post","link":"https:\/\/www.europesays.com\/lv\/95188\/","title":{"rendered":"Uzvaras park\u0101 uzlaboti sl\u0113p\u0161anas apst\u0101k\u013ci"},"content":{"rendered":"<p class=\"descr\">Uzvaras park\u0101 atv\u0113rt\u0101 sl\u0113po\u0161anas trase ir papildin\u0101ta ar\u012b ar m\u0101ksl\u012bgo sniegu un ievilkta \u0161p\u016bre klasiskajam solim, a\u0123ent\u016bru LETA inform\u0113ja Uzvaras parka trases uztur\u0113t\u0101js.<\/p>\n<p>Atv\u0113rts ar\u012b sl\u0113po\u0161anas invent\u0101ra nomas punkts. Invent\u0101ra noma tras\u0113 pieejama no plkst. 10 l\u012bdz 21. Pieaugu\u0161ajiem sl\u0113po\u0161anas invent\u0101rs maks\u0101 5 eiro stund\u0101, b\u0113rniem &#8211; 4 eiro stund\u0101.<\/p>\n<p><a href=\"https:\/\/nra.lv\/latvija\/509973-no-sodiens-tiek-atverts-viens-no-sleposnas-kalniem.htm\" data-item-link=\"true\" data-item-id=\"509973\" rel=\"nofollow noopener\" target=\"_blank\">Sl\u0113po\u0161anas <\/a>trase darbosies katru dienu no plkst. 10 l\u012bdz 21, kam\u0113r to \u013caus laikapst\u0101k\u013ci.<\/p>\n","protected":false},"excerpt":{"rendered":"Uzvaras park\u0101 atv\u0113rt\u0101 sl\u0113po\u0161anas trase ir papildin\u0101ta ar\u012b ar m\u0101ksl\u012bgo sniegu un ievilkta \u0161p\u016bre klasiskajam solim, a\u0123ent\u016bru LETA&hellip;\n","protected":false},"author":2,"featured_media":95189,"comment_status":"","ping_status":"","sticky":false,"template":"","format":"standard","meta":{"footnotes":""},"categories":[12],"tags":[23,28,29,32,33,22,30,31,35,39,38,36,37,34,40,20,26,27,24,25,21],"class_list":{"0":"post-95188","1":"post","2":"type-post","3":"status-publish","4":"format-standard","5":"has-post-thumbnail","7":"category-latvija","8":"tag-aktualitates","9":"tag-breaking-news","10":"tag-breakingnews","11":"tag-featured-news","12":"tag-featurednews","13":"tag-headlines","14":"tag-latest-news","15":"tag-latestnews","16":"tag-latvia","17":"tag-latvian","18":"tag-latviesu","19":"tag-latviesu-valoda","20":"tag-latviesuvaloda","21":"tag-latvija","22":"tag-lv","23":"tag-news","24":"tag-popularakas-zinas","25":"tag-popularakaszinas","26":"tag-top-stories","27":"tag-topstories","28":"tag-zinas"},"share_on_mastodon":{"url":"https:\/\/pubeurope.com\/@lv\/115842621488145057","error":""},"_links":{"self":[{"href":"https:\/\/www.europesays.com\/lv\/wp-json\/wp\/v2\/posts\/95188","targetHints":{"allow":["GET"]}}],"collection":[{"href":"https:\/\/www.europesays.com\/lv\/wp-json\/wp\/v2\/posts"}],"about":[{"href":"https:\/\/www.europesays.com\/lv\/wp-json\/wp\/v2\/types\/post"}],"author":[{"embeddable":true,"href":"https:\/\/www.europesays.com\/lv\/wp-json\/wp\/v2\/users\/2"}],"replies":[{"embeddable":true,"href":"https:\/\/www.europesays.com\/lv\/wp-json\/wp\/v2\/comments?post=95188"}],"version-history":[{"count":0,"href":"https:\/\/www.europesays.com\/lv\/wp-json\/wp\/v2\/posts\/95188\/revisions"}],"wp:featuredmedia":[{"embeddable":true,"href":"https:\/\/www.europesays.com\/lv\/wp-json\/wp\/v2\/media\/95189"}],"wp:attachment":[{"href":"https:\/\/www.europesays.com\/lv\/wp-json\/wp\/v2\/media?parent=95188"}],"wp:term":[{"taxonomy":"category","embeddable":true,"href":"https:\/\/www.europesays.com\/lv\/wp-json\/wp\/v2\/categories?post=95188"},{"taxonomy":"post_tag","embeddable":true,"href":"https:\/\/www.europesays.com\/lv\/wp-json\/wp\/v2\/tags?post=95188"}],"curies":[{"name":"wp","href":"https:\/\/api.w.org\/{rel}","templated":true}]}}