{"id":95193,"date":"2026-01-05T13:08:06","date_gmt":"2026-01-05T13:08:06","guid":{"rendered":"https:\/\/www.europesays.com\/lv\/95193\/"},"modified":"2026-01-05T13:08:06","modified_gmt":"2026-01-05T13:08:06","slug":"leonardo-di-kaprio-attalinati-sanem-balvu-palm-springs-festivala-venecuelas-krizes-del-lente-lv","status":"publish","type":"post","link":"https:\/\/www.europesays.com\/lv\/95193\/","title":{"rendered":"Leonardo Di Kaprio att\u0101lin\u0101ti sa\u0146em balvu &#8220;Palm Springs&#8221; festiv\u0101l\u0101 Venecu\u0113las kr\u012bzes d\u0113\u013c\u00a0\u2014\u00a0Lente.lv"},"content":{"rendered":"<p>Di Kaprio nesp\u0113j ierasties uz filmu balvu pasnieg\u0161anu<\/p>\n<p>Slavenais aktieris Leonardo Di Kaprio sestdien, 3. janv\u0101r\u012b, att\u0101lin\u0101ti sa\u0146\u0113mis Desert Palm balvu par sasniegumiem aktierm\u0101ksl\u0101 presti\u017eaj\u0101 Starptautiskaj\u0101 Palm Springsas filmu festiv\u0101l\u0101. Aktieris nevar\u0113ja ierasties kl\u0101tien\u0113, jo bija iesprostots Sentb\u0101rtsas sal\u0101, kur svin\u0113ja Jauno gadu. Vi\u0146a ce\u013co\u0161anu kav\u0113ja negaid\u012bti radu\u0161ies gaisa satiksmes ierobe\u017eojumi, kas saist\u012bti ar ASV milit\u0101raj\u0101m darb\u012bb\u0101m Venecu\u0113l\u0101. \u0160ie notikumi izrais\u012bja pla\u0161us gaisa telpas sl\u0113gumus, ietekm\u0113jot lidojumus vis\u0101 Dienvidkalifornijas re\u0123ion\u0101.<\/p>\n<p>Iemesli ce\u013co\u0161anas ierobe\u017eojumiem<\/p>\n<p>Palm Springsas Starptautisk\u0101 lidosta public\u0113ja pazi\u0146ojumu X platform\u0101, nor\u0101dot, ka aizlidojo\u0161ie reisi ir aptur\u0113ti Feder\u0101l\u0101s avi\u0101cijas administr\u0101cijas (FAA) gaisa satiksmes vad\u012bbas probl\u0113mu d\u0113\u013c, kas ietekm\u0113 Dienvidkalifornijas gaisa telpu. Lai gan lidma\u0161\u012bn\u0101m bija iesp\u0113ja ierasties, da\u017ei ielidojo\u0161ie reisi tika novirz\u012bti, un tika prognoz\u0113tas aizkav\u0113\u0161an\u0101s. Situ\u0101cija nebija specifiska tikai Palm Springsai, bet gan sk\u0101ra vair\u0101kas lidostas re\u0123ion\u0101. Zi\u0146ots, ka \u0161ie pas\u0101kumi tika veikti saist\u012bb\u0101 ar ASV milit\u0101ro oper\u0101ciju Venecu\u0113l\u0101, kuras rezult\u0101t\u0101 tika aiztur\u0113ts Venecu\u0113las prezidents Nikolass Maduro un vi\u0146a sieva.<\/p>\n<p>Di Kaprio uzruna festiv\u0101la apmekl\u0113t\u0101jiem<\/p>\n<p>Lai gan nevar\u0113ja ierasties kl\u0101tien\u0113, Di Kaprio saviem kol\u0113\u0123iem un skat\u012bt\u0101jiem nos\u016bt\u012bja videoierakst\u012btu uzrunu, kas tika demonstr\u0113ta festiv\u0101l\u0101. Aktieris uzsv\u0113ra kino noz\u012bm\u012bgumu: &#8220;Filmas joproj\u0101m ir dom\u0101tas baud\u012b\u0161anai kop\u0101, kinoz\u0101l\u0113. Tie\u0161i \u0161obr\u012bd \u0161\u012b p\u0101rliec\u012bba ir svar\u012bg\u0101ka nek\u0101 jebkad agr\u0101k. Ori\u0123in\u0101las filmas ir gr\u016bt\u0101k veidot un gr\u016bt\u0101k aizsarg\u0101t, bet filmas joproj\u0101m ir svar\u012bgas. Ne saturs, bet kino \u2013 st\u0101sti, ko rad\u012bju\u0161i cilv\u0113ki un kas paredz\u0113ti kop\u012bgai pieredzei tum\u0161\u0101 telp\u0101.&#8221; Aktiera viet\u0101 balvu sa\u0146\u0113ma vi\u0146a filmas &#8220;One Battle After Another&#8221; kol\u0113\u0123i Tejana Teilore (Teyana Taylor) un Keisa Infiniti (Chase Infiniti).<\/p>\n<p>Par balvu un filmu<\/p>\n<p>Desert Palm balva ir viena no noz\u012bm\u012bg\u0101kaj\u0101m balv\u0101m Palm Springsas filmu festiv\u0101l\u0101, un to pie\u0161\u0137ir par izciliem aktiersp\u0113les sasniegumiem. Iepriek\u0161\u0113jie balvas ieguv\u0113ji bie\u017ei ir biju\u0161i ar\u012b starp pretendentiem uz &#8220;Oskara&#8221; balvu. Di Kaprio balvu sa\u0146\u0113ma par vi\u0146a sniegumu Paulam Tomam Andersonam (Paul Thomas Anderson) re\u017eis\u0113taj\u0101 film\u0101 &#8220;One Battle After Another&#8221;. \u0160\u012b dr\u0101ma, kas da\u013c\u0113ji iedvesmojusies no Tomasa Pin\u010dona 1990. gada rom\u0101na &#8220;Vineland&#8221;, st\u0101sta par biju\u0161o atkar\u012bgo revolucion\u0101ru, kur\u0161 atkal satiekas ar saviem biju\u0161ajiem biedriem, lai gl\u0101btu savu pazudu\u0161o meitu, kad p\u0113c 16 gadiem atgrie\u017eas k\u0101ds sen aizmirsts ienaidnieks. Filma kop\u0161 izn\u0101k\u0161anas septembra beig\u0101s ir guvusi gan kriti\u0137u atzin\u012bbu, gan komerci\u0101lus pan\u0101kumus, pasaules kases ien\u0101kumos p\u0101rsniedzot 200 miljonus dol\u0101ru.<\/p>\n<p>Palm Springsas filmu festiv\u0101la noz\u012bme<\/p>\n<p>Palm Springsas Starptautiskais filmu festiv\u0101ls, kas tika uzs\u0101kts 1990. gad\u0101, ir viens no noz\u012bm\u012bg\u0101kajiem agr\u012bn\u0101 apbalvojumu sezonas pas\u0101kumiem Holivud\u0101, iez\u012bm\u0113jot s\u0101kumu pretendentu ce\u013cam uz Oskara balv\u0101m. Festiv\u0101ls norisin\u0101sies no 2. l\u012bdz 12. janv\u0101rim, un t\u0101 ietvaros notiek ar\u012b filmu balvu pasnieg\u0161anas ceremonija. Aktieris Leonardo Di Kaprio savulaik ir ieg\u0101d\u0101jies \u012bpa\u0161umu pa\u0161\u0101 Palmspringsas pils\u0113t\u0101, kas savieno vi\u0146u ar \u0161o re\u0123ionu un t\u0101 v\u0113sturi, kas cie\u0161i saist\u012bta ar Holivudu.<\/p>\n","protected":false},"excerpt":{"rendered":"Di Kaprio nesp\u0113j ierasties uz filmu balvu pasnieg\u0161anu Slavenais aktieris Leonardo Di Kaprio sestdien, 3. janv\u0101r\u012b, att\u0101lin\u0101ti sa\u0146\u0113mis&hellip;\n","protected":false},"author":2,"featured_media":95194,"comment_status":"","ping_status":"","sticky":false,"template":"","format":"standard","meta":{"footnotes":""},"categories":[19],"tags":[23706,89,90,35,39,38,36,37,34,18010,40,23705,23708,23707],"class_list":{"0":"post-95193","1":"post","2":"type-post","3":"status-publish","4":"format-standard","5":"has-post-thumbnail","7":"category-izklaide","8":"tag-desert-palm-award","9":"tag-entertainment","10":"tag-izklaide","11":"tag-latvia","12":"tag-latvian","13":"tag-latviesu","14":"tag-latviesu-valoda","15":"tag-latviesuvaloda","16":"tag-latvija","17":"tag-leonardo-dicaprio","18":"tag-lv","19":"tag-palm-springs-film-festival","20":"tag-remote-acceptance","21":"tag-venezuela-crisis"},"share_on_mastodon":{"url":"https:\/\/pubeurope.com\/@lv\/115842652744864440","error":""},"_links":{"self":[{"href":"https:\/\/www.europesays.com\/lv\/wp-json\/wp\/v2\/posts\/95193","targetHints":{"allow":["GET"]}}],"collection":[{"href":"https:\/\/www.europesays.com\/lv\/wp-json\/wp\/v2\/posts"}],"about":[{"href":"https:\/\/www.europesays.com\/lv\/wp-json\/wp\/v2\/types\/post"}],"author":[{"embeddable":true,"href":"https:\/\/www.europesays.com\/lv\/wp-json\/wp\/v2\/users\/2"}],"replies":[{"embeddable":true,"href":"https:\/\/www.europesays.com\/lv\/wp-json\/wp\/v2\/comments?post=95193"}],"version-history":[{"count":0,"href":"https:\/\/www.europesays.com\/lv\/wp-json\/wp\/v2\/posts\/95193\/revisions"}],"wp:featuredmedia":[{"embeddable":true,"href":"https:\/\/www.europesays.com\/lv\/wp-json\/wp\/v2\/media\/95194"}],"wp:attachment":[{"href":"https:\/\/www.europesays.com\/lv\/wp-json\/wp\/v2\/media?parent=95193"}],"wp:term":[{"taxonomy":"category","embeddable":true,"href":"https:\/\/www.europesays.com\/lv\/wp-json\/wp\/v2\/categories?post=95193"},{"taxonomy":"post_tag","embeddable":true,"href":"https:\/\/www.europesays.com\/lv\/wp-json\/wp\/v2\/tags?post=95193"}],"curies":[{"name":"wp","href":"https:\/\/api.w.org\/{rel}","templated":true}]}}