{"id":95195,"date":"2026-01-05T13:12:10","date_gmt":"2026-01-05T13:12:10","guid":{"rendered":"https:\/\/www.europesays.com\/lv\/95195\/"},"modified":"2026-01-05T13:12:10","modified_gmt":"2026-01-05T13:12:10","slug":"no-2026-gada-stingraka-atbildiba-sunu-ipasniekiem-paredzeta-ari-eitanazija-lente-lv","status":"publish","type":"post","link":"https:\/\/www.europesays.com\/lv\/95195\/","title":{"rendered":"No 2026. gada stingr\u0101ka atbild\u012bba su\u0146u \u012bpa\u0161niekiem; paredz\u0113ta ar\u012b eitan\u0101zija\u00a0\u2014\u00a0Lente.lv"},"content":{"rendered":"<p>Su\u0146u \u012bpa\u0161nieku atbild\u012bba pastiprin\u0101sies no 2026. gada 1. janv\u0101ra<\/p>\n<p>Ar 2026. gada 1. janv\u0101ri Latvij\u0101 st\u0101sies sp\u0113k\u0101 izmai\u0146as likumdo\u0161an\u0101, kas iev\u0113rojami pastiprin\u0101s su\u0146u \u012bpa\u0161nieku atbild\u012bbu. K\u0101 inform\u0113 port\u0101ls NRA, groz\u012bjumi paredz ar\u012b stingr\u0101kus nosac\u012bjumus gad\u012bjumos, kad suns nodar\u012bjis smagus miesas boj\u0101jumus vai izrais\u012bjis cilv\u0113ka n\u0101vi.<\/p>\n<p>Jauni pien\u0101kumi su\u0146u \u012bpa\u0161niekiem<\/p>\n<p>Groz\u012bjumi Dz\u012bvnieku aizsardz\u012bbas likum\u0101 paredz, ka su\u0146a \u012bpa\u0161niekiem, kuriem jau bijusi sod\u0101m\u012bba par su\u0146a uzbrukumu cilv\u0113kam vai citam dz\u012bvniekam, b\u016bs oblig\u0101ti j\u0101apmekl\u0113 apm\u0101c\u012bbas par dz\u012bvnieku labtur\u012bbu un aizsardz\u012bbu. T\u0101pat \u012bpa\u0161niekiem b\u016bs j\u0101nodro\u0161ina sava su\u0146a apm\u0101c\u012bba.<\/p>\n<p>Lai uzlabotu dz\u012bvnieku uzved\u012bbas un dro\u0161\u012bbas nov\u0113rt\u0113\u0161anu, su\u0146iem, kuru \u012bpa\u0161nieki sod\u012bti par uzbrukumiem, tiks veikta atz\u012bme m\u0101jas (istabas) dz\u012bvnieku re\u0123istr\u0101. \u0160\u012b atz\u012bme netiks dz\u0113sta su\u0146a m\u016b\u017ea laik\u0101. \u0160\u0101ds pas\u0101kums paredz\u0113ts, lai sabiedr\u012bba un citas instit\u016bcijas b\u016btu inform\u0113tas par potenci\u0101li b\u012bstamiem dz\u012bvniekiem.<\/p>\n<p>Pras\u012bba eitan\u0101zijai smagos gad\u012bjumos<\/p>\n<p>Viena no b\u016btisk\u0101kaj\u0101m izmai\u0146\u0101m ir stingr\u0101ka r\u012bc\u012bba gad\u012bjumos, kad suns nodar\u012bjis smagus miesas boj\u0101jumus vai izrais\u012bjis cilv\u0113ka n\u0101vi. Ja \u012bpa\u0161nieks vai tur\u0113t\u0101js ir sod\u012bts saska\u0146\u0101 ar Krimin\u0101llikuma 230.1 panta otro da\u013cu, kas paredz sodu par smagiem miesas boj\u0101jumiem vai cilv\u0113ka n\u0101ves izrais\u012b\u0161anu, sunim noteikta oblig\u0101ta eitan\u0101zija. Tas ir radik\u0101ls solis, kas v\u0113rsts uz sabiedr\u012bbas dro\u0161\u012bbas maksim\u0101lu nodro\u0161in\u0101\u0161anu.<\/p>\n<p>Izmai\u0146as dz\u012bvnieku p\u0101rvad\u0101\u0161an\u0101 un administrat\u012bvaj\u0101 atbild\u012bb\u0101<\/p>\n<p>L\u012bdz ar jaunajiem noteikumiem ir main\u012bta ar\u012b kompetence administrat\u012bvo p\u0101rk\u0101pumu lietu izskat\u012b\u0161an\u0101 saist\u012bb\u0101 ar dz\u012bvnieku p\u0101rvad\u0101\u0161anu transportl\u012bdzek\u013cos. Turpm\u0101k Valsts policija var\u0113s gan izskat\u012bt \u0161\u0101das administrat\u012bv\u0101 p\u0101rk\u0101puma lietas, gan pie\u0146emt l\u0113mumus, agr\u0101k da\u013cu \u0161o funkciju veica P\u0101rtikas un veterin\u0101rais dienests. T\u0101pat ir saska\u0146ots soda naudas apm\u0113rs ar Ce\u013cu satiksmes likum\u0101 noteiktajiem sodiem par pasa\u017eieru p\u0101rvad\u0101jumu noteikumu p\u0101rk\u0101p\u0161anu, samazinot sodus fizisk\u0101m person\u0101m no 250 uz 70 eiro un juridiskaj\u0101m person\u0101m no 500 uz 250 eiro.<\/p>\n<p>Bezmaksas pakalpojumi un Ukrainas civiliedz\u012bvot\u0101ju atbalsta izmai\u0146as<\/p>\n<p>No 2026. gada 1. janv\u0101ra ar\u012b tiks atcelti valsts atbalsti dz\u012bvnieku re\u0123istr\u0101cijai un oblig\u0101to vesel\u012bbas pras\u012bbu nodro\u0161in\u0101\u0161anai Ukrainas civiliedz\u012bvot\u0101jiem, kuri Latvij\u0101 iece\u013co kop\u0101 ar su\u0146iem, ka\u0137iem vai seskiem. \u0160\u012b izmai\u0146a veikta, lai samazin\u0101tu valsts bud\u017eeta izdevumus. Savuk\u0101rt, cirka dz\u012bvnieku, dres\u016bras dz\u012bvnieku re\u0123istr\u0101cija, cirka un dres\u016bras numuru viesizr\u0101\u017eu vietas re\u0123istr\u0101cija un su\u0146a re\u0123istr\u0101cija, kur\u0161 apm\u0101c\u012bts uzbrukt cilv\u0113kam, turpm\u0101k b\u016bs bez maksas.<\/p>\n","protected":false},"excerpt":{"rendered":"Su\u0146u \u012bpa\u0161nieku atbild\u012bba pastiprin\u0101sies no 2026. gada 1. janv\u0101ra Ar 2026. gada 1. janv\u0101ri Latvij\u0101 st\u0101sies sp\u0113k\u0101 izmai\u0146as&hellip;\n","protected":false},"author":2,"featured_media":95196,"comment_status":"","ping_status":"","sticky":false,"template":"","format":"standard","meta":{"footnotes":""},"categories":[12],"tags":[23,28,29,12025,23710,6454,32,33,22,30,31,35,39,38,36,37,34,40,20,26,27,12027,23709,24,25,21],"class_list":{"0":"post-95195","1":"post","2":"type-post","3":"status-publish","4":"format-standard","5":"has-post-thumbnail","7":"category-latvija","8":"tag-aktualitates","9":"tag-breaking-news","10":"tag-breakingnews","11":"tag-dzivnieku-aizsardzibas-likums","12":"tag-dzivnieku-parvadasana","13":"tag-eitanazija","14":"tag-featured-news","15":"tag-featurednews","16":"tag-headlines","17":"tag-latest-news","18":"tag-latestnews","19":"tag-latvia","20":"tag-latvian","21":"tag-latviesu","22":"tag-latviesu-valoda","23":"tag-latviesuvaloda","24":"tag-latvija","25":"tag-lv","26":"tag-news","27":"tag-popularakas-zinas","28":"tag-popularakaszinas","29":"tag-sunu-ipasnieku-atbildiba","30":"tag-sunu-uzbrukumi","31":"tag-top-stories","32":"tag-topstories","33":"tag-zinas"},"share_on_mastodon":{"url":"https:\/\/pubeurope.com\/@lv\/115842668574093606","error":""},"_links":{"self":[{"href":"https:\/\/www.europesays.com\/lv\/wp-json\/wp\/v2\/posts\/95195","targetHints":{"allow":["GET"]}}],"collection":[{"href":"https:\/\/www.europesays.com\/lv\/wp-json\/wp\/v2\/posts"}],"about":[{"href":"https:\/\/www.europesays.com\/lv\/wp-json\/wp\/v2\/types\/post"}],"author":[{"embeddable":true,"href":"https:\/\/www.europesays.com\/lv\/wp-json\/wp\/v2\/users\/2"}],"replies":[{"embeddable":true,"href":"https:\/\/www.europesays.com\/lv\/wp-json\/wp\/v2\/comments?post=95195"}],"version-history":[{"count":0,"href":"https:\/\/www.europesays.com\/lv\/wp-json\/wp\/v2\/posts\/95195\/revisions"}],"wp:featuredmedia":[{"embeddable":true,"href":"https:\/\/www.europesays.com\/lv\/wp-json\/wp\/v2\/media\/95196"}],"wp:attachment":[{"href":"https:\/\/www.europesays.com\/lv\/wp-json\/wp\/v2\/media?parent=95195"}],"wp:term":[{"taxonomy":"category","embeddable":true,"href":"https:\/\/www.europesays.com\/lv\/wp-json\/wp\/v2\/categories?post=95195"},{"taxonomy":"post_tag","embeddable":true,"href":"https:\/\/www.europesays.com\/lv\/wp-json\/wp\/v2\/tags?post=95195"}],"curies":[{"name":"wp","href":"https:\/\/api.w.org\/{rel}","templated":true}]}}