{"id":95250,"date":"2026-01-05T13:59:17","date_gmt":"2026-01-05T13:59:17","guid":{"rendered":"https:\/\/www.europesays.com\/lv\/95250\/"},"modified":"2026-01-05T13:59:17","modified_gmt":"2026-01-05T13:59:17","slug":"ziemelkoreja-izsauj-ballistiskas-raketes-uz-juru-pirms-dienvidkorejas-lidera-vizites-kina-lente-lv","status":"publish","type":"post","link":"https:\/\/www.europesays.com\/lv\/95250\/","title":{"rendered":"Zieme\u013ckoreja iz\u0161auj ballistisk\u0101s ra\u0137etes uz j\u016bru pirms Dienvidkorejas l\u012bdera viz\u012btes \u0136\u012bn\u0101\u00a0\u2014\u00a0Lente.lv"},"content":{"rendered":"<p>Zieme\u013ckoreja veic ra\u0137e\u0161u izm\u0113\u0123in\u0101jumus<\/p>\n<p>Dienvidkorejas Apvienot\u0101 \u0161t\u0101bu priek\u0161nieku komiteja sv\u0113tdien pazi\u0146oja, ka Zieme\u013ckoreja iz\u0161\u0101vusi vair\u0101kas ballistisk\u0101s ra\u0137etes uz saviem austrumu \u016bde\u0146iem. K\u0101 inform\u0113 telekan\u0101ls EuroNews, tika konstat\u0113ti vair\u0101ki ballistisko ra\u0137e\u0161u palai\u0161anas gad\u012bjumi no Zieme\u013ckorejas galvaspils\u0113tas re\u0123iona sv\u0113tdienas r\u012bt\u0101. Ra\u0137etes lidoju\u0161as aptuveni 900 kilometrus, un Dienvidkorejas un ASV amatpersonas veic detaliz\u0113tu izm\u0113\u0123in\u0101jumu anal\u012bzi.<\/p>\n<p>Dienvidkorejas Aizsardz\u012bbas ministrija nor\u0101d\u012bja, ka \u0161ie izm\u0113\u0123in\u0101jumi ir Zieme\u013ckorejas p\u0101rk\u0101pums pret ANO Dro\u0161\u012bbas padomes rezol\u016bcij\u0101m, kas aizliedz jebk\u0101das ballistisk\u0101s darb\u012bbas. T\u0101 aicin\u0101ja Zieme\u013ckoreju nekav\u0113joties izbeigt provokat\u012bv\u0101s darb\u012bbas un ats\u0101kt sarunas, lai atjaunotu mieru Korejas pussal\u0101.<\/p>\n<p>Viz\u012bte \u0136\u012bn\u0101 un diplom\u0101tisk\u0101s sekas<\/p>\n<p>\u0160ie Zieme\u013ckorejas ra\u0137e\u0161u izm\u0113\u0123in\u0101jumi notika tikai da\u017eas stundas pirms Dienvidkorejas prezidenta L\u012b D\u017ee Mjuna (Lee Jae Myung) do\u0161an\u0101s uz \u0136\u012bnu, kur paredz\u0113ta vi\u0146a tik\u0161an\u0101s ar \u0136\u012bnas prezidentu Sji Dzji\u0146piru (Xi Jinping). \u010cetru dienu viz\u012btes laik\u0101 L\u012b paredz\u0113jis l\u016bgt \u0136\u012bnu, kas ir Zieme\u013ckorejas galven\u0101 sabiedrot\u0101 un liel\u0101k\u0101 tirdzniec\u012bbas partnere, uz\u0146emties \u201ckonstrukt\u012bvu lomu\u201d centienos veicin\u0101t mieru Korejas pussal\u0101.<\/p>\n<p>Jap\u0101nas aizsardz\u012bbas ministrs \u0160ind\u017eiro Koizumi apstiprin\u0101ja, ka ir konstat\u0113ti vismaz divi Zieme\u013ckorejas veikti ra\u0137e\u0161u izm\u0113\u0123in\u0101jumi. Vi\u0146\u0161 \u017eurn\u0101listiem sac\u012bja: \u201cTie ir nopietns probl\u0113ma, kas apdraud m\u016bsu valsts, re\u0123iona un pasaules mieru un dro\u0161\u012bbu.\u201d<\/p>\n<p>Zieme\u013ckorejas milit\u0101r\u0101 demonstr\u0101cija un politiskais konteksts<\/p>\n<p>\u0160ie izm\u0113\u0123in\u0101jumi ir jaun\u0101k\u0101 Zieme\u013ckorejas demonstr\u0101cija milit\u0101raj\u0101 jom\u0101 p\u0113d\u0113jo ned\u0113\u013cu laik\u0101. Eksperti nor\u0101da, ka Zieme\u013ckoreja cen\u0161as demonstr\u0113t savus sasniegumus aizsardz\u012bbas nozar\u0113 pirms gaid\u0101m\u0101 Tautas darba partijas kongresa, kas b\u016bs pirmais piecu gadu laik\u0101. Nov\u0113rot\u0101ji piev\u0113r\u0161 uzman\u012bbu partijas kongresam, lai noskaidrotu, vai Zieme\u013ckoreja noteiks jaunu politiku attiec\u012bb\u0101 uz ASV un ats\u0101ks ilgsto\u0161i aizkav\u0113t\u0101s sarunas starp ab\u0101m valst\u012bm.<\/p>\n<p>Zieme\u013ckorejas l\u012bderis Kims \u010cenuns (Kim Jong-un) ar\u012b ir stiprin\u0101jis savu diplom\u0101tisko ietekmi, sadarbojoties ar Krieviju attiec\u012bb\u0101 uz karu Ukrain\u0101 un padzi\u013cinot attiec\u012bbas ar \u0136\u012bnu. Nov\u0113rot\u0101ji uzskata, ka Kims b\u016bs p\u0101rliecin\u0101ts par savu pieaugo\u0161o ietekmi, lai pan\u0101ktu piek\u0101p\u0161anos no ASV prezidenta, ja notiktu jaunas sarunas.<\/p>\n<p>Zieme\u013ckoreja nav pazi\u0146ojusi prec\u012bzu kongresa norises datumu, ta\u010du Dienvidkorejas izl\u016bkdienests prognoz\u0113, ka tas notiks janv\u0101r\u012b vai febru\u0101r\u012b. Dienvidkoreja un ASV jau ilgu laiku aicina \u0136\u012bnu izmantot savu ietekmi uz Zieme\u013ckoreju, lai mudin\u0101tu to atgriezties pie sarunu galda vai atteikties no kodolprogrammas. Tom\u0113r past\u0101v jaut\u0101jumi par to, cik liela ietekme \u0136\u012bnai paties\u012bb\u0101 ir uz savu kaimi\u0146valsti. \u0136\u012bna kop\u0101 ar Krieviju p\u0113d\u0113jos gados ir atk\u0101rtoti blo\u0137\u0113jusi ASV un citu valstu centienus pastiprin\u0101t ekonomisk\u0101s sankcijas pret Zieme\u013ckoreju.<\/p>\n<p>Dienvidkorejas atbilde<\/p>\n<p>Sv\u0113tdienas v\u0113l\u0101k\u0101 vakar\u0101 Dienvidkoreja sasauca \u0101rk\u0101rtas nacion\u0101l\u0101s dro\u0161\u012bbas padomes s\u0113di, lai apspriestu Zieme\u013ckorejas ra\u0137e\u0161u izm\u0113\u0123in\u0101jumus. Saska\u0146\u0101 ar prezidenta kancelejas sniegto inform\u0101ciju, padome prezidentam L\u012b sniegusi inform\u0101ciju par izm\u0113\u0123in\u0101jumiem un nepaskaidrotiem Dienvidkorejas so\u013ciem.<\/p>\n","protected":false},"excerpt":{"rendered":"Zieme\u013ckoreja veic ra\u0137e\u0161u izm\u0113\u0123in\u0101jumus Dienvidkorejas Apvienot\u0101 \u0161t\u0101bu priek\u0161nieku komiteja sv\u0113tdien pazi\u0146oja, ka Zieme\u013ckoreja iz\u0161\u0101vusi vair\u0101kas ballistisk\u0101s ra\u0137etes uz&hellip;\n","protected":false},"author":2,"featured_media":95251,"comment_status":"","ping_status":"","sticky":false,"template":"","format":"standard","meta":{"footnotes":""},"categories":[14],"tags":[23,57,9531,28,29,2378,334,32,33,22,4213,30,31,35,39,38,36,37,34,40,20,26,27,24,25,54,55,56,4214,21,58],"class_list":{"0":"post-95250","1":"post","2":"type-post","3":"status-publish","4":"format-standard","5":"has-post-thumbnail","7":"category-zinas-no-arvalstim","8":"tag-aktualitates","9":"tag-arvalstim","10":"tag-ballistiskas-raketes","11":"tag-breaking-news","12":"tag-breakingnews","13":"tag-dienvidkoreja","14":"tag-drosiba","15":"tag-featured-news","16":"tag-featurednews","17":"tag-headlines","18":"tag-kina","19":"tag-latest-news","20":"tag-latestnews","21":"tag-latvia","22":"tag-latvian","23":"tag-latviesu","24":"tag-latviesu-valoda","25":"tag-latviesuvaloda","26":"tag-latvija","27":"tag-lv","28":"tag-news","29":"tag-popularakas-zinas","30":"tag-popularakaszinas","31":"tag-top-stories","32":"tag-topstories","33":"tag-world","34":"tag-world-news","35":"tag-worldnews","36":"tag-ziemelkoreja","37":"tag-zinas","38":"tag-zinas-no-arvalstim"},"share_on_mastodon":{"url":"https:\/\/pubeurope.com\/@lv\/115842853477975318","error":""},"_links":{"self":[{"href":"https:\/\/www.europesays.com\/lv\/wp-json\/wp\/v2\/posts\/95250","targetHints":{"allow":["GET"]}}],"collection":[{"href":"https:\/\/www.europesays.com\/lv\/wp-json\/wp\/v2\/posts"}],"about":[{"href":"https:\/\/www.europesays.com\/lv\/wp-json\/wp\/v2\/types\/post"}],"author":[{"embeddable":true,"href":"https:\/\/www.europesays.com\/lv\/wp-json\/wp\/v2\/users\/2"}],"replies":[{"embeddable":true,"href":"https:\/\/www.europesays.com\/lv\/wp-json\/wp\/v2\/comments?post=95250"}],"version-history":[{"count":0,"href":"https:\/\/www.europesays.com\/lv\/wp-json\/wp\/v2\/posts\/95250\/revisions"}],"wp:featuredmedia":[{"embeddable":true,"href":"https:\/\/www.europesays.com\/lv\/wp-json\/wp\/v2\/media\/95251"}],"wp:attachment":[{"href":"https:\/\/www.europesays.com\/lv\/wp-json\/wp\/v2\/media?parent=95250"}],"wp:term":[{"taxonomy":"category","embeddable":true,"href":"https:\/\/www.europesays.com\/lv\/wp-json\/wp\/v2\/categories?post=95250"},{"taxonomy":"post_tag","embeddable":true,"href":"https:\/\/www.europesays.com\/lv\/wp-json\/wp\/v2\/tags?post=95250"}],"curies":[{"name":"wp","href":"https:\/\/api.w.org\/{rel}","templated":true}]}}