{"id":95315,"date":"2026-01-05T14:57:06","date_gmt":"2026-01-05T14:57:06","guid":{"rendered":"https:\/\/www.europesays.com\/lv\/95315\/"},"modified":"2026-01-05T14:57:06","modified_gmt":"2026-01-05T14:57:06","slug":"denveras-nuggets-saskaras-ar-traumu-epidemiju-jonass-valancuns-izslegts-uz-menesi-lente-lv","status":"publish","type":"post","link":"https:\/\/www.europesays.com\/lv\/95315\/","title":{"rendered":"Denveras &#8220;Nuggets&#8221; saskaras ar &#8220;traumu epid\u0113miju&#8221;; Jonass Valan\u010d\u016bns izsl\u0113gts uz m\u0113nesi\u00a0\u2014\u00a0Lente.lv"},"content":{"rendered":"<p>&#8220;Nuggets&#8221; sastapu\u0161ies ar vesel\u012bbas kr\u012bzi<\/p>\n<p>Denveras &#8220;Nuggets&#8221; komanda, kas c\u012bn\u0101s par NBA \u010dempiontitulu, saskaras ar nopietnu traumu kr\u012bzi, kas ietekm\u0113 t\u0101s sast\u0101vu. P\u0113d\u0113j\u0101 zi\u0146a ir par lietuvie\u0161u centra sp\u0113l\u0113t\u0101ju Jonu Valan\u010d\u016bnu, kur\u0161, k\u0101 ceturtdien pazi\u0146oja klubs, nevar\u0113s pal\u012bdz\u0113t komandai aptuveni m\u0113nesi pot\u012btes traumas d\u0113\u013c.. \u0160\u012b Valan\u010d\u016bna trauma pievienojas jau eso\u0161ajam garajam traumu sarakstam, kas sk\u0101ris komandu p\u0113d\u0113j\u0101 laik\u0101. K\u0101 zi\u0146o telekan\u0101ls TV3.<\/p>\n<p>Galvenie sp\u0113l\u0113t\u0101ji uz &#8220;l\u0101vi\u0146as&#8221;<\/p>\n<p>Pa\u0161laik &#8220;Nuggets&#8221; ir bez vair\u0101kiem svar\u012bgiem sp\u0113l\u0113t\u0101jiem. Nikola Joki\u010ds guvis ce\u013cgala savainojumu, kas vi\u0146u izsl\u0113dzis no sp\u0113l\u0113m uz nenoteiktu laiku.. Papildus tam nesp\u0113l\u0113 ar\u012b Kamerons D\u017eonsons ar ce\u013cgala savainojumu un \u0100rons Gordons, kur\u0161 guvis aug\u0161stilba muskuli.. Kristians Brauns ar\u012b ir starp savainotajiem ar pot\u012btes traumu.. Savuk\u0101rt D\u0101viss Bert\u0101ns, kur\u0161 iepriek\u0161 p\u0101rst\u0101v\u0113ja &#8220;Nuggets&#8221;, \u0161obr\u012bd nav min\u0113ts k\u0101 savainots, bet vi\u0146a pa\u0161reiz\u0113j\u0101 komanda un statuss nav skaidri p\u0113c 2022. gada mekl\u0113jumiem, kad vi\u0146\u0161 sp\u0113l\u0113ja Indianas &#8220;Pacers&#8221;.<\/p>\n<p>Situ\u0101cijas nopietn\u012bba un sekas<\/p>\n<p>\u0160\u012b pla\u0161\u0101 traumu saraksta situ\u0101cija ir \u013coti nopietna Denveras komandai, jo \u012bpa\u0161i \u0146emot v\u0113r\u0101, ka t\u0101 ir viena no Rietumu konferences l\u012bder\u0113m, ie\u0146emot 3. vietu ar bilanci 23-12 pirms Valan\u010d\u016bna savainojuma zi\u0146\u0101m.. Bez saviem galvenajiem centra sp\u0113l\u0113t\u0101jiem, komandai ir j\u0101sp\u0113l\u0113 ar \u013coti ierobe\u017eotu priek\u0161\u0113j\u0101s l\u012bnijas rot\u0101ciju. \u0160obr\u012bd vien\u012bgie pieejamie priek\u0161\u0113j\u0101s l\u012bnijas sp\u0113l\u0113t\u0101ji ir Deirons Holms II un Zeks Nnaji, kuri parasti sp\u0113l\u0113 vair\u0101k k\u0101 sp\u0113ka uzbruc\u0113ji.. Tas noz\u012bm\u0113, ka komandai n\u0101ksies bie\u017ei sp\u0113l\u0113t ar maziem sast\u0101viem un pa\u013cauties uz \u0101trumu un metienu sp\u0113ju.. Lai gan \u0100rons Gordons un Kristians Brauns ir atgriezu\u0161ies treni\u0146os un ir atz\u012bm\u0113ti k\u0101 jaut\u0101juma z\u012bme, vi\u0146u pilnv\u0113rt\u012bgais atgrie\u0161an\u0101s un ietekme v\u0113l ir j\u0101redz.. \u0100rona Gordona atgrie\u0161an\u0101s jau ir notikusi, guvis 20 punktus pret &#8220;Nets&#8221;, ta\u010du komanda joproj\u0101m zaud\u0113ja.<\/p>\n<p>Latvie\u0161u basketbolisti NBA<\/p>\n<p>Latvijas basketbola p\u0101rst\u0101vniec\u012bba NBA ir bijusi iev\u0113rojama, lai gan ne vienm\u0113r liela skaitliski. Laika gait\u0101 NBA ir sp\u0113l\u0113ju\u0161i t\u0101di latvie\u0161u basketbolisti k\u0101 Andris Biedri\u0146\u0161, D\u0101vis Bert\u0101ns, Rodions Kurucs, Kristaps Porzi\u0146\u0123is un citi.. Jonass Valan\u010d\u016bns, lai gan ir lietuvietis, ir no Baltijas valst\u012bm, kur basketbols ir \u013coti popul\u0101rs.. \u0160obr\u012bd Latvijai NBA ir p\u0101rst\u0101v\u0113ts ar vair\u0101kiem talant\u012bgiem sp\u0113l\u0113t\u0101jiem, un Valan\u010d\u016bna, k\u0101 Lietuvas izlases dal\u012bbnieka, savainojums ir j\u016btams vis\u0101 re\u0123ion\u0101.<\/p>\n<p>N\u0101kotnes prognozes un izaicin\u0101jumi<\/p>\n<p>Ar tik daudziem savainojumiem, &#8220;Nuggets&#8221; st\u0101v lielu izaicin\u0101jumu priek\u0161\u0101, lai saglab\u0101tu savu poz\u012bciju Rietumu konferenc\u0113. Komandas trenerim Deividam Adelmanim b\u016bs j\u0101izmanto visa savu rado\u0161umu, lai veidotu sp\u0113l\u0113jo\u0161u sast\u0101vu un saglab\u0101tu konkur\u0113tsp\u0113ju.. Gaid\u0101ms, ka D\u017eemals Marejs uz\u0146emsies v\u0113l liel\u0101ku l\u012bdera lomu, neskatoties uz sav\u0101m pot\u012btes probl\u0113m\u0101m.. N\u0101kamais &#8220;Nuggets&#8221; ma\u010ds ir pret Toronto &#8220;Raptors&#8221; paredz\u0113ts 2026. gada 1. janv\u0101r\u012b.. \u0160\u012b &#8220;traumu epid\u0113mija&#8221; var\u0113tu b\u016bt iz\u0161\u0137iro\u0161a sezonas turpin\u0101jumam un komandas izredz\u0113m c\u012bn\u012bties par NBA \u010dempiona titulu.<\/p>\n","protected":false},"excerpt":{"rendered":"&#8220;Nuggets&#8221; sastapu\u0161ies ar vesel\u012bbas kr\u012bzi Denveras &#8220;Nuggets&#8221; komanda, kas c\u012bn\u0101s par NBA \u010dempiontitulu, saskaras ar nopietnu traumu kr\u012bzi,&hellip;\n","protected":false},"author":2,"featured_media":95316,"comment_status":"","ping_status":"","sticky":false,"template":"","format":"standard","meta":{"footnotes":""},"categories":[17],"tags":[145,22516,23731,35,39,38,36,37,34,40,1258,23732,67],"class_list":{"0":"post-95315","1":"post","2":"type-post","3":"status-publish","4":"format-standard","5":"has-post-thumbnail","7":"category-sports","8":"tag-basketbols","9":"tag-denver-nuggets","10":"tag-jonas-valanciunas","11":"tag-latvia","12":"tag-latvian","13":"tag-latviesu","14":"tag-latviesu-valoda","15":"tag-latviesuvaloda","16":"tag-latvija","17":"tag-lv","18":"tag-nba","19":"tag-savainojumi","20":"tag-sports"},"share_on_mastodon":{"url":"https:\/\/pubeurope.com\/@lv\/115843081343744506","error":""},"_links":{"self":[{"href":"https:\/\/www.europesays.com\/lv\/wp-json\/wp\/v2\/posts\/95315","targetHints":{"allow":["GET"]}}],"collection":[{"href":"https:\/\/www.europesays.com\/lv\/wp-json\/wp\/v2\/posts"}],"about":[{"href":"https:\/\/www.europesays.com\/lv\/wp-json\/wp\/v2\/types\/post"}],"author":[{"embeddable":true,"href":"https:\/\/www.europesays.com\/lv\/wp-json\/wp\/v2\/users\/2"}],"replies":[{"embeddable":true,"href":"https:\/\/www.europesays.com\/lv\/wp-json\/wp\/v2\/comments?post=95315"}],"version-history":[{"count":0,"href":"https:\/\/www.europesays.com\/lv\/wp-json\/wp\/v2\/posts\/95315\/revisions"}],"wp:featuredmedia":[{"embeddable":true,"href":"https:\/\/www.europesays.com\/lv\/wp-json\/wp\/v2\/media\/95316"}],"wp:attachment":[{"href":"https:\/\/www.europesays.com\/lv\/wp-json\/wp\/v2\/media?parent=95315"}],"wp:term":[{"taxonomy":"category","embeddable":true,"href":"https:\/\/www.europesays.com\/lv\/wp-json\/wp\/v2\/categories?post=95315"},{"taxonomy":"post_tag","embeddable":true,"href":"https:\/\/www.europesays.com\/lv\/wp-json\/wp\/v2\/tags?post=95315"}],"curies":[{"name":"wp","href":"https:\/\/api.w.org\/{rel}","templated":true}]}}