{"id":95317,"date":"2026-01-05T14:59:05","date_gmt":"2026-01-05T14:59:05","guid":{"rendered":"https:\/\/www.europesays.com\/lv\/95317\/"},"modified":"2026-01-05T14:59:05","modified_gmt":"2026-01-05T14:59:05","slug":"francija-desmit-cilveki-notiesati-par-kibermobingu-pret-pirmo-lediju-brizitu-makronu-raksts","status":"publish","type":"post","link":"https:\/\/www.europesays.com\/lv\/95317\/","title":{"rendered":"Francij\u0101 desmit cilv\u0113ki noties\u0101ti par kibermobingu pret pirmo l\u0113diju Bri\u017eitu Makronu \/ Raksts"},"content":{"rendered":"<p>Francij\u0101 desmit cilv\u0113ki noties\u0101ti par kibermobingu pret pirmo l\u0113diju Bri\u017eitu Makronu, izplatot melus par vi\u0146as dzimumu un seksualit\u0101ti, tostarp apgalvojumus, ka vi\u0146a piedzimusi k\u0101 v\u012brietis.<\/p>\n<p>Liel\u0101kajai da\u013cai aps\u016bdz\u0113to piespriests nosac\u012bts cietumsods no \u010detriem l\u012bdz asto\u0146iem m\u0113ne\u0161iem, bet vienu\u00a0aps\u016bdz\u0113to uzreiz\u00a0apcietin\u0101ja.<\/p>\n<blockquote>\n<p>Visiem desmit aps\u016bdz\u0113tajiem b\u016bs j\u0101apmekl\u0113 kursi par kibermobingu un t\u0101 nov\u0113r\u0161anu, k\u0101 ar\u012b vairumam no vi\u0146iem uz se\u0161iem m\u0113ne\u0161iem liegs piek\u013cuvi\u00a0soci\u0101lajiem t\u012bkliem, kuros vi\u0146i public\u0113ja savus ierakstus.<\/p>\n<\/blockquote>\n<p>Aps\u016bdz\u0113tie \u2013\u00a0asto\u0146i v\u012brie\u0161i un divas sievietes vecum\u0101 no 41 l\u012bdz 65 gadiem \u2013\u00a0ties\u0101ti par koment\u0101riem, kuros nepatiesi apgalvoja, ka Francijas prezidenta Emanuela Makrona sieva ir dzimusi k\u0101 v\u012brietis, un piel\u012bdzin\u0101ja vi\u0146u 24 gadu vecuma starp\u012bbu pedofilijai. Da\u017ei no \u0161iem ierakstiem tika skat\u012bti desmitiem t\u016bksto\u0161u rei\u017eu.<\/p>\n<p>Makrona neapmekl\u0113ja tiesas s\u0113di oktobr\u012b, bet sv\u0113tdien valsts telev\u012bzij\u0101 TF1 nor\u0101d\u012bja, ka s\u0101ka tiesved\u012bbu, lai r\u0101d\u012btu piem\u0113ru c\u012b\u0146\u0101 pret kibermobingu.<\/p>\n<p>Makroni ir prec\u0113ju\u0161ies kop\u0161 2007. gada, un Emanuels Makrons ir Francijas prezidents kop\u0161 2017. gada. P\u0101ris pirmo reizi satik\u0101s vidusskol\u0101, kur vi\u0146\u0161 bija skolnieks, bet vi\u0146a \u2013\u00a0skolot\u0101ja. Toreiz Bri\u017eita Makrona bija Bri\u017eita Ozj\u0113ra, prec\u0113ta tr\u012bs b\u0113rnu m\u0101te.<\/p>\n<p>                    Valodas k\u013c\u016bda rakst\u0101?<\/p>\n<p class=\"d-none d-md-block\">Iez\u012bm\u0113jiet tekstu un spiediet Ctrl+Enter, lai nos\u016bt\u012btu labojamo teksta fragmentu redaktoram! Par faktu k\u013c\u016bd\u0101m l\u016bdzam zi\u0146ot e-past\u0101 <a href=\"https:\/\/www.lsm.lv\/cdn-cgi\/l\/email-protection\" class=\"__cf_email__\" data-cfemail=\"493b2c2d28222a20232809253a2467253f\" rel=\"nofollow noopener\" target=\"_blank\">[email\u00a0protected]<\/a>.<\/p>\n<p class=\"d-md-none\">Iez\u012bm\u0113jiet tekstu un spiediet uz Zi\u0146ot par k\u013c\u016bdu pogas, lai nos\u016bt\u012btu labojamo teksta fragmentu redaktoram!<\/p>\n<p>\n                    Zi\u0146ot par k\u013c\u016bdu\n                <\/p>\n","protected":false},"excerpt":{"rendered":"Francij\u0101 desmit cilv\u0113ki noties\u0101ti par kibermobingu pret pirmo l\u0113diju Bri\u017eitu Makronu, izplatot melus par vi\u0146as dzimumu un seksualit\u0101ti,&hellip;\n","protected":false},"author":2,"featured_media":95318,"comment_status":"","ping_status":"","sticky":false,"template":"","format":"standard","meta":{"footnotes":""},"categories":[14],"tags":[23,57,28,29,32,33,22,30,31,35,39,38,36,37,34,40,20,26,27,24,25,54,55,56,21,58],"class_list":{"0":"post-95317","1":"post","2":"type-post","3":"status-publish","4":"format-standard","5":"has-post-thumbnail","7":"category-zinas-no-arvalstim","8":"tag-aktualitates","9":"tag-arvalstim","10":"tag-breaking-news","11":"tag-breakingnews","12":"tag-featured-news","13":"tag-featurednews","14":"tag-headlines","15":"tag-latest-news","16":"tag-latestnews","17":"tag-latvia","18":"tag-latvian","19":"tag-latviesu","20":"tag-latviesu-valoda","21":"tag-latviesuvaloda","22":"tag-latvija","23":"tag-lv","24":"tag-news","25":"tag-popularakas-zinas","26":"tag-popularakaszinas","27":"tag-top-stories","28":"tag-topstories","29":"tag-world","30":"tag-world-news","31":"tag-worldnews","32":"tag-zinas","33":"tag-zinas-no-arvalstim"},"share_on_mastodon":{"url":"https:\/\/pubeurope.com\/@lv\/115843089285668173","error":""},"_links":{"self":[{"href":"https:\/\/www.europesays.com\/lv\/wp-json\/wp\/v2\/posts\/95317","targetHints":{"allow":["GET"]}}],"collection":[{"href":"https:\/\/www.europesays.com\/lv\/wp-json\/wp\/v2\/posts"}],"about":[{"href":"https:\/\/www.europesays.com\/lv\/wp-json\/wp\/v2\/types\/post"}],"author":[{"embeddable":true,"href":"https:\/\/www.europesays.com\/lv\/wp-json\/wp\/v2\/users\/2"}],"replies":[{"embeddable":true,"href":"https:\/\/www.europesays.com\/lv\/wp-json\/wp\/v2\/comments?post=95317"}],"version-history":[{"count":0,"href":"https:\/\/www.europesays.com\/lv\/wp-json\/wp\/v2\/posts\/95317\/revisions"}],"wp:featuredmedia":[{"embeddable":true,"href":"https:\/\/www.europesays.com\/lv\/wp-json\/wp\/v2\/media\/95318"}],"wp:attachment":[{"href":"https:\/\/www.europesays.com\/lv\/wp-json\/wp\/v2\/media?parent=95317"}],"wp:term":[{"taxonomy":"category","embeddable":true,"href":"https:\/\/www.europesays.com\/lv\/wp-json\/wp\/v2\/categories?post=95317"},{"taxonomy":"post_tag","embeddable":true,"href":"https:\/\/www.europesays.com\/lv\/wp-json\/wp\/v2\/tags?post=95317"}],"curies":[{"name":"wp","href":"https:\/\/api.w.org\/{rel}","templated":true}]}}