{"id":95319,"date":"2026-01-05T15:00:08","date_gmt":"2026-01-05T15:00:08","guid":{"rendered":"https:\/\/www.europesays.com\/lv\/95319\/"},"modified":"2026-01-05T15:00:08","modified_gmt":"2026-01-05T15:00:08","slug":"valmiera-turpmak-piestas-vilciens-tallina-tartu-riga","status":"publish","type":"post","link":"https:\/\/www.europesays.com\/lv\/95319\/","title":{"rendered":"Valmier\u0101 turpm\u0101k piest\u0101s vilciens Tallina &#8211; Tartu &#8211; R\u012bga"},"content":{"rendered":"<p>Gaidot jauna vilcienu mar\u0161ruta Tallina \u2013 Tartu \u2013 R\u012bga\/ R\u012bga \u2013 Tartu \u2013 Tallina ar pieturu ar\u012b Valmier\u0101 atv\u0113r\u0161anu, 5.janv\u0101r\u012b iepaz\u012b\u0161an\u0101s braucien\u0101 devies pasa\u017eieru vilciens no Tartu uz R\u012bgu ar pieturu ar\u012b Valmier\u0101.<\/p>\n<p>Bija prieks sagaid\u012bt un pavad\u012bt vilcienu no Valmieras dzelzce\u013ca stacijas.<\/p>\n<p>Vilcienu mar\u0161rutu Tallina \u2013 Tartu \u2013 R\u012bga\/ R\u012bga \u2013 Tartu \u2013 Tallina ar pieturu ar\u012b Valmier\u0101 atkl\u0101s 12. janv\u0101r\u012b.<\/p>\n","protected":false},"excerpt":{"rendered":"Gaidot jauna vilcienu mar\u0161ruta Tallina \u2013 Tartu \u2013 R\u012bga\/ R\u012bga \u2013 Tartu \u2013 Tallina ar pieturu ar\u012b Valmier\u0101&hellip;\n","protected":false},"author":2,"featured_media":95320,"comment_status":"","ping_status":"","sticky":false,"template":"","format":"standard","meta":{"footnotes":""},"categories":[12],"tags":[23,28,29,32,33,22,30,31,35,39,38,36,37,34,40,20,26,27,24,25,21],"class_list":{"0":"post-95319","1":"post","2":"type-post","3":"status-publish","4":"format-standard","5":"has-post-thumbnail","7":"category-latvija","8":"tag-aktualitates","9":"tag-breaking-news","10":"tag-breakingnews","11":"tag-featured-news","12":"tag-featurednews","13":"tag-headlines","14":"tag-latest-news","15":"tag-latestnews","16":"tag-latvia","17":"tag-latvian","18":"tag-latviesu","19":"tag-latviesu-valoda","20":"tag-latviesuvaloda","21":"tag-latvija","22":"tag-lv","23":"tag-news","24":"tag-popularakas-zinas","25":"tag-popularakaszinas","26":"tag-top-stories","27":"tag-topstories","28":"tag-zinas"},"share_on_mastodon":{"url":"https:\/\/pubeurope.com\/@lv\/115843093252236825","error":""},"_links":{"self":[{"href":"https:\/\/www.europesays.com\/lv\/wp-json\/wp\/v2\/posts\/95319","targetHints":{"allow":["GET"]}}],"collection":[{"href":"https:\/\/www.europesays.com\/lv\/wp-json\/wp\/v2\/posts"}],"about":[{"href":"https:\/\/www.europesays.com\/lv\/wp-json\/wp\/v2\/types\/post"}],"author":[{"embeddable":true,"href":"https:\/\/www.europesays.com\/lv\/wp-json\/wp\/v2\/users\/2"}],"replies":[{"embeddable":true,"href":"https:\/\/www.europesays.com\/lv\/wp-json\/wp\/v2\/comments?post=95319"}],"version-history":[{"count":0,"href":"https:\/\/www.europesays.com\/lv\/wp-json\/wp\/v2\/posts\/95319\/revisions"}],"wp:featuredmedia":[{"embeddable":true,"href":"https:\/\/www.europesays.com\/lv\/wp-json\/wp\/v2\/media\/95320"}],"wp:attachment":[{"href":"https:\/\/www.europesays.com\/lv\/wp-json\/wp\/v2\/media?parent=95319"}],"wp:term":[{"taxonomy":"category","embeddable":true,"href":"https:\/\/www.europesays.com\/lv\/wp-json\/wp\/v2\/categories?post=95319"},{"taxonomy":"post_tag","embeddable":true,"href":"https:\/\/www.europesays.com\/lv\/wp-json\/wp\/v2\/tags?post=95319"}],"curies":[{"name":"wp","href":"https:\/\/api.w.org\/{rel}","templated":true}]}}