{"id":95326,"date":"2026-01-05T15:05:07","date_gmt":"2026-01-05T15:05:07","guid":{"rendered":"https:\/\/www.europesays.com\/lv\/95326\/"},"modified":"2026-01-05T15:05:07","modified_gmt":"2026-01-05T15:05:07","slug":"baltijas-arlietu-ministri-nosoda-trampa-ideju-par-grenlandes-kontroli","status":"publish","type":"post","link":"https:\/\/www.europesays.com\/lv\/95326\/","title":{"rendered":"Baltijas \u0101rlietu ministri nosoda Trampa ideju par Grenlandes kontroli &#8211;"},"content":{"rendered":"<p style=\"text-align: justify;\">Grenlande ir neat\u0146emama D\u0101nijas da\u013ca, uzsv\u0113ru\u0161i Baltijas valstu \u0101rlietu ministri p\u0113c tam, kad ASV prezidents Donalds Tramps ned\u0113\u013cas nogal\u0113 k\u0101rt\u0113jo reizi izteic\u0101s, ka Grenlandei b\u016btu j\u0101non\u0101k Savienoto Valstu kontrol\u0113.<\/p>\n<p style=\"text-align: justify;\">Latvijas \u0101rlietu ministre Baiba Bra\u017ee nor\u0101da, ka D\u0101nijai un Grenlandei pa\u0161\u0101m ir j\u0101risina t\u0101m b\u016btiskie jaut\u0101jumi.<\/p>\n<p style=\"text-align: justify;\">\u201cTeritori\u0101l\u0101s integrit\u0101tes un suverenit\u0101tes iev\u0113ro\u0161ana ir pasaules stabilit\u0101tes pamat\u0101, un visas domstarp\u012bbas ir j\u0101risina dialog\u0101. Sabiedrotie ir apsol\u012bju\u0161i cits citam saglab\u0101t mieru un dro\u0161\u012bbu. D\u0101nijai un Grenlandei pa\u0161\u0101m ir j\u0101izlemj t\u0101m b\u016btiskie jaut\u0101jumi,\u201d platform\u0101 \u201cX\u201d raksta Bra\u017ee.<\/p>\n<blockquote>\n<p style=\"text-align: center;\">Ar\u012b Lietuvas \u0101lietu ministrs \u0136\u0113stutis Budris uzsver teritori\u0101l\u0101s integrit\u0101tes noz\u012bmii.<\/p>\n<\/blockquote>\n<p style=\"text-align: justify;\">\u201cGrenlande ir neat\u0146emama D\u0101nijas Karalistes, kas ir sp\u0113c\u012bga demokr\u0101tija un uzticama NATO sabiedrot\u0101, da\u013ca. Visi no t\u0101 izrieto\u0161ie jaut\u0101jumi ir transatlantisk\u0101s dro\u0161\u012bbas jaut\u0101jums,\u201d platform\u0101 \u201cX\u201d raksta Budris. \u201cTeritori\u0101l\u0101s integrit\u0101tes un suverenit\u0101tes iev\u0113ro\u0161ana ir pasaules stabilit\u0101tes pamat\u0101. Visi l\u0113mumi attiec\u012bb\u0101 uz Grenlandi vai D\u0101niju ir tikai to kompetenc\u0113,\u201d vi\u0146\u0161 piebilst.<\/p>\n<p style=\"text-align: justify;\">Igaunijas \u0101rlietu ministrs Marguss Cahkna uzsver, ka Igaunija \u201cpiln\u012bb\u0101 solidariz\u0113jas ar m\u016bsu Zieme\u013cvalstu un Baltijas sabiedroto [D\u0101niju]\u201d.<\/p>\n<p style=\"text-align: justify;\">\u201cGrenlande ir neat\u0146emama D\u0101nijas Karalistes sast\u0101vda\u013ca, un nek\u0101di l\u0113mumi attiec\u012bb\u0101 uz Grenlandi nevar tikt pie\u0146emti bez Grenlandes un D\u0101nijas l\u012bdzdal\u012bbas,\u201d vi\u0146\u0161 raksta platform\u0101 \u201cX\u201d.<\/p>\n<p style=\"text-align: justify;\">Jau zi\u0146ots, ka Trampa atk\u0101rtotie izteikumi, ka Grenlandei vajadz\u0113tu k\u013c\u016bt par Savienoto Valstu da\u013cu, pirmdien izpeln\u012bju\u0161ies starptautisku nosod\u012bjumu.<\/p>\n<p style=\"text-align: justify;\">Tramps ir vair\u0101kk\u0101rt teicis, ka v\u0113las anekt\u0113t D\u0101nijai piedero\u0161o Grenlandi t\u0101s strat\u0113\u0123isk\u0101 novietojuma d\u0113\u013c.<\/p>\n<p style=\"text-align: justify;\">Sv\u0113tdien Tramps prezidenta lidma\u0161\u012bn\u0101 \u201cAir Force One\u201d ce\u013c\u0101 no Floridas uz Va\u0161ingtonu atkal sac\u012bja, ka Grenlande ASV ir nepiecie\u0161ama no nacion\u0101l\u0101s dro\u0161\u012bbas skatupunkta.<\/p>\n<p style=\"text-align: justify;\"><a style=\"color: #800000;\" href=\"https:\/\/bnn.lv\/pareiza-riciba-vai-nevelams-precedents-ko-pasaulei-nesis-asv-riciba-venecuela-68383\" target=\"_blank\" rel=\"noopener nofollow\">Lasiet ar\u012b: Pareiza r\u012bc\u012bba vai nev\u0113lams precedents: ko pasaulei nes\u012bs ASV r\u012bc\u012bba Venecu\u0113l\u0101?<\/a><\/p>\n<p>Seko mums ar\u012b\u00a0<a href=\"https:\/\/www.facebook.com\/bnnlv\" rel=\"nofollow noopener\" target=\"_blank\">Facebook<\/a>,\u00a0<a href=\"https:\/\/www.draugiem.lv\/bnn.lv\/\" rel=\"nofollow noopener\" target=\"_blank\">Draugiem<\/a>\u00a0un\u00a0<a href=\"https:\/\/twitter.com\/home\" rel=\"nofollow noopener\" target=\"_blank\">X<\/a>!<\/p>\n<p><script async src=\"https:\/\/platform.twitter.com\/widgets.js\" charset=\"utf-8\"><\/script><\/p>\n","protected":false},"excerpt":{"rendered":"Grenlande ir neat\u0146emama D\u0101nijas da\u013ca, uzsv\u0113ru\u0161i Baltijas valstu \u0101rlietu ministri p\u0113c tam, kad ASV prezidents Donalds Tramps ned\u0113\u013cas&hellip;\n","protected":false},"author":2,"featured_media":95327,"comment_status":"","ping_status":"","sticky":false,"template":"","format":"standard","meta":{"footnotes":""},"categories":[14],"tags":[23,57,28,29,32,33,22,30,31,35,39,38,36,37,34,40,20,26,27,24,25,54,55,56,21,58],"class_list":{"0":"post-95326","1":"post","2":"type-post","3":"status-publish","4":"format-standard","5":"has-post-thumbnail","7":"category-zinas-no-arvalstim","8":"tag-aktualitates","9":"tag-arvalstim","10":"tag-breaking-news","11":"tag-breakingnews","12":"tag-featured-news","13":"tag-featurednews","14":"tag-headlines","15":"tag-latest-news","16":"tag-latestnews","17":"tag-latvia","18":"tag-latvian","19":"tag-latviesu","20":"tag-latviesu-valoda","21":"tag-latviesuvaloda","22":"tag-latvija","23":"tag-lv","24":"tag-news","25":"tag-popularakas-zinas","26":"tag-popularakaszinas","27":"tag-top-stories","28":"tag-topstories","29":"tag-world","30":"tag-world-news","31":"tag-worldnews","32":"tag-zinas","33":"tag-zinas-no-arvalstim"},"share_on_mastodon":{"url":"https:\/\/pubeurope.com\/@lv\/115843112792731215","error":""},"_links":{"self":[{"href":"https:\/\/www.europesays.com\/lv\/wp-json\/wp\/v2\/posts\/95326","targetHints":{"allow":["GET"]}}],"collection":[{"href":"https:\/\/www.europesays.com\/lv\/wp-json\/wp\/v2\/posts"}],"about":[{"href":"https:\/\/www.europesays.com\/lv\/wp-json\/wp\/v2\/types\/post"}],"author":[{"embeddable":true,"href":"https:\/\/www.europesays.com\/lv\/wp-json\/wp\/v2\/users\/2"}],"replies":[{"embeddable":true,"href":"https:\/\/www.europesays.com\/lv\/wp-json\/wp\/v2\/comments?post=95326"}],"version-history":[{"count":0,"href":"https:\/\/www.europesays.com\/lv\/wp-json\/wp\/v2\/posts\/95326\/revisions"}],"wp:featuredmedia":[{"embeddable":true,"href":"https:\/\/www.europesays.com\/lv\/wp-json\/wp\/v2\/media\/95327"}],"wp:attachment":[{"href":"https:\/\/www.europesays.com\/lv\/wp-json\/wp\/v2\/media?parent=95326"}],"wp:term":[{"taxonomy":"category","embeddable":true,"href":"https:\/\/www.europesays.com\/lv\/wp-json\/wp\/v2\/categories?post=95326"},{"taxonomy":"post_tag","embeddable":true,"href":"https:\/\/www.europesays.com\/lv\/wp-json\/wp\/v2\/tags?post=95326"}],"curies":[{"name":"wp","href":"https:\/\/api.w.org\/{rel}","templated":true}]}}