{"id":95336,"date":"2026-01-05T15:12:07","date_gmt":"2026-01-05T15:12:07","guid":{"rendered":"https:\/\/www.europesays.com\/lv\/95336\/"},"modified":"2026-01-05T15:12:07","modified_gmt":"2026-01-05T15:12:07","slug":"jekabpils-novada-galvenas-bilbiotekas-un-pilsetas-bibliotekas-aktualitates-janvari","status":"publish","type":"post","link":"https:\/\/www.europesays.com\/lv\/95336\/","title":{"rendered":"J\u0113kabpils novada Galven\u0101s bilbiot\u0113kas un Pils\u0113tas bibliot\u0113kas aktualit\u0101tes janv\u0101r\u012b"},"content":{"rendered":"<tr>\n<td colspan=\"2\" style=\" height:18px; vertical-align:top; width:614px\">\n<p>J\u0112KABPILS PILS\u0112TA<\/p>\n<\/td>\n<\/tr>\n<tr>\n<td style=\" height:41px; vertical-align:top; width:80px\">\n<p>L\u012bdz 10.01.<\/p>\n<\/td>\n<td style=\" height:41px; vertical-align:top; width:534px\">\n<p>Darba laik\u0101 <\/p>\n<p>J\u0113kabpils pils\u0113tas bibliot\u0113kas Izst\u0101\u017eu un tik\u0161an\u0101s z\u0101l\u0113 (Pasta iel\u0101 39)<\/p>\n<p>Izst\u0101de &#8220;P\u0113ta novadp\u0113tnieks.\u00a0Z\u012bl\u0101nu stacija&#8221; (no Sarm\u012btes Ozoli\u0146as kolekcijas)<\/p>\n<\/td>\n<\/tr>\n<tr>\n<td style=\" height:41px; vertical-align:top; width:80px\">\n<p>1.-31.01.<\/p>\n<\/td>\n<td style=\" height:41px; vertical-align:top; width:534px\">\n<p>J\u0113kabpils pils\u0113tas bibliot\u0113kas Izst\u0101\u017eu un tik\u0161an\u0101s z\u0101les log\u0101 (Pasta iel\u0101 39)<\/p>\n<p>Fotocikls \u201cObjekt\u012bv\u0101 v\u0113sture. Daugava\u201d. Vienas fotogr\u0101fijas izst\u0101de \u201cLiel\u0101 sala Daugav\u0101\u201d<\/p>\n<\/td>\n<\/tr>\n<tr>\n<td style=\" height:41px; vertical-align:top; width:80px\">\n<p>2.-31.01.<\/p>\n<\/td>\n<td style=\" height:41px; vertical-align:top; width:534px\">\n<p>Darba laik\u0101 <\/p>\n<p>J\u0113kabpils pils\u0113tas bibliot\u0113kas Izst\u0101\u017eu un tik\u0161an\u0101s z\u0101l\u0113 (Pasta iel\u0101 39)<\/p>\n<p>Izst\u0101de no novadp\u0113tniec\u012bbas kr\u0101juma \u201c\u0112r\u0123e\u013cu b\u016bv\u0113t\u0101jam M\u0101rti\u0146am Kr\u0113sli\u0146am &#8211; 175\u201d \/cikla \u201cNo novada p\u016bral\u0101des\u201d ietvaros\/<\/p>\n<\/td>\n<\/tr>\n<tr>\n<td style=\" height:41px; vertical-align:top; width:80px\">\n<p>2.-31.01.<\/p>\n<\/td>\n<td style=\" height:41px; vertical-align:top; width:534px\">\n<p>Darba laik\u0101\u00a0<\/p>\n<p>J\u0113kabpils pils\u0113tas bibliot\u0113k\u0101 (Andreja Porma\u013ca iel\u0101 11)<\/p>\n<p>M\u0101kslinieces Paulas Bobrovas darbu izst\u0101de \u201cJ\u0113kabpilie\u0161i VAR!\u201d<\/p>\n<\/td>\n<\/tr>\n<tr>\n<td style=\" height:41px; vertical-align:top; width:80px\">\n<p>2.-31.01.<\/p>\n<\/td>\n<td style=\" height:41px; vertical-align:top; width:534px\">\n<p>Darba laik\u0101 <\/p>\n<p>J\u0113kabpils pils\u0113tas bibliot\u0113kas abonement\u0101 (Andreja Porma\u013ca iel\u0101 11)<\/p>\n<p>Gr\u0101matu las\u0101mplaukts \u201cNorv\u0113\u0123ija \u2013 klusuma un sp\u0113ka zeme\u201d <\/p>\n<\/td>\n<\/tr>\n<tr>\n<td style=\" height:41px; vertical-align:top; width:80px\">\n<p>2.-31.01.<\/p>\n<\/td>\n<td style=\" height:41px; vertical-align:top; width:534px\">\n<p>Darba laik\u0101 <\/p>\n<p>J\u0113kabpils pils\u0113tas bibliot\u0113kas Interneta un periodikas las\u012btav\u0101 (Andreja Porma\u013ca iel\u0101 11)<\/p>\n<p>Vienas gr\u0101matas izst\u0101de \u201cGr\u0101mata &#8211; laikmeta lieciniece. Imants Lancmanis. Rund\u0101les pils\u201d <\/p>\n<\/td>\n<\/tr>\n<tr>\n<td style=\" height:41px; vertical-align:top; width:80px\">\n<p>2.-31.01.<\/p>\n<\/td>\n<td style=\" height:41px; vertical-align:top; width:534px\">\n<p>Darba laik\u0101\u00a0<\/p>\n<p>J\u0113kabpils pils\u0113tas bibliot\u0113kas B\u0113rnu un jaunie\u0161u apkalpo\u0161anas noda\u013c\u0101 (Andreja Porma\u013ca iel\u0101 11)<\/p>\n<p>Las\u012b\u0161anas veicin\u0101\u0161anas akcija \u201cB\u0113rnu, jaunie\u0161u un vec\u0101ku \u017e\u016brija 2025\u201d<\/p>\n<\/td>\n<\/tr>\n<tr>\n<td style=\" height:41px; vertical-align:top; width:80px\">\n<p>2.-31.01.<\/p>\n<\/td>\n<td style=\" height:41px; vertical-align:top; width:534px\">\n<p>Darba laik\u0101<\/p>\n<p>J\u0113kabpils pils\u0113tas bibliot\u0113kas B\u0113rnu un jaunie\u0161u apkalpo\u0161anas noda\u013c\u0101 (Andreja Porma\u013ca iel\u0101 11)<\/p>\n<p>Gr\u0101matu izst\u0101de \u201cRik\u0161iem, l\u0113k\u0161iem, aul\u0113k\u0161iem!\u201d<\/p>\n<\/td>\n<\/tr>\n<tr>\n<td style=\" height:41px; vertical-align:top; width:80px\">\n<p>2.-31.01.<\/p>\n<\/td>\n<td style=\" height:41px; vertical-align:top; width:534px\">\n<p>Darba laik\u0101<\/p>\n<p>J\u0113kabpils pils\u0113tas bibliot\u0113kas B\u0113rnu un jaunie\u0161u apkalpo\u0161anas noda\u013c\u0101 (Andreja Porma\u013ca iel\u0101 11)<\/p>\n<p>Gr\u0101matu izst\u0101de \u201cPar\u00a0Vinniju\u00a0P\u016bku\u00a0un vi\u0146a draugiem\u201d<\/p>\n<\/td>\n<\/tr>\n<tr>\n<td style=\" height:41px; vertical-align:top; width:80px\">\n<p>5.-17.01.<\/p>\n<\/td>\n<td style=\" height:41px; vertical-align:top; width:534px\">\n<p>Darba laik\u0101\u00a0<\/p>\n<p>J\u0113kabpils pils\u0113tas bibliot\u0113kas B\u0113rnu un jaunie\u0161u apkalpo\u0161anas noda\u013c\u0101 (Andreja Porma\u013ca iel\u0101 11)<\/p>\n<p>Rado\u0161\u0101s darbn\u012bcas\u00a0\u201cSalda d\u0101vana Vinnijam\u00a0P\u016bkam\u201d <\/p>\n<\/td>\n<\/tr>\n<tr>\n<td style=\" height:41px; vertical-align:top; width:80px\">\n<p>5.-31.01.<\/p>\n<\/td>\n<td style=\" height:41px; vertical-align:top; width:534px\">\n<p>Darba laik\u0101 <\/p>\n<p>J\u0113kabpils pils\u0113tas bibliot\u0113kas Interneta un periodikas las\u012btav\u0101 (Andreja Porma\u013ca iel\u0101 11)<\/p>\n<p>Gr\u0101matu un periodisko rakstu izst\u0101de \u201cMaestro \u2013 90!\u201d (12. janv\u0101r\u012b \u00a0\u2013 komponistam Raimondam Paulam 90)<\/p>\n<\/td>\n<\/tr>\n<tr>\n<td style=\" height:41px; vertical-align:top; width:80px\">\n<p>15.-31.01.<\/p>\n<\/td>\n<td style=\" height:41px; vertical-align:top; width:534px\">\n<p>Darba laik\u0101 <\/p>\n<p>J\u0113kabpils pils\u0113tas bibliot\u0113kas Izst\u0101\u017eu un tik\u0161an\u0101s z\u0101l\u0113 (Pasta iel\u0101 39)<\/p>\n<p>Izst\u0101de &#8220;P\u0113ta novadp\u0113tnieks.\u00a01991. gada janv\u0101ra barik\u0101des&#8221; (no Ilm\u0101ra Kna\u0123a kolekcijas)<\/p>\n<\/td>\n<\/tr>\n<tr>\n<td style=\" height:41px; vertical-align:top; width:80px\">\n<p>17.01.<\/p>\n<\/td>\n<td style=\" height:41px; vertical-align:top; width:534px\">\n<p>Plkst. 11.00<\/p>\n<p>J\u0113kabpils pils\u0113tas bibliot\u0113kas B\u0113rnu un jaunie\u0161u apkalpo\u0161anas noda\u013c\u0101 (Andreja Porma\u013ca iel\u0101 11)<\/p>\n<p>Aktivit\u0101\u0161u\u00a0r\u012bts\u00a0pirmsskolas vecuma b\u0113rniem \u201cSvinam sv\u0113tkus Vinnijam\u00a0P\u016bkam!\u201d<\/p>\n<\/td>\n<\/tr>\n<tr>\n<td style=\" height:18px; vertical-align:top; width:80px\">\n<p>19.-31.01.<\/p>\n<\/td>\n<td style=\" height:18px; vertical-align:top; width:534px\">\n<p>Darba laik\u0101\u00a0<\/p>\n<p>J\u0113kabpils pils\u0113tas bibliot\u0113kas B\u0113rnu un jaunie\u0161u apkalpo\u0161anas noda\u013c\u0101 (Andreja Porma\u013ca iel\u0101 11)<\/p>\n<p>Rado\u0161\u0101s darbn\u012bcas\u00a0\u201cPasakainie zirgi\u201d <\/p>\n<\/td>\n<\/tr>\n<tr>\n<td style=\" height:18px; vertical-align:top; width:80px\">\n<p>22.01.<\/p>\n<\/td>\n<td style=\" height:18px; vertical-align:top; width:534px\">\n<p>Plkst.17.00<\/p>\n<p>J\u0113kabpils pils\u0113tas bibliot\u0113kas Interneta un periodikas las\u012btav\u0101 (Andreja Porma\u013ca iel\u0101 11)<\/p>\n<p>Tik\u0161an\u0101s Las\u012bt\u0101ju klubi\u0146\u0101 <\/p>\n<\/td>\n<\/tr>\n<tr>\n<td style=\" height:41px; vertical-align:top; width:80px\">\n<p>2026. gad\u0101<\/p>\n<\/td>\n<td style=\" height:41px; vertical-align:top; width:534px\">\n<p>Darba laik\u0101\u00a0<\/p>\n<p>J\u0113kabpils pils\u0113tas bibliot\u0113kas B\u0113rnu un jaunie\u0161u apkalpo\u0161anas noda\u013c\u0101 (Andreja Porma\u013ca iel\u0101 11)<\/p>\n<p>Las\u012b\u0161anas veicin\u0101\u0161anas akcija 1.-9. kla\u0161u skol\u0113niem \u201cZvaig\u017e\u0146u las\u012bt\u0101ji\u201d<\/p>\n<\/td>\n<\/tr>\n<p class=\"paragraph\">\u00a0<\/p>\n<p class=\"paragraph\">Fotocikls \u201cObjekt\u012bv\u0101 v\u0113sture. Daugava\u201d. Vienas fotogr\u0101fijas izst\u0101de \u201cJ\u0113kabpils p\u0101rceltuve\u201d<\/p>\n<p class=\"paragraph\">\u00a0<\/p>\n<p>1.-31. janv\u0101r\u012b J\u0113kabpils pils\u0113tas bibliot\u0113kas Izst\u0101\u017eu un tik\u0161an\u0101s z\u0101les log\u0101 (Pasta iel\u0101 39).<\/p>\n<p>2026. gad\u0101 turpin\u0101m fotociklu \u201cObjekt\u012bv\u0101 v\u0113sture\u201d. \u0160ogad tas velt\u012bts Latvijas likte\u0146upei Daugavai. J\u0113kabpils pils\u0113tas bibliot\u0113kas novadp\u0113tniec\u012bbas kr\u0101jum\u0101 glab\u0101jas J\u0113kabpils iedz\u012bvot\u0101ju fotogr\u0101fijas un atmi\u0146u st\u0101sti par Daugavu. <\/p>\n<p>Janv\u0101r\u012b apl\u016bkojam\u0101s atkl\u0101tnes autors ir fotogr\u0101fs A. Kr\u016bmi\u0146\u0161. Zaigas Lazdi\u0146as kolekcijas foto.<\/p>\n<p>Atkl\u0101tnes otraj\u0101 pus\u0113 uzraksts: \u201cEm\u012blijai. Jaunaj\u0101 gad\u0101 Tavam visskaist\u0101kam sapnim patiesam k\u013c\u016bti! V\u0113l\u0113 Anni\u0146a. 1954. gada 15. decembr\u012b, J\u0113kabpil\u012b.\u201d\u00a0 <\/p>\n<p>Daugava pieder visai tautai un ar\u012b mums, j\u0113kabpilie\u0161iem un krustpilie\u0161iem, t\u0101 m\u016bs ir barojusi, mazg\u0101jusi, aukl\u0113jusi un pavad\u012bjusi ce\u013c\u0101. Ar\u012b bied\u0113jusi ar pl\u016bdiem. Bet vienm\u0113r t\u0101 ir bijusi M\u016bsu Daugava.<\/p>\n<p>____________________<\/p>\n<p class=\"paragraph\">Izst\u0101de no novadp\u0113tniec\u012bbas kr\u0101juma \u201c\u0112r\u0123e\u013cu b\u016bv\u0113t\u0101jam M\u0101rti\u0146am Kr\u0113sli\u0146am &#8211; 175\u201d \/cikla \u201cNo novada p\u016bral\u0101des\u201d ietvaros\/<br \/>\u00a0<\/p>\n<p>2.-31. janv\u0101r\u012b darba laik\u0101 J\u0113kabpils pils\u0113tas bibliot\u0113kas Izst\u0101\u017eu un tik\u0161an\u0101s z\u0101l\u0113 (Pasta iel\u0101 39).<\/p>\n<p>Izst\u0101de no bibliot\u0113kas kr\u0101juma materi\u0101liem velt\u012bta \u0113r\u0123e\u013cu b\u016bv\u0113t\u0101ja M\u0101rti\u0146a Kr\u0113sli\u0146a 175 gadu atcerei. Taj\u0101 apskat\u0101mas gr\u0101matas, periodisko izdevumu raksti, fotoatt\u0113li un m\u0101kslinieces Ainas Karlsones veidotie ekslibri. \u00a0<\/p>\n<p>J\u0113kabpils pagasta zemnieka Jura Kr\u0113sli\u0146a d\u0113ls M\u0101rti\u0146\u0161 Kr\u0113sli\u0146\u0161, dzimis 1851. gad\u0101 Lindes mui\u017e\u0101, beidzis tautskolu. Str\u0101d\u0101jis par m\u0101cekli v\u0101cu \u0113r\u0123e\u013cu meistara Fr\u012bdriha Veisenborna darbn\u012bc\u0101 J\u0113kabpil\u012b, tad ar meistara atbalstu devies papildin\u0101t amata prasmi uz Berl\u012bni. 1878. gad\u0101 M. Kr\u0113sli\u0146\u0161 J\u0113kabpil\u012b, Pasta iel\u0101, atv\u0113ra pats savu darbn\u012bcu. Vi\u0146a b\u016bv\u0113tos instrumentus ar firmas z\u012bmi var atrast gandr\u012bz visos Latvijas novados, bet vienas no lab\u0101kaj\u0101m vi\u0146a gatavotaj\u0101m \u0113r\u0123el\u0113m atrodas \u0100rai\u0161u bazn\u012bc\u0101. <\/p>\n<p>Str\u0101d\u0101jis ar firmas z\u012bmi\u202f\u201eMartin Kresling in Jacobstadt\u201d, kopum\u0101 uzb\u016bv\u0113jis un p\u0101rb\u016bv\u0113jis ap 140 \u0113r\u0123e\u013cu un harmoniju. 1885. gad\u0101 uzb\u016bv\u0113jis instrumentu J\u0113kabpils Sv. Mi\u0137e\u013ca luter\u0101\u0146u bazn\u012bcai, \u0161\u012bm \u0113r\u0123el\u0113m ir 14 re\u0123istri un divi manu\u0101li. Tiek uzskat\u012bts, ka \u0113r\u0123e\u013cu prospekts var\u0113tu b\u016bt saglab\u0101jies no pirmaj\u0101m \u0113r\u0123el\u0113m, kuras b\u016bv\u0113jis J\u0101nis Buhards 1828. gad\u0101. Instruments laika gait\u0101 ir ticis vair\u0101kas reizes p\u0101rb\u016bv\u0113ts, ar\u012b met\u0101la un koka stabules ir da\u017e\u0101du meistaru (A. Laukhufa, A. S\u016bn\u0101k\u013ca) darin\u0101tas.\u00a0<\/p>\n<p>1893. gad\u0101 abiem J\u0113kabpils \u0113r\u0123e\u013cu meistaram M\u0101rti\u0146am Kr\u0113sli\u0146am bija tr\u012bs ze\u013c\u013ci. Darbn\u012bcai bijis daudz pas\u016bt\u012bjumu un pie\u0146emamas cenas.\u00a0M\u0101rti\u0146\u0161 Kr\u0113sli\u0146\u0161 m\u016b\u017e\u012bb\u0101 devies 1911. gad\u0101. <\/p>\n<p>____________________<\/p>\n<p class=\"paragraph\">M\u0101kslinieces Paulas Bobrovas darbu izst\u0101de \u201cJ\u0113kabpilie\u0161i VAR!\u201d<\/p>\n<p>2.-31. janv\u0101r\u012b darba laik\u0101 J\u0113kabpils pils\u0113tas bibliot\u0113k\u0101 (Andreja Porma\u013ca iel\u0101 11).<\/p>\n<p>Izst\u0101d\u0113 apskat\u0101mi Paulas Bobrovas person\u012bgie darbi, skices un konceptu\u0101lie z\u012bm\u0113jumi no anim\u0101cijas filmas \u201cStraume\u201d. Pied\u0101v\u0101tais darbu kopums sniedz ieskatu Paulas Bobrovas rado\u0161aj\u0101 proces\u0101, atkl\u0101jot ideju un vizu\u0101lo risin\u0101jumu att\u012bst\u012bbu l\u012bdz pilnv\u0113rt\u012bgi izstr\u0101d\u0101tiem t\u0113liem. Darbi par\u0101da digit\u0101lo tehnolo\u0123iju un tradicion\u0101l\u0101s z\u012bm\u0113\u0161anas saikni, uzsverot savstarp\u0113jo vienot\u012bbu un noz\u012bmi m\u016bsdienu m\u0101kslas praks\u0113s.<\/p>\n<p>J\u0113kabpilietes, m\u0101kslinieces Paulas Bobrovas rado\u0161ais ce\u013c\u0161 apvieno tradicion\u0101lo un digit\u0101lo m\u0101kslu. M\u0101coties J\u0113kabpils 3. vidusskol\u0101, vi\u0146a apzin\u0101j\u0101s v\u0113lmi savu n\u0101kotni saist\u012bt ar m\u0101kslu un izv\u0113l\u0113j\u0101s turpin\u0101t studijas Ekonomikas un kult\u016bras augstskol\u0101 programm\u0101 \u201cDatorsp\u0113\u013cu dizains\u201d. Apg\u016btie programm\u0113\u0161anas pamati, klasisk\u0101s z\u012bm\u0113\u0161anas un glezno\u0161anas prasmes veidoja pamatu Paulas Bobrovas turpm\u0101kajai rado\u0161ajai att\u012bst\u012bbai. Studijas \u013c\u0101va apg\u016bt akad\u0113misk\u0101s iema\u0146as un atrast savu vizu\u0101lo valodu. Izv\u0113l\u0113taj\u0101 programma tika veiksm\u012bgi apvienoti rado\u0161ie un tehniskie aspekti, kas \u013c\u0101va jaunajai m\u0101ksliniecei att\u012bst\u012bties daudzpus\u012bgi.<\/p>\n<p>Studiju nosl\u0113gum\u0101 Paulai Bobrovai tika pied\u0101v\u0101ts k\u0101 koncepta m\u0101ksliniecei pievienoties anim\u0101cijas filmas \u201cStraume\u201d komandai (re\u017e. Gints Zilbalodis). Filmas tap\u0161anas laik\u0101 vi\u0146a veidoja da\u017e\u0101du t\u0113lu vizu\u0101los risin\u0101jumus \u2013 zivis, su\u0146us, lemuru putnus, stirnas un brie\u017eus. \u0160is darbs piepras\u012bja prec\u012bzu dabas formu izpratni, sp\u0113ju ar skic\u0113m un vizu\u0101liem p\u0113t\u012bjumiem nodot filmas noska\u0146u, kust\u012bbu un raksturu. Anim\u0101cijas filma \u201cStraume\u201d uz ekr\u0101niem izn\u0101ca 2024. gad\u0101, sa\u0146emot daudzus starptautiskus apbalvojumus un k\u013c\u016bstot par visu laiku visvair\u0101k skat\u012bto filmu Latvijas kinote\u0101tros. 2025. gada 2. maij\u0101 Losand\u017eelos\u0101 (ASV) filmas komanda sa\u0146\u0113ma Amerikas Kinoakad\u0113mijas balvu \u201cOskars\u201d. <\/p>\n<p>____________________<\/p>\n<p class=\"paragraph\">\u00a0<\/p>\n<p class=\"paragraph\">Gr\u0101matu las\u0101mplaukts \u201cNorv\u0113\u0123ija \u2013 klusuma un sp\u0113ka zeme\u201d<\/p>\n<p class=\"paragraph\">\u00a0<\/p>\n<p>2.-31. janv\u0101r\u012b darba laik\u0101 J\u0113kabpils pils\u0113tas bibliot\u0113kas abonement\u0101 (Andreja Porma\u013ca iel\u0101 11).<\/p>\n<p>Janv\u0101r\u012b aicin\u0101m iepaz\u012bt Norv\u0113\u0123iju \u2014 valsti ar skarbu, bet apburo\u0161u dabu un bag\u0101tu kult\u016bras mantojumu. Viens no interesant\u0101kajiem ziemas kult\u016bras notikumiem \u0161aj\u0101 zieme\u013cu zem\u0113 ir ledus m\u016bzikas festiv\u0101ls, kur\u0101 m\u016bzikas instrumenti tiek veidoti no ledus. \u0160is unik\u0101lais festiv\u0101ls apvieno m\u016bziku, dabu un m\u0101kslu, radot neatk\u0101rtojamu ska\u0146as pieredzi ziemas ainav\u0101.<\/p>\n<p>Lai Norv\u0113\u0123iju iepaz\u012btu v\u0113l dzi\u013c\u0101k, aicin\u0101m atkl\u0101t norv\u0113\u0123u literat\u016bru \u2014 no senaj\u0101m vikingu s\u0101g\u0101m l\u012bdz m\u016bsdienu autoru darbiem. Gr\u0101matu izst\u0101d\u0113 no bibliot\u0113kas kr\u0101juma atkl\u0101jas zieme\u013cu dabas tuvums, cilv\u0113ku savstarp\u0113j\u0101s attiec\u012bbas, \u0123imenes v\u0113rt\u012bbas un bag\u0101tais kult\u016bras mantojums.<\/p>\n<p>____________________<\/p>\n<p class=\"paragraph\">\u00a0<\/p>\n<p>Vienas gr\u0101matas izst\u0101de \u201cGr\u0101mata \u2013 laikmeta lieciniece. Imants Lancmanis. Rund\u0101les pils\u201d<\/p>\n<p>2.-31. janv\u0101r\u012b darba laik\u0101 J\u0113kabpils pils\u0113tas bibliot\u0113kas Interneta un periodikas las\u012btav\u0101 (Andreja Porma\u013ca iel\u0101 11).<\/p>\n<p>Bibliot\u0113kas kr\u0101jum\u0101 eso\u0161\u0101s gr\u0101matas monogr\u0101fijas \u201cRund\u0101les pils\u201d pirmaj\u0101 da\u013c\u0101 apskat\u012bta Rund\u0101les pils v\u0113sture, to sadalot pa noz\u012bm\u012bg\u0101kajiem posmiem un izsekojot l\u012bdzi pa\u0161as celtnes liktenim, gan notikumiem, kas uz to atst\u0101ju\u0161i iespaidu. Paral\u0113li hronikai sniegta ar\u012b \u0113kas arhitektonisk\u0101 anal\u012bze un m\u0101kslinieciskais izv\u0113rt\u0113jums. Bag\u0101t\u012bgie foto materi\u0101li \u013cauj uzskat\u0101mi ilustr\u0113t pils past\u0101v\u0113\u0161anas da\u017e\u0101dos etapus.<\/p>\n<p>Otr\u0101 da\u013ca \u201cPils tuvpl\u0101n\u0101\u201d ir 2015. gad\u0101 izdot\u0101s monogr\u0101fijas turpin\u0101jums. Izdevum\u0101 apkopota inform\u0101cija par pili k\u0101 restaur\u0113tu Latvijas kult\u016bras mantojuma objektu vis\u0101 t\u0101 daudzveid\u012bb\u0101. T\u0101 ir sava veida pils inventariz\u0101cija, pied\u0101v\u0101jums detaliz\u0113ti, it k\u0101 zem lupas, apl\u016bkot \u0101r\u0113jo arhitekt\u016bru un iek\u0161telpas. Galven\u0101 uzman\u012bba piev\u0113rsta ne tekstam, bet att\u0113liem.<\/p>\n<p>____________________<\/p>\n<p class=\"paragraph\">\u00a0<\/p>\n<p class=\"paragraph\">Las\u012b\u0161anas veicin\u0101\u0161anas akcija \u201cB\u0113rnu, jaunie\u0161u un vec\u0101ku \u017e\u016brija 2025\u201d<\/p>\n<p>\u00a0<\/p>\n<p>2.-31. janv\u0101r\u012b darba laik\u0101 J\u0113kabpils pils\u0113tas bibliot\u0113kas B\u0113rnu un jaunie\u0161u apkalpo\u0161anas noda\u013c\u0101 (Andreja Porma\u013ca iel\u0101 11).<\/p>\n<p class=\"paragraph\">Janv\u0101r\u012b nosl\u0113dzas piecus m\u0113ne\u0161us ilgu\u0161ais las\u012b\u0161anas maratons. Paldies visiem, kas jau izlas\u012bju\u0161i piecas un vair\u0101k gr\u0101matas no las\u012b\u0161anai pied\u0101v\u0101tas gr\u0101matu kolekcijas. Bibliot\u0113ka aicina sasparoties tos, kam atliku\u0161as v\u0113l da\u017eas gr\u0101matas. Atg\u0101din\u0101m, ka nosl\u0113dzot las\u012b\u0161anu, j\u0101aizpilda elektroniska v\u0113rt\u0113\u0161anas anketa. Pie bibliotek\u0101res var sa\u0146emt anketas piek\u013cuves kodu un konsult\u0101cijas anketas aizpild\u012b\u0161anai.\u00a0<\/p>\n<p>____________________<\/p>\n<p class=\"paragraph\">\u00a0<\/p>\n<p class=\"paragraph\">Gr\u0101matu izst\u0101de \u201cRik\u0161iem, l\u0113k\u0161iem, aul\u0113k\u0161iem!\u201d<\/p>\n<p class=\"paragraph\">\u00a0<\/p>\n<p>2.-31. janv\u0101r\u012b darba laik\u0101 J\u0113kabpils pils\u0113tas bibliot\u0113kas B\u0113rnu un jaunie\u0161u apkalpo\u0161anas noda\u013c\u0101 (Andreja Porma\u013ca iel\u0101 11).<\/p>\n<p class=\"paragraph\">N\u0101k jaunais 2026. gads, kura simbols p\u0113c \u0137\u012bnie\u0161u kalend\u0101ra ir Ugun\u012bgais Zirgs. Zirgs no seniem laikiem bijis cilv\u0113ka draugs un pal\u012bgs da\u017e\u0101dos darbos. T\u0101p\u0113c labi iepaz\u012bta to daba un par zirgiem uzrakst\u012btas daudzas gr\u0101matas. Izst\u0101d\u0113 no bibliot\u0113kas kr\u0101juma atrad\u012bsi gr\u0101matas, kur\u0101s zirgi ir mier\u012bgi un pr\u0101t\u012bgi, k\u0101 ar\u012b strauji un nevald\u0101mi. V\u0113l ir gr\u0101matas par slavenajiem vienrad\u017eiem un ponijiem, kas n\u0101k no fant\u0101zijas un pasaku pasaules!<\/p>\n<p>____________________<\/p>\n<p class=\"paragraph\">\u00a0<\/p>\n<p class=\"paragraph\">Gr\u0101matu izst\u0101de \u201cPar Vinniju P\u016bku un vi\u0146a draugiem\u201d<\/p>\n<p>2.-31. janv\u0101r\u012b darba laik\u0101 J\u0113kabpils pils\u0113tas bibliot\u0113kas B\u0113rnu un jaunie\u0161u apkalpo\u0161anas noda\u013c\u0101 (Andreja Porma\u013ca iel\u0101 11).<\/p>\n<p>Izst\u0101de no bibliot\u0113kas kr\u0101juma materi\u0101liem velt\u012bta ang\u013ca rakstnieka Alana Milna gr\u0101matai par Kristoferu Robinu, vi\u0146a rota\u013cu l\u0101ci Vinniju P\u016bku un Vinnija draugiem. Gr\u0101mata uzrakst\u012bta pirms simts gadiem un dr\u012bz k\u013cuva \u013coti popul\u0101ra. Laika gait\u0101 n\u0101ku\u0161as klaj\u0101 v\u0113l citas gr\u0101matas, kur\u0101s darboj\u0101s \u0161ie Septi\u0146j\u016bd\u017eu me\u017ea iem\u012btnieki. Kop\u0101 ar vi\u0146iem las\u012bt\u0101ji atkl\u0101j dabas nosl\u0113pumus, st\u0101da d\u0101rzu, iepaz\u012bst labas manieres un m\u0101c\u0101s jaunas rota\u013cas. Ar Vinniju P\u016bku vienm\u0113r ir interesanti!<\/p>\n<p>____________________<\/p>\n<p>Rado\u0161\u0101s darbn\u012bcas\u00a0\u201cSalda d\u0101vana Vinnijam P\u016bkam\u201d<\/p>\n<p>5.-17. janv\u0101r\u012b darba laik\u0101 J\u0113kabpils pils\u0113tas bibliot\u0113kas B\u0113rnu un jaunie\u0161u apkalpo\u0161anas noda\u013c\u0101 (Andreja Porma\u013ca iel\u0101 11).<\/p>\n<p>18. janv\u0101r\u012b pasaul\u0113 slaven\u0101kajam l\u0101cim Vinnijam P\u016bkam ir lieli sv\u0113tki \u2013 100. dzim\u0161anas diena. Kas gan b\u016btu dzim\u0161anas diena bez p\u0101rsteigumiem. K\u0101 zin\u0101ms, Vinnijam P\u016bkam gar\u0161o saldumi. Sag\u0101d\u0101sim vi\u0146am p\u0101rsteigumu, d\u0101vinot skaisti izdekor\u0113tas tortes. Tas nekas, ka no pap\u012bra. Pasak\u0101s ta\u010du viss ir iesp\u0113jams! <\/p>\n<p>____________________<\/p>\n<p>Gr\u0101matu un periodisko rakstu izst\u0101de \u201cMaestro \u2013 90!\u201d (12. janv\u0101r\u012b\u00a0 \u2013 komponistam Raimondam Paulam 90)<\/p>\n<p>5.-31. janv\u0101r\u012b darba laik\u0101 J\u0113kabpils pils\u0113tas bibliot\u0113kas Interneta un periodikas las\u012btav\u0101 (Andreja Porma\u013ca iel\u0101 11).<\/p>\n<p>Izst\u0101d\u0113 iesp\u0113jams iepaz\u012bties ar izdevumiem par Raimonda Paula dz\u012bvi un rado\u0161o darb\u012bbu, k\u0101 ar\u012b vi\u0146a ieguld\u012bjumu latvie\u0161u m\u016bzikas att\u012bst\u012bb\u0101. Izst\u0101de no bibliot\u0113kas kr\u0101juma materi\u0101liem.<\/p>\n<p>Raimonds Pauls ir viens no izcil\u0101kajiem latvie\u0161u popul\u0101r\u0101s m\u016bzikas autoriem, pianists un komponists, kura v\u0101rds pla\u0161i paz\u012bstams n tikai Latvij\u0101, bet ar\u012b \u0101rpus t\u0101s robe\u017e\u0101m. Vi\u0146a m\u016bzika skan\u0113jusi daudz\u0101s pasaules valst\u012bs un presti\u017e\u0101kaj\u0101s koncertz\u0101l\u0113s, apliecinot komponista unik\u0101l\u0101s melodisk\u0101s dot\u012bbas un talantu.<\/p>\n<p>Maestro Paula rado\u0161aj\u0101 darb\u012bb\u0101 savijas latvie\u0161u tautas m\u016bzikas inton\u0101cijas ar d\u017eeza, bl\u016bza, rokenrola, fran\u010du \u0161ansona, v\u0101cu \u0161l\u0101gera un tautisk\u0101s zi\u0146\u0123es elementiem. \u0160\u012b daudzveid\u012bba, apvienota ar laikmeta aktualit\u0101t\u0113m, rad\u012bjusi m\u016bziku, kas ir laikmet\u012bga, viegli uztverama un iem\u012b\u013cota da\u017e\u0101du paaud\u017eu klaus\u012bt\u0101jiem.<\/p>\n<p>____________________<\/p>\n<p class=\"paragraph\">\u00a0<\/p>\n<p class=\"paragraph\">Izst\u0101de &#8220;P\u0113ta novadp\u0113tnieks.\u00a01991. gada janv\u0101ra barik\u0101des&#8221; (no Ilm\u0101ra Kna\u0123a kolekcijas)<\/p>\n<p class=\"paragraph\">\u00a0<\/p>\n<p>15.-31. janv\u0101r\u012b darba laik\u0101 J\u0113kabpils pils\u0113tas bibliot\u0113kas Izst\u0101\u017eu un tik\u0161an\u0101s z\u0101l\u0113 (Pasta iel\u0101 39).<\/p>\n<p>Janv\u0101r\u012b izst\u0101\u017eu cikls &#8220;P\u0113ta novadp\u0113tnieks&#8221; velt\u012bts 1991. gada janv\u0101ra barik\u0101\u017eu atceres 35. gadadienai. Aicin\u0101m apl\u016bkot barik\u0101\u017eu dal\u012bbnieka, sabiedrisk\u0101 darbinieka, publicista Ilm\u0101ra Kna\u0123a (1926-2020) fotogr\u0101fiju izst\u0101di, kas velt\u012bta noz\u012bm\u012bgam notikumam Latvijas v\u0113stur\u0113 \u2013 nevardarb\u012bg\u0101s preto\u0161an\u0101s akcijai 1991. gada janv\u0101ra barik\u0101d\u0113m. Barik\u0101\u017eu br\u012bv\u012bbas sardz\u0113 Za\u0137usal\u0101 st\u0101v\u0113ja ar\u012b j\u0113kabpilie\u0161i. Barik\u0101\u017eu aizst\u0101vju atceres diena katru gadu tiek atz\u012bm\u0113ta 20. janv\u0101r\u012b, kad ar da\u017e\u0101diem pas\u0101kumiem vis\u0101 Latvij\u0101 atceras br\u012bv\u012bbas c\u012bn\u012bt\u0101jus. <\/p>\n<p>____________________<\/p>\n<p class=\"paragraph\">Aktivit\u0101\u0161u r\u012bts pirmsskolas vecuma b\u0113rniem \u201cSvinam sv\u0113tkus Vinnijam P\u016bk\u0101m!\u201d<\/p>\n<p>17. janv\u0101r\u012b plkst.11.00 J\u0113kabpils pils\u0113tas bibliot\u0113kas B\u0113rnu un jaunie\u0161u apkalpo\u0161anas noda\u013c\u0101 (Andreja Porma\u013ca iel\u0101 11).<\/p>\n<p>\u0160aj\u0101 sestdienas r\u012bt\u0101 aicin\u0101m m\u016bsu mazos las\u012bt\u0101jus atn\u0101kt uz bibliot\u0113ku, lai kop\u012bgi nosvin\u0113tu Vinnija P\u016bka 100. dzim\u0161anas dienu. Las\u012bsim gr\u0101matas par P\u016bku un vi\u0146a draugiem, iesim rota\u013c\u0101s, min\u0113sim m\u012bklas un sp\u0113l\u0113sim da\u017e\u0101das sp\u0113les. Esi gatavs p\u0101rsteigumiem, jo gr\u0101mat\u0101 par Vinniju P\u016bku negaid\u012bti notikumi un piedz\u012bvojumi ir aprakst\u012bti katr\u0101 lappus\u0113!<\/p>\n<p>____________________<\/p>\n<p>Rado\u0161\u0101s darbn\u012bcas \u201cPasakainie zirgi\u201d<\/p>\n<p>19.-31. janv\u0101r\u012b darba laik\u0101 J\u0113kabpils pils\u0113tas bibliot\u0113kas B\u0113rnu un jaunie\u0161u apkalpo\u0161anas noda\u013c\u0101 (Andreja Porma\u013ca iel\u0101 11).<\/p>\n<p>29. janv\u0101ris ir Starptautisk\u0101 puzles diena. Rado\u0161aj\u0101 darbn\u012bc\u0101\u00a0no maziem gabali\u0146iem veidosim 2026. gada simbola\u00a0Zirga fotogr\u0101fijas un pasaku gr\u0101matu\u00a0Vienrad\u017ea\u00a0att\u0113lus. \u010caklajiem pirksti\u0146iem b\u016bs\u00a0v\u0113l k\u0101da interesanta nodarbe \u2013 veidot\u00a0zirga kr\u0113pju friz\u016bras.<\/p>\n<p>____________________<\/p>\n<p>Tik\u0161an\u0101s Las\u012bt\u0101ju klubi\u0146\u0101 <\/p>\n<p>22. janv\u0101r\u012b plkst.17.00 J\u0113kabpils pils\u0113tas bibliot\u0113kas Interneta un periodikas las\u012btav\u0101 (Andreja Porma\u013ca iel\u0101 11).<\/p>\n<p>Lai jaunaj\u0101 gad\u0101 ieso\u013cotu ar pozit\u012bvu noska\u0146u, iedvesmu un motiv\u0101ciju lieliem darbiem, \u201cLas\u012bt\u0101ju klubi\u0146\u0161\u201d aicina p\u0101rcil\u0101t gr\u0101matu plauktus un atrast to iedvesmojo\u0161o st\u0101stu, biogr\u0101fiju vai rom\u0101nu, kuru izlasot, rodas ap\u0146\u0113m\u012bba darboties, uzlabojas oma,\u00a0 dzimst jaunas ap\u0146em\u0161an\u0101s vai ko\u0161\u0101kas nokr\u0101sas ieg\u016bst cit\u0101di vienmu\u013ca, pel\u0113ka diena. Mekl\u0113sim savu iedvesmas gr\u0101matu, jo jaunais gads ir j\u0101ies\u0101k jaud\u012bgi.<\/p>\n<p>____________________<\/p>\n<p class=\"paragraph\">Las\u012b\u0161anas veicin\u0101\u0161anas akcija 1.-9. kla\u0161u skol\u0113niem \u201cZvaig\u017e\u0146u las\u012bt\u0101ji\u201d<\/p>\n<p>2026. gad\u0101 darba laik\u0101 J\u0113kabpils pils\u0113tas bibliot\u0113kas B\u0113rnu un jaunie\u0161u apkalpo\u0161anas noda\u013c\u0101 (Andreja Porma\u013ca iel\u0101 11).<\/p>\n<p>Jaun\u0101 gada pirmaj\u0101 bibliot\u0113kas darbdien\u0101 s\u0101kas las\u012bt\u0101ju gada konkurss \u201cZvaig\u017e\u0146u las\u012bt\u0101ji\u201d. Visu gadu ik m\u0113nesi, uzskaitot izlas\u012bt\u0101s gr\u0101matas un \u017eurn\u0101lus, noteiksim m\u0113ne\u0161a \u010dakl\u0101kos las\u012bt\u0101jus. Decembr\u012b vis\u010dakl\u0101kie las\u012bt\u0101ji tiksies nosl\u0113guma pas\u0101kum\u0101, lai sp\u0113l\u0113tu liter\u0101ras sp\u0113les par gada popul\u0101r\u0101kaj\u0101m gr\u0101mat\u0101m un sa\u0146emtu nopeln\u012bt\u0101s balvas. Las\u012b\u0161anas veicin\u0101\u0161anas konkursa m\u0113r\u0137is ir aicin\u0101t b\u0113rnus regul\u0101ri apmekl\u0113t bibliot\u0113ku un vair\u0101k las\u012bt gr\u0101matas un \u017eurn\u0101lus, iepaz\u012bties ar daudzveid\u012bgo bibliot\u0113kas kr\u0101jumu, sekot jaun\u0101kajai literat\u016brai.<\/p>\n<p>____________________<\/p>\n<p class=\"paragraph\">\u00a0<\/p>\n<p class=\"paragraph\">Sandra Mi\u0146kova<br \/>Bibliogr\u0101fe<br \/>J\u0113kabpils pils\u0113tas bibliot\u0113ka<br \/>J\u0113kabpils novada Galven\u0101 bibliot\u0113ka<\/p>\n","protected":false},"excerpt":{"rendered":"J\u0112KABPILS PILS\u0112TA L\u012bdz 10.01. Darba laik\u0101 J\u0113kabpils pils\u0113tas bibliot\u0113kas Izst\u0101\u017eu un tik\u0161an\u0101s z\u0101l\u0113 (Pasta iel\u0101 39) Izst\u0101de &#8220;P\u0113ta&hellip;\n","protected":false},"author":2,"featured_media":95337,"comment_status":"","ping_status":"","sticky":false,"template":"","format":"standard","meta":{"footnotes":""},"categories":[12],"tags":[23,28,29,32,33,22,30,31,35,39,38,36,37,34,40,20,26,27,24,25,21],"class_list":{"0":"post-95336","1":"post","2":"type-post","3":"status-publish","4":"format-standard","5":"has-post-thumbnail","7":"category-latvija","8":"tag-aktualitates","9":"tag-breaking-news","10":"tag-breakingnews","11":"tag-featured-news","12":"tag-featurednews","13":"tag-headlines","14":"tag-latest-news","15":"tag-latestnews","16":"tag-latvia","17":"tag-latvian","18":"tag-latviesu","19":"tag-latviesu-valoda","20":"tag-latviesuvaloda","21":"tag-latvija","22":"tag-lv","23":"tag-news","24":"tag-popularakas-zinas","25":"tag-popularakaszinas","26":"tag-top-stories","27":"tag-topstories","28":"tag-zinas"},"share_on_mastodon":{"url":"https:\/\/pubeurope.com\/@lv\/115843140596634470","error":""},"_links":{"self":[{"href":"https:\/\/www.europesays.com\/lv\/wp-json\/wp\/v2\/posts\/95336","targetHints":{"allow":["GET"]}}],"collection":[{"href":"https:\/\/www.europesays.com\/lv\/wp-json\/wp\/v2\/posts"}],"about":[{"href":"https:\/\/www.europesays.com\/lv\/wp-json\/wp\/v2\/types\/post"}],"author":[{"embeddable":true,"href":"https:\/\/www.europesays.com\/lv\/wp-json\/wp\/v2\/users\/2"}],"replies":[{"embeddable":true,"href":"https:\/\/www.europesays.com\/lv\/wp-json\/wp\/v2\/comments?post=95336"}],"version-history":[{"count":0,"href":"https:\/\/www.europesays.com\/lv\/wp-json\/wp\/v2\/posts\/95336\/revisions"}],"wp:featuredmedia":[{"embeddable":true,"href":"https:\/\/www.europesays.com\/lv\/wp-json\/wp\/v2\/media\/95337"}],"wp:attachment":[{"href":"https:\/\/www.europesays.com\/lv\/wp-json\/wp\/v2\/media?parent=95336"}],"wp:term":[{"taxonomy":"category","embeddable":true,"href":"https:\/\/www.europesays.com\/lv\/wp-json\/wp\/v2\/categories?post=95336"},{"taxonomy":"post_tag","embeddable":true,"href":"https:\/\/www.europesays.com\/lv\/wp-json\/wp\/v2\/tags?post=95336"}],"curies":[{"name":"wp","href":"https:\/\/api.w.org\/{rel}","templated":true}]}}