{"id":95338,"date":"2026-01-05T15:13:08","date_gmt":"2026-01-05T15:13:08","guid":{"rendered":"https:\/\/www.europesays.com\/lv\/95338\/"},"modified":"2026-01-05T15:13:08","modified_gmt":"2026-01-05T15:13:08","slug":"pirms-pieciem-gadiem-spradziena-izpostitas-melnsila-ielas-ekas-nakotne-joprojam-neskaidra-raksts","status":"publish","type":"post","link":"https:\/\/www.europesays.com\/lv\/95338\/","title":{"rendered":"Pirms pieciem gadiem spr\u0101dzien\u0101 izpost\u012bt\u0101s Melnsila ielas \u0113kas n\u0101kotne joproj\u0101m neskaidra \/ Raksts"},"content":{"rendered":"<p>R\u012bgas m\u0113rs Viesturs Kleinbergs (&#8220;Progres\u012bvie&#8221;)\u00a0sola, ka ar <a href=\"https:\/\/www.lsm.lv\/raksts\/zinas\/latvija\/02.01.2026-riga-bauskas-iela-pec-gazes-spradziena-daleji-sagruvusi-daudzdzivoklu-nama-augsejie-stavi-atrasts-otrs-mirusais-cilveks.a628406\/?utm_source=lsm&amp;utm_medium=article-body&amp;utm_campaign=admin\" rel=\"nofollow noopener\" target=\"_blank\">Bauskas ielas spr\u0101dzien\u0101<\/a> cietu\u0161o namu situ\u0101cija b\u016bs lab\u0101ka\u00a0nek\u0101 ar <a href=\"https:\/\/www.lsm.lv\/raksts\/zinas\/latvija\/agenskalna-spragusi-un-daleji-sabrukusi-daudzdzivoklu-maja-boja-gajis-cilveks.a387297\/\" rel=\"nofollow noopener\" target=\"_blank\">\u0113ku Melnsila iel\u0101 2<\/a>, kas da\u013c\u0113ji sabruka p\u0113c spr\u0101dziena 2020. gad\u0101. Tiesved\u012bba saist\u012bb\u0101 ar pirms pieciem gadiem izpost\u012bto\u00a0\u0113ku joproj\u0101m turpin\u0101s,\u00a0un \u0161obr\u012bd tiek gaid\u012bts Augst\u0101kas tiesas spriedums. Pirm\u0101s instances tiesa\u00a0l\u0113musi, ka pa\u0161vald\u012bbai ir pien\u0101kums atjaunot \u0113ku, bet v\u0113l\u0101k R\u012bgas dome l\u0113mumu p\u0101rs\u016bdz\u0113ja. L\u012bdz ar to \u0113kas n\u0101kotne joproj\u0101m nav skaidra. Toreiz spr\u0101dzien\u0101 cieta 6 cilv\u0113ki un viens g\u0101ja boj\u0101.<\/p>\n<p>\u012aSUM\u0100:<\/p>\n<ul>\n<li>Joproj\u0101m turpin\u0101s tiesved\u012bba saist\u012bb\u0101 ar pirms pieciem gadiem spr\u0101dzien\u0101 da\u013c\u0113ji sabruku\u0161o namu R\u012bg\u0101, Melnsila iel\u0101.<\/li>\n<li>Iedz\u012bvot\u0101ji p\u0101rs\u016bdz\u0113ja otr\u0101s instances tiesas l\u0113mumu, kas bija labv\u0113l\u012bgs pa\u0161vald\u012bbai.<\/li>\n<li>L\u012bdz Augst\u0101k\u0101s tiesas spriedumam \u0113kas n\u0101kotne ir neskaidra.<\/li>\n<li>\u0112kas iedz\u012bvot\u0101ji turpina maks\u0101t apsaimniekot\u0101jam.<\/li>\n<\/ul>\n<p>Pirms pieciem gadiem spr\u0101dzien\u0101 izpost\u012bt\u0101s Melnsila ielas \u0113kas n\u0101kotne joproj\u0101m neskaidra<\/p>\n<p>\u0160obr\u012bd Melnsila iel\u0101 2, \u0100genskaln\u0101, joproj\u0101m st\u0101v izpost\u012bta m\u0101ja. Jau piecus gadus dz\u012bvok\u013cu \u012bpa\u0161nieki str\u012bd\u0101s\u00a0ar R\u012bgas domi par \u0113kas atjauno\u0161anu, jo par prop\u0101na g\u0101zes spr\u0101dziena vietu tika atz\u012bts tie\u0161i m\u0101jas 9. dz\u012bvoklis, kas pieder pa\u0161vald\u012bbai, un kuru iz\u012br\u0113ja Soci\u0101la dienesta klients. Bet iedz\u012bvot\u0101jiem neizdev\u0101s atrisin\u0101t jaut\u0101jumu \u0101rpus tiesas, un dome savu atbild\u012bbu notiku\u0161aj\u0101 atz\u012bt atteic\u0101s. Savuk\u0101rt krimin\u0101lprocess, ko s\u0101ka p\u0113c spr\u0101dziena, tika izbeigts bez k\u0101da atbild\u012bg\u0101\u00a0noskaidro\u0161anas. L\u012bdz ar to iedz\u012bvot\u0101ji v\u0113rs\u0101s ties\u0101, un 2024. gada vid\u016b R\u012bgas pils\u0113tas tiesa l\u0113ma par labu iedz\u012bvot\u0101jiem.<\/p>\n<p>Domei bija uzlikts pien\u0101kums veikt nepiecie\u0161amo atjauno\u0161anas darbu izp\u0113ti, k\u0101 ar\u012b pa\u0161us darbus tr\u012bs gadu laik\u0101. Tom\u0113r pa\u0161vald\u012bba spriedumu izl\u0113ma p\u0101rs\u016bdz\u0113t.<\/p>\n<p>Toreiz R\u012bgas dome st\u0101st\u012bja, ka atjauno\u0161ana pras\u012btu\u00a0iev\u0113rojamu r\u012bdzinieku l\u012bdzek\u013cu ieguld\u012b\u0161anu priv\u0101ta \u012bpa\u0161uma sak\u0101rto\u0161an\u0101, t\u0101p\u0113c pa\u0161vald\u012bba to var veikt, tikai pamatojoties uz nep\u0101rprotamiem pier\u0101d\u012bjumiem un piln\u012bgu p\u0101rliec\u012bbu, ka \u0161is l\u0113mums b\u016btu tiesiski pamatots.<\/p>\n<p>Pirm\u0101s instances tiesas spriedum\u0101 atsevi\u0161\u0137us punktus var\u0113ja v\u0113rt\u0113t pretrun\u012bgi, v\u0113st\u012bja R\u012bgas dome,\u00a0t\u0101p\u0113c M\u0101jok\u013cu un vides departaments sagatavoja apel\u0101cijas s\u016bdz\u012bbu.<\/p>\n<blockquote>\n<p>\u0160aj\u0101 liet\u0101 tiesa pie\u0146\u0113ma l\u0113mumu par labu R\u012bgas domei, bet iedz\u012bvot\u0101ju p\u0101rst\u0101vji p\u0101rs\u016bdz\u0113ja to, un l\u012bdz ar to \u0161obr\u012bd tiek gaid\u012bts Augst\u0101kas tiesas l\u0113mums,<\/p>\n<\/blockquote>\n<p>st\u0101st\u012bja R\u012bgas domes p\u0101rst\u0101vis M\u0101rti\u0146\u0161 Vilemsons:<\/p>\n<p>&#8220;Pa\u0161laik turpin\u0101s tiesved\u012bba un tiek gaid\u012bts Augst\u0101k\u0101s tiesas spriedums.\u00a0No\u00a0sprieduma atkar\u012bgs, k\u0101 turpin\u0101s to lietu skat\u012bt, jo otr\u0101s instances l\u0113mums bija labv\u0113l\u012bgs pa\u0161vald\u012bbai, un tad j\u0101skat\u0101s, kas tur b\u016bs t\u0101l\u0101k. K\u0101\u00a0tiesa nolems, t\u0101\u00a0pa\u0161vald\u012bbai b\u016bs\u00a0j\u0101dara.&#8221;<\/p>\n<p>Tikm\u0113r\u00a0R\u012bgas domes M\u0101jok\u013cu un vides departaments nor\u0101d\u012bja, ka papildu koment\u0101rus sniegt p\u0113c tiesved\u012bbas nosl\u0113guma.<\/p>\n<p>\u0112kas iedz\u012bvot\u0101ji turpina maks\u0101t apsaimniekot\u0101jam<\/p>\n<p>Kam\u0113r tiek gaid\u012bts Augst\u0101k\u0101s tiesas l\u0113mums, tikm\u0113r dz\u012bvok\u013cu \u012bpa\u0161nieki m\u0101j\u0101, kas \u0161obr\u012bd nav apdz\u012bvota, turpina maks\u0101t par apsaimnieko\u0161anu SIA &#8220;R\u012bgas namu p\u0101rvaldnieks&#8221; (RNP), apstiprin\u0101ja uz\u0146\u0113muma\u00a0p\u0101rst\u0101ve Inita Kabanova:<\/p>\n<p>&#8220;\u0160ai m\u0101jai m\u0113s turpin\u0101m nodro\u0161in\u0101t\u00a0nepiecie\u0161amos pamatpakalpojumus, un, t\u0101 k\u0101 t\u0101 \u0113ka nav apdz\u012bvojama, tie ir mazi, bet tie ir b\u016btiski darbi.\u00a0M\u0113s uzturam k\u0101rt\u012bb\u0101 teritoriju, ar\u012b nojumi\u00a0g\u0101j\u0113ju dro\u0161\u012bbai, notiek viss administrat\u012bvais darbs, ir m\u0101jas finan\u0161u p\u0101rvald\u012bba, dokument\u0101cijas uztur\u0113\u0161ana, t\u0101p\u0113c dz\u012bvok\u013cu \u012bpa\u0161niekiem ir r\u0113\u0137ini ar samazin\u0101tu p\u0101rvald\u012b\u0161anas maksu, protams, bez komun\u0101lajiem [pakalpojumiem]. Pa\u0161laik m\u0113s ar\u012b izskat\u0101m iesp\u0113ju to apsaimnieko\u0161anas maksu\u00a0samazin\u0101t, jo m\u0101jai ir akt\u012bva biedr\u012bba, kas v\u0113las un ir gatava da\u013cu darbu veikt pati.&#8221;<\/p>\n<p>            <img decoding=\"async\" src=\"https:\/\/www.europesays.com\/lv\/wp-content\/uploads\/2026\/01\/en4w.jpg\" alt=\"Spr\u0101dzien\u0101 cietu\u0161ais nams Melnsila iel\u0101. 2021. gada 24. janv\u0101ris.\"\/><\/p>\n<p>Spr\u0101dzien\u0101 cietu\u0161ais nams Melnsila iel\u0101. 2021. gada 24. janv\u0101ris.<\/p>\n<p>Arh\u012bva foto. Pievienots 26.01.2021. D\u0101vids Freidenfelds\/LTV<\/p>\n<\/p>\n<p>Kabanova sac\u012bja, ka RNP ar\u012b pied\u0101v\u0101jis\u00a0iedz\u012bvot\u0101jiem atjauno\u0161anas projektu, bet turpm\u0101ka r\u012bc\u012bba ir atkar\u012bga no iedz\u012bvot\u0101ju l\u0113mumiem.<\/p>\n<p>S\u0101kotn\u0113j\u0101s izmaksas \u2013 konserv\u0101cija, teritorijas sak\u0101rto\u0161ana \u2013 bija\u00a0ap 31 000 eiro apm\u0113r\u0101, un t\u0101s sedza\u00a0pa\u0161vald\u012bba. Savuk\u0101rt R\u012bgas m\u0113rs\u00a0Kleinbergs nor\u0101d\u012bja, ka domes turpm\u0101k\u0101\u00a0r\u012bc\u012bba b\u016bs atkar\u012bga no t\u0101, ko lems b\u016bvin\u017eenieri, un k\u0101 att\u012bst\u012bsies tiesved\u012bba:<\/p>\n<p>&#8220;\u0160eit gan j\u0101saka, ka joproj\u0101m notiek tiesas un ties\u0101\u0161an\u0101s process,\u00a0un \u0161obr\u012bd it k\u0101 pa\u0161vald\u012bba ir, k\u0101 saka, uzvar\u0113t\u0101ja\u00a0\u0161aj\u0101 proces\u0101. Kas t\u0101 drusku d\u012bvaini, protams, izklaus\u0101s. Bet nu es dom\u0101ju, ka m\u0113s n\u0101ksim kop\u0101 un risin\u0101sim to jaut\u0101jumu. Bet \u0161odien ir p\u0101ragri v\u0113l spriest par to, k\u0101ds b\u016bs tas risin\u0101jums, jo, iesp\u0113jams, varb\u016bt\u00a0b\u016bvin\u017eenieri atz\u012bs, ka t\u0101 m\u0101ja j\u0101jauc nost.&#8221;<\/p>\n<p>Run\u0101jot par \u0161\u012b gada s\u0101kum\u0101 notiku\u0161o tra\u0123\u0113diju Bauskas iel\u0101, Kleinbergs nor\u0101d\u012bja, ka no Melnsila ielas nama piem\u0113ra ir g\u016btas\u00a0k\u0101das m\u0101c\u012bbas. Iesp\u0113jams,\u00a0\u0161aj\u0101 situ\u0101cij\u0101 iedz\u012bvot\u0101jiem neb\u016bs\u00a0j\u0101gaida tik ilgi, kam\u0113r atrisin\u0101sies jaut\u0101jums par vi\u0146u m\u0101jas atjauno\u0161anu vai citiem iesp\u0113jamajiem risin\u0101jumiem.<\/p>\n<p>Tikm\u0113r M\u0101jok\u013cu un vides departaments uz jaut\u0101jumu par to, k\u0101das m\u0101c\u012bbas g\u016btas no Melnsila ielas nama pieredzes, atbild\u0113ja, ka &#8220;\u0161ie negad\u012bjumi apliecina, ka joproj\u0101m ir cilv\u0113ki, kuri vienaldz\u012bgi izturas pret savas un l\u012bdzcilv\u0113ku dro\u0161\u012bbas jaut\u0101jumiem&#8221;. Toreiz vair\u0101kas cietu\u0161o \u0123imenes ar\u012b sa\u0146\u0113ma pabalstus 1000 eiro apm\u0113r\u0101 no R\u012bgas soci\u0101la dienesta.<\/p>\n<p>KONTEKSTS:<\/p>\n<p>P\u0101rdaugav\u0101, Melnsila iel\u0101 2, 2020. gada 31. decembr\u012b\u00a0<a data-id=\"387297\" data-type=\"article\" href=\"https:\/\/www.lsm.lv\/raksts\/zinas\/latvija\/agenskalna-spragusi-un-daleji-sabrukusi-daudzdzivoklu-maja-boja-gajis-cilveks.a387297\/\" target=\"_blank\" class=\"lsm-link\" rel=\"nofollow noopener\">uzspr\u0101ga, da\u013c\u0113ji sagruva\u00a0un aizdeg\u0101s\u00a0<\/a>tr\u012bsst\u0101vu dz\u012bvojam\u0101 \u0113ka. Negad\u012bjum\u0101 cieta\u00a0se\u0161i cilv\u0113ki un viens g\u0101ja boj\u0101.<\/p>\n<p>Savuk\u0101rt \u0161\u012b gada s\u0101kum\u0101 R\u012bg\u0101, Bauskas iel\u0101 15,\u00a0<a data-id=\"628441\" data-type=\"article\" href=\"https:\/\/www.lsm.lv\/raksts\/zinas\/latvija\/03.01.2026-turpinas-bauskas-iela-notikusa-gazes-spradziena-seku-likvidesana-cietusie-iedzivotaji-vares-pieteikties-pabalstam.a628441\/\" class=\"lsm-link\" rel=\"nofollow noopener\" target=\"_blank\">p\u0113c spr\u0101dziena sagruva konstrukcijas\u00a0<\/a>piecst\u0101vu daudzdz\u012bvok\u013cu \u0113kas aug\u0161\u0113jos st\u0101vos. Negad\u012bjum\u0101 g\u0101ja boj\u0101 divi cilv\u0113ki. Uz\u0146\u0113mum\u0101 &#8220;Gaso&#8221; apstiprin\u0101ja, ka viens no tiem ir uz\u0146\u0113muma darbinieks.<\/p>\n","protected":false},"excerpt":{"rendered":"R\u012bgas m\u0113rs Viesturs Kleinbergs (&#8220;Progres\u012bvie&#8221;)\u00a0sola, ka ar Bauskas ielas spr\u0101dzien\u0101 cietu\u0161o namu situ\u0101cija b\u016bs lab\u0101ka\u00a0nek\u0101 ar \u0113ku Melnsila&hellip;\n","protected":false},"author":2,"featured_media":95339,"comment_status":"","ping_status":"","sticky":false,"template":"","format":"standard","meta":{"footnotes":""},"categories":[5],"tags":[23,28,29,32,33,22,30,31,35,39,38,36,37,34,40,20,26,27,24,25,21],"class_list":{"0":"post-95338","1":"post","2":"type-post","3":"status-publish","4":"format-standard","5":"has-post-thumbnail","7":"category-aktualitates","8":"tag-aktualitates","9":"tag-breaking-news","10":"tag-breakingnews","11":"tag-featured-news","12":"tag-featurednews","13":"tag-headlines","14":"tag-latest-news","15":"tag-latestnews","16":"tag-latvia","17":"tag-latvian","18":"tag-latviesu","19":"tag-latviesu-valoda","20":"tag-latviesuvaloda","21":"tag-latvija","22":"tag-lv","23":"tag-news","24":"tag-popularakas-zinas","25":"tag-popularakaszinas","26":"tag-top-stories","27":"tag-topstories","28":"tag-zinas"},"share_on_mastodon":{"url":"https:\/\/pubeurope.com\/@lv\/115843144235869913","error":""},"_links":{"self":[{"href":"https:\/\/www.europesays.com\/lv\/wp-json\/wp\/v2\/posts\/95338","targetHints":{"allow":["GET"]}}],"collection":[{"href":"https:\/\/www.europesays.com\/lv\/wp-json\/wp\/v2\/posts"}],"about":[{"href":"https:\/\/www.europesays.com\/lv\/wp-json\/wp\/v2\/types\/post"}],"author":[{"embeddable":true,"href":"https:\/\/www.europesays.com\/lv\/wp-json\/wp\/v2\/users\/2"}],"replies":[{"embeddable":true,"href":"https:\/\/www.europesays.com\/lv\/wp-json\/wp\/v2\/comments?post=95338"}],"version-history":[{"count":0,"href":"https:\/\/www.europesays.com\/lv\/wp-json\/wp\/v2\/posts\/95338\/revisions"}],"wp:featuredmedia":[{"embeddable":true,"href":"https:\/\/www.europesays.com\/lv\/wp-json\/wp\/v2\/media\/95339"}],"wp:attachment":[{"href":"https:\/\/www.europesays.com\/lv\/wp-json\/wp\/v2\/media?parent=95338"}],"wp:term":[{"taxonomy":"category","embeddable":true,"href":"https:\/\/www.europesays.com\/lv\/wp-json\/wp\/v2\/categories?post=95338"},{"taxonomy":"post_tag","embeddable":true,"href":"https:\/\/www.europesays.com\/lv\/wp-json\/wp\/v2\/tags?post=95338"}],"curies":[{"name":"wp","href":"https:\/\/api.w.org\/{rel}","templated":true}]}}