{"id":95340,"date":"2026-01-05T15:15:07","date_gmt":"2026-01-05T15:15:07","guid":{"rendered":"https:\/\/www.europesays.com\/lv\/95340\/"},"modified":"2026-01-05T15:15:07","modified_gmt":"2026-01-05T15:15:07","slug":"kristers-penkevics-pievienojies-cehijas-futbola-ekstraligas-klubam-zlin-lente-lv","status":"publish","type":"post","link":"https:\/\/www.europesays.com\/lv\/95340\/","title":{"rendered":"Kristers Penkevics pievienojies \u010cehijas futbola ekstral\u012bgas klubam &#8220;Zl\u00edn&#8221;\u00a0\u2014\u00a0Lente.lv"},"content":{"rendered":"<p>Kristers Penkevics paraksta tr\u012bs gadu l\u012bgumu ar &#8220;Zl\u00edn&#8221;<\/p>\n<p>Latvijas futbola izlases pussargs Kristers Penkevics turpm\u0101k p\u0101rst\u0101v\u0113s \u010cehijas futbola ekstral\u012bgas vien\u012bbu &#8220;Zl\u00edn&#8221;, par to sv\u0113tdien pazi\u0146oja klubs. K\u0101 inform\u0113 port\u0101ls jauns.lv, 22 gadus vecais futbolists nosl\u0113dzis l\u012bgumu ar komandu uz trim gadiem. \u0160is ir noz\u012bm\u012bgs solis Penkevica karjer\u0101, jo vi\u0146am t\u0101 b\u016bs pirm\u0101 \u0101rzemju pieredze augst\u0101k\u0101 l\u012bme\u0146a profesion\u0101laj\u0101 futbol\u0101. &#8220;Zl\u00edn&#8221; komanda pa\u0161laik ar 26 punktiem 19 aizvad\u012bt\u0101s sp\u0113l\u0113s ie\u0146em dev\u012bto vietu \u010cehijas \u010dempion\u0101ta kopv\u0113rt\u0113jum\u0101.<\/p>\n<p>Ce\u013c\u0161 l\u012bdz profesion\u0101lajam l\u012bgumam<\/p>\n<p>Kristers Penkevics, kur\u0161 dzimis 2003. gada 28. janv\u0101r\u012b, ir audzis Tukuma futbola sist\u0113m\u0101. Savas karjeras laik\u0101 vi\u0146\u0161 ir sp\u0113l\u0113jis vair\u0101kos Latvijas klubos, p\u0101rst\u0101vot gan FK &#8220;Tukums 2000\/TSS&#8221;, gan &#8220;Valmiera FC&#8221;, ar kuru k\u013cuva par Latvijas \u010dempionu, gan ar\u012b &#8220;FS Jelgava&#8221;. Pag\u0101ju\u0161aj\u0101 sezon\u0101, p\u0101rst\u0101vot &#8220;Jelgavu&#8221;, Penkevics 33 Latvijas futbola virsl\u012bgas sp\u0113l\u0113s guva divus v\u0101rtus. Vi\u0146\u0161 ir ar\u012b jaunatnes izla\u0161u sp\u0113l\u0113t\u0101js, k\u0101 ar\u012b aizvad\u012bjis divas sp\u0113les Latvijas nacion\u0101laj\u0101 izlas\u0113. Vi\u0146a debija pieaugu\u0161o valstsvien\u012bb\u0101 notika 2025. gada 7. j\u016bnij\u0101 p\u0101rbaudes sp\u0113l\u0113 pret Azerbaid\u017e\u0101nu.<\/p>\n<p>&#8220;Zl\u00edn&#8221; klubs un t\u0101 l\u012bmenis<\/p>\n<p>FC &#8220;Zl\u00edn&#8221; ir \u010cehijas augst\u0101k\u0101s l\u012bgas klubs, kas dibin\u0101ts 1919. gad\u0101. Komanda savas m\u0101jas sp\u0113les aizvada &#8220;Letn\u00e1&#8221; stadion\u0101 Zl\u012bn\u0101, kura ietilp\u012bba ir 6375 skat\u012bt\u0101ji. Kluba sast\u0101v\u0101 sp\u0113l\u0113 da\u017e\u0101du taut\u012bbu futbolisti, un vid\u0113jais komandas vecums ir aptuveni 28 gadi. \u0160obr\u012bd klubs ie\u0146em 9. vietu \u010cehijas \u010dempion\u0101t\u0101, kas liecina par t\u0101 stabilit\u0101ti un sp\u0113ku nacion\u0101laj\u0101 l\u012bmen\u012b. Penkevica jaunais l\u012bgums uz trim gadiem liecina par kluba uztic\u0113\u0161anos jaunajam sp\u0113l\u0113t\u0101jam un vi\u0146a potenci\u0101lam.<\/p>\n<p>N\u0101kotnes perspekt\u012bvas un Latvijas futbols<\/p>\n<p>\u0160\u012b p\u0101reja ir svar\u012bga ne tikai Penkevica person\u012bgajai karjerai, bet ar\u012b Latvijas futbolam kopum\u0101. Tas apliecina, ka Latvijas jaunie sp\u0113l\u0113t\u0101ji sp\u0113j konkur\u0113t un atrast vietas sp\u0113c\u012bgos \u0101rvalstu \u010dempion\u0101tos. &#8220;Zl\u00edn&#8221; ir iek\u013cauts ar\u012b \u010cehijas otr\u0101s l\u012bgas \u010dempion\u0101t\u0101 2024.\/2025. gada sezon\u0101. Vair\u0101ki Latvijas futbolisti jau sp\u0113l\u0113 \u0101rvalst\u012bs, un Penkevica pievieno\u0161an\u0101s &#8220;Zl\u00edn&#8221; var\u0113tu iedvesmot citus jaunie\u0161us doties \u0101rpus Latvijas robe\u017e\u0101m, mekl\u0113jot augst\u0101ka l\u012bme\u0146a sp\u0113les praksi. Tas veicina Latvijas futbola att\u012bst\u012bbu un paaugstina t\u0101 atpaz\u012bstam\u012bbu starptautisk\u0101 m\u0113rog\u0101.<\/p>\n","protected":false},"excerpt":{"rendered":"Kristers Penkevics paraksta tr\u012bs gadu l\u012bgumu ar &#8220;Zl\u00edn&#8221; Latvijas futbola izlases pussargs Kristers Penkevics turpm\u0101k p\u0101rst\u0101v\u0113s \u010cehijas futbola&hellip;\n","protected":false},"author":2,"featured_media":95341,"comment_status":"","ping_status":"","sticky":false,"template":"","format":"standard","meta":{"footnotes":""},"categories":[17],"tags":[10328,23735,676,23734,35,39,38,36,37,34,4765,40,67],"class_list":{"0":"post-95340","1":"post","2":"type-post","3":"status-publish","4":"format-standard","5":"has-post-thumbnail","7":"category-sports","8":"tag-cehijas-ekstraliga","9":"tag-fc-zlin","10":"tag-futbols","11":"tag-kristers-penkevics","12":"tag-latvia","13":"tag-latvian","14":"tag-latviesu","15":"tag-latviesu-valoda","16":"tag-latviesuvaloda","17":"tag-latvija","18":"tag-latvijas-izlase","19":"tag-lv","20":"tag-sports"},"share_on_mastodon":{"url":"https:\/\/pubeurope.com\/@lv\/115843152146604979","error":""},"_links":{"self":[{"href":"https:\/\/www.europesays.com\/lv\/wp-json\/wp\/v2\/posts\/95340","targetHints":{"allow":["GET"]}}],"collection":[{"href":"https:\/\/www.europesays.com\/lv\/wp-json\/wp\/v2\/posts"}],"about":[{"href":"https:\/\/www.europesays.com\/lv\/wp-json\/wp\/v2\/types\/post"}],"author":[{"embeddable":true,"href":"https:\/\/www.europesays.com\/lv\/wp-json\/wp\/v2\/users\/2"}],"replies":[{"embeddable":true,"href":"https:\/\/www.europesays.com\/lv\/wp-json\/wp\/v2\/comments?post=95340"}],"version-history":[{"count":0,"href":"https:\/\/www.europesays.com\/lv\/wp-json\/wp\/v2\/posts\/95340\/revisions"}],"wp:featuredmedia":[{"embeddable":true,"href":"https:\/\/www.europesays.com\/lv\/wp-json\/wp\/v2\/media\/95341"}],"wp:attachment":[{"href":"https:\/\/www.europesays.com\/lv\/wp-json\/wp\/v2\/media?parent=95340"}],"wp:term":[{"taxonomy":"category","embeddable":true,"href":"https:\/\/www.europesays.com\/lv\/wp-json\/wp\/v2\/categories?post=95340"},{"taxonomy":"post_tag","embeddable":true,"href":"https:\/\/www.europesays.com\/lv\/wp-json\/wp\/v2\/tags?post=95340"}],"curies":[{"name":"wp","href":"https:\/\/api.w.org\/{rel}","templated":true}]}}