{"id":95353,"date":"2026-01-05T15:30:16","date_gmt":"2026-01-05T15:30:16","guid":{"rendered":"https:\/\/www.europesays.com\/lv\/95353\/"},"modified":"2026-01-05T15:30:16","modified_gmt":"2026-01-05T15:30:16","slug":"atslabt-nedrikst-nbs-komandiera-bridinajums","status":"publish","type":"post","link":"https:\/\/www.europesays.com\/lv\/95353\/","title":{"rendered":"Atsl\u0101bt nedr\u012bkst: NBS komandiera br\u012bdin\u0101jums &#8211;"},"content":{"rendered":"<p style=\"text-align: justify;\">Pat ja karadarb\u012bbu Ukrain\u0101 \u0161ogad izdotos iesald\u0113t, to nedr\u012bkst\u0113tu uztvert k\u0101 risin\u0101jumu, kas \u013cautu atsl\u0101bt r\u016bp\u0113s par Latvijas dro\u0161\u012bbu un pa\u0161iem mazin\u0101t dro\u0161\u012bbas stiprin\u0101\u0161anas aktivit\u0101tes, \u0161or\u012bt intervij\u0101 LTV \u201cR\u012bta panor\u0101m\u0101\u201d sprieda Nacion\u0101lo bru\u0146oto sp\u0113ku (NBS) komandieris Kaspars Pud\u0101ns.<\/p>\n<p style=\"text-align: justify;\">Kopum\u0101 v\u0113rt\u0113jot Latvijas dro\u0161\u012bbas situ\u0101ciju, Pud\u0101ns atz\u012bm\u0113ja, ka t\u0101 ir atkar\u012bga no vair\u0101kiem faktoriem, tostarp, to ietekm\u0113 ar\u012b ASV uzbrukums Venecu\u0113lai, bet skaidrs, ka liel\u0101k\u0101 ietekme arvien ir Krievijas karadarb\u012bbai pret Ukrainu.<\/p>\n<p style=\"text-align: justify;\">NBS komandieris piebilda, ka b\u016btiskas b\u016bs ar\u012b Latvij\u0101 ruden\u012b gaid\u0101m\u0101s Saeimas v\u0113l\u0113\u0161anas. Kopum\u0101 Latvijas dro\u0161\u012bbas situ\u0101ciju ietekm\u0113jo\u0161ajos aspektos Pud\u0101ns b\u016btiskas izmai\u0146as neparedz.<\/p>\n<p style=\"text-align: justify;\">Armijas vad\u012bt\u0101js inform\u0113ja, ka \u0161aj\u0101 gad\u0101 vair\u0101k nek\u0101 puse aizsardz\u012bbas bud\u017eeta aizies milit\u0101ro sp\u0113ju stiprin\u0101\u0161an\u0101, l\u012bdz ar to att\u012bst\u012bba it k\u0101 notiek nedaudz nesabalans\u0113ti, bet tas nepiecie\u0161ams, jo \u0161o sp\u0113ju att\u012bst\u012b\u0161ana iepriek\u0161\u0113jos gados iepalika, jo pirms kara Ukrain\u0101 s\u0101kuma Latvijas armija fokus\u0113j\u0101s uz cit\u0101m priorit\u0101t\u0113m.<\/p>\n<p>Lasiet ar\u012b: <a style=\"color: #800000;\" href=\"https:\/\/bnn.lv\/video-ukraini-vel-neko-nav-zaudejusi-krievijas-televizija-sak-atklati-runat-par-neveiksmem-fronte-68328\" target=\"_blank\" rel=\"noopener nofollow\">VIDEO | \u201cUkrai\u0146i v\u0113l neko nav zaud\u0113ju\u0161i!\u201d\u2013 Krievijas telev\u012bzij\u0101 s\u0101k atkl\u0101ti run\u0101t par neveiksm\u0113m front\u0113<\/a><\/p>\n","protected":false},"excerpt":{"rendered":"Pat ja karadarb\u012bbu Ukrain\u0101 \u0161ogad izdotos iesald\u0113t, to nedr\u012bkst\u0113tu uztvert k\u0101 risin\u0101jumu, kas \u013cautu atsl\u0101bt r\u016bp\u0113s par Latvijas&hellip;\n","protected":false},"author":2,"featured_media":95354,"comment_status":"","ping_status":"","sticky":false,"template":"","format":"standard","meta":{"footnotes":""},"categories":[12],"tags":[23,28,29,32,33,22,30,31,35,39,38,36,37,34,40,20,26,27,24,25,21],"class_list":{"0":"post-95353","1":"post","2":"type-post","3":"status-publish","4":"format-standard","5":"has-post-thumbnail","7":"category-latvija","8":"tag-aktualitates","9":"tag-breaking-news","10":"tag-breakingnews","11":"tag-featured-news","12":"tag-featurednews","13":"tag-headlines","14":"tag-latest-news","15":"tag-latestnews","16":"tag-latvia","17":"tag-latvian","18":"tag-latviesu","19":"tag-latviesu-valoda","20":"tag-latviesuvaloda","21":"tag-latvija","22":"tag-lv","23":"tag-news","24":"tag-popularakas-zinas","25":"tag-popularakaszinas","26":"tag-top-stories","27":"tag-topstories","28":"tag-zinas"},"share_on_mastodon":{"url":"https:\/\/pubeurope.com\/@lv\/115843211161819329","error":""},"_links":{"self":[{"href":"https:\/\/www.europesays.com\/lv\/wp-json\/wp\/v2\/posts\/95353","targetHints":{"allow":["GET"]}}],"collection":[{"href":"https:\/\/www.europesays.com\/lv\/wp-json\/wp\/v2\/posts"}],"about":[{"href":"https:\/\/www.europesays.com\/lv\/wp-json\/wp\/v2\/types\/post"}],"author":[{"embeddable":true,"href":"https:\/\/www.europesays.com\/lv\/wp-json\/wp\/v2\/users\/2"}],"replies":[{"embeddable":true,"href":"https:\/\/www.europesays.com\/lv\/wp-json\/wp\/v2\/comments?post=95353"}],"version-history":[{"count":0,"href":"https:\/\/www.europesays.com\/lv\/wp-json\/wp\/v2\/posts\/95353\/revisions"}],"wp:featuredmedia":[{"embeddable":true,"href":"https:\/\/www.europesays.com\/lv\/wp-json\/wp\/v2\/media\/95354"}],"wp:attachment":[{"href":"https:\/\/www.europesays.com\/lv\/wp-json\/wp\/v2\/media?parent=95353"}],"wp:term":[{"taxonomy":"category","embeddable":true,"href":"https:\/\/www.europesays.com\/lv\/wp-json\/wp\/v2\/categories?post=95353"},{"taxonomy":"post_tag","embeddable":true,"href":"https:\/\/www.europesays.com\/lv\/wp-json\/wp\/v2\/tags?post=95353"}],"curies":[{"name":"wp","href":"https:\/\/api.w.org\/{rel}","templated":true}]}}