{"id":95365,"date":"2026-01-05T15:43:08","date_gmt":"2026-01-05T15:43:08","guid":{"rendered":"https:\/\/www.europesays.com\/lv\/95365\/"},"modified":"2026-01-05T15:43:08","modified_gmt":"2026-01-05T15:43:08","slug":"informes-par-aktualitatem-es-sesas-latvijas-pilsetas-darbu-saks-jauni-centri","status":"publish","type":"post","link":"https:\/\/www.europesays.com\/lv\/95365\/","title":{"rendered":"Inform\u0113s par aktualit\u0101t\u0113m ES \u2013 se\u0161\u0101s Latvijas pils\u0113t\u0101s darbu s\u0101ks jauni centri"},"content":{"rendered":"<p>Jaunaj\u0101 gad\u0101 darbu s\u0101ka jaunie &#8220;Europe Direct&#8221; centri, kas turpm\u0101k atrad\u012bsies se\u0161\u0101s pils\u0113t\u0101s \u2013 Kuld\u012bg\u0101, Jelgav\u0101, Gulben\u0113, Daugavpil\u012b, C\u0113s\u012bs un Valmier\u0101, &#8220;Delfi&#8221; inform\u0113ja <a rel=\"noopener nofollow\" target=\"_blank\" href=\"https:\/\/www.delfi.lv\/temas\/43896602\/eiropa\" tag-id=\"43896602\">Eiropas<\/a> Komisijas p\u0101rst\u0101vniec\u012bba Latvij\u0101.<\/p>\n<p class=\"western\">&#8220;&#8221;Europe Direct&#8221; centri kalpo k\u0101 tilts starp Eiropas Savien\u012bbu un Latvijas sabiedr\u012bbu, pal\u012bdzot uzzin\u0101t, izprast un izmantot ES pied\u0101v\u0101t\u0101s iesp\u0113jas. \u0160ie centri ne tikai inform\u0113 par aktu\u0101lo Eirop\u0101, bet ar\u012b veicina atgriezenisko saikni un sadarb\u012bbu, sekm\u0113jot kop\u012bgu Eiropas telpas veido\u0161anu. Tie\u0161i ar \u0161\u0101du m\u0113r\u0137i centri ir izvietoti da\u017e\u0101dos Latvijas re\u0123ionos, lai lab\u0101k izprastu viet\u0113jo iedz\u012bvot\u0101ju vajadz\u012bbas, uzklaus\u012btu ba\u017eas un skaidrotu ES lomu m\u016bsdienu izaicin\u0101jumu risin\u0101\u0161an\u0101,&#8221; pau\u017e Andris Ku\u017enieks, Eiropas Komisijas p\u0101rst\u0101vniec\u012bbas vad\u012bt\u0101js.<\/p>\n<p class=\"western\">Paredzams, ka centri sav\u0101 darb\u0101 izmantos da\u017e\u0101das sabiedr\u012bbas inform\u0113\u0161anas iesp\u0113jas, piem\u0113ram, soci\u0101los medijus, kl\u0101tienes, hibr\u012bda un tie\u0161saistes pas\u0101kumus, k\u0101 ar\u012b sadarbosies ar re\u0123ion\u0101lajiem pla\u0161sazi\u0146as l\u012bdzek\u013ciem. Centru darb\u012bbas programm\u0101s ir pl\u0101notas tematisk\u0101s darbn\u012bcas, diskusijas un ar\u012b citas aktivit\u0101tes sadarb\u012bb\u0101 ar izgl\u012bt\u012bbas iest\u0101d\u0113m un citiem ES t\u012bkliem.<\/p>\n<p class=\"m-0\">Seko &#8220;Delfi&#8221; ar\u012b  <a target=\"_blank\" href=\"https:\/\/www.instagram.com\/delfi.lv\/\" rel=\"nofollow noopener\">Instagram<\/a>  un <a target=\"_blank\" href=\"https:\/\/www.youtube.com\/channel\/UCw5foWtcJvAbUm64rv7jwUQ\" rel=\"nofollow noopener\">YouTube<\/a>  profil\u0101 \u2013 pievienojies, lai uzzin\u0101tu svar\u012bg\u0101ko un interesant\u0101ko pirmais!<\/p>\n<p>Publik\u0101cijas saturs vai t\u0101s jebk\u0101da apjoma da\u013ca ir aizsarg\u0101ts autorties\u012bbu objekts Autorties\u012bbu likuma izpratn\u0113, un t\u0101 izmanto\u0161ana bez izdev\u0113ja at\u013caujas ir aizliegta. Vair\u0101k lasi  <a target=\"_blank\" href=\"https:\/\/www.delfi.lv\/noteikumi#autortiesibas\" rel=\"nofollow noopener\">\u0161eit<\/a><script async src=\"\/\/www.instagram.com\/embed.js\"><\/script><\/p>\n","protected":false},"excerpt":{"rendered":"Jaunaj\u0101 gad\u0101 darbu s\u0101ka jaunie &#8220;Europe Direct&#8221; centri, kas turpm\u0101k atrad\u012bsies se\u0161\u0101s pils\u0113t\u0101s \u2013 Kuld\u012bg\u0101, Jelgav\u0101, Gulben\u0113, Daugavpil\u012b,&hellip;\n","protected":false},"author":2,"featured_media":95366,"comment_status":"","ping_status":"","sticky":false,"template":"","format":"standard","meta":{"footnotes":""},"categories":[5],"tags":[23,28,29,427,32,33,22,30,31,35,39,38,36,37,34,40,20,26,27,24,25,21],"class_list":{"0":"post-95365","1":"post","2":"type-post","3":"status-publish","4":"format-standard","5":"has-post-thumbnail","7":"category-aktualitates","8":"tag-aktualitates","9":"tag-breaking-news","10":"tag-breakingnews","11":"tag-eiropa","12":"tag-featured-news","13":"tag-featurednews","14":"tag-headlines","15":"tag-latest-news","16":"tag-latestnews","17":"tag-latvia","18":"tag-latvian","19":"tag-latviesu","20":"tag-latviesu-valoda","21":"tag-latviesuvaloda","22":"tag-latvija","23":"tag-lv","24":"tag-news","25":"tag-popularakas-zinas","26":"tag-popularakaszinas","27":"tag-top-stories","28":"tag-topstories","29":"tag-zinas"},"share_on_mastodon":{"url":"https:\/\/pubeurope.com\/@lv\/115843262268097775","error":""},"_links":{"self":[{"href":"https:\/\/www.europesays.com\/lv\/wp-json\/wp\/v2\/posts\/95365","targetHints":{"allow":["GET"]}}],"collection":[{"href":"https:\/\/www.europesays.com\/lv\/wp-json\/wp\/v2\/posts"}],"about":[{"href":"https:\/\/www.europesays.com\/lv\/wp-json\/wp\/v2\/types\/post"}],"author":[{"embeddable":true,"href":"https:\/\/www.europesays.com\/lv\/wp-json\/wp\/v2\/users\/2"}],"replies":[{"embeddable":true,"href":"https:\/\/www.europesays.com\/lv\/wp-json\/wp\/v2\/comments?post=95365"}],"version-history":[{"count":0,"href":"https:\/\/www.europesays.com\/lv\/wp-json\/wp\/v2\/posts\/95365\/revisions"}],"wp:featuredmedia":[{"embeddable":true,"href":"https:\/\/www.europesays.com\/lv\/wp-json\/wp\/v2\/media\/95366"}],"wp:attachment":[{"href":"https:\/\/www.europesays.com\/lv\/wp-json\/wp\/v2\/media?parent=95365"}],"wp:term":[{"taxonomy":"category","embeddable":true,"href":"https:\/\/www.europesays.com\/lv\/wp-json\/wp\/v2\/categories?post=95365"},{"taxonomy":"post_tag","embeddable":true,"href":"https:\/\/www.europesays.com\/lv\/wp-json\/wp\/v2\/tags?post=95365"}],"curies":[{"name":"wp","href":"https:\/\/api.w.org\/{rel}","templated":true}]}}