{"id":95405,"date":"2026-01-05T16:49:11","date_gmt":"2026-01-05T16:49:11","guid":{"rendered":"https:\/\/www.europesays.com\/lv\/95405\/"},"modified":"2026-01-05T16:49:11","modified_gmt":"2026-01-05T16:49:11","slug":"lietuva-par-320-miljoniem-no-saab-pirks-raketes","status":"publish","type":"post","link":"https:\/\/www.europesays.com\/lv\/95405\/","title":{"rendered":"Lietuva par 320 miljoniem no &#8220;Saab&#8221; pirks ra\u0137etes"},"content":{"rendered":"<p class=\"descr\">Lietuva par vair\u0101k nek\u0101 320 miljoniem eiro no Zviedrijas uz\u0146\u0113muma &#8220;Saab&#8221; ieg\u0101d\u0101sies &#8220;Bolide&#8221; tipa ra\u0137etes tuv\u0101s darb\u012bbas r\u0101diusa pretgaisa aizsardz\u012bbas sist\u0113m\u0101m RBS-70, pazi\u0146oja Lietuvas Aizsardz\u012bbas ministrija.<\/p>\n<p>\u0160is un iepriek\u0161 parakst\u012btie l\u012bgumi pal\u012bdz\u0113s nodro\u0161in\u0101t nep\u0101rtrauktu \u0161\u0101du ra\u0137e\u0161u pieg\u0101di <a href=\"https:\/\/nra.lv\/birka\/lietuvas-armija\/\" target=\"_blank\" rel=\"noopener nofollow\">Lietuvas armijai<\/a> n\u0101kamos se\u0161us gadus, nor\u0101d\u012bja ministrija.<\/p>\n<p>&#8220;<a href=\"https:\/\/nra.lv\/birka\/pretgaisa-aizsardziba\/\" target=\"_blank\" rel=\"noopener nofollow\">Pretgaisa aizsardz\u012bbas<\/a> stiprin\u0101\u0161ana ir viena no m\u016bsu galvenaj\u0101m priorit\u0101t\u0113m. M\u0113s esam parakst\u012bju\u0161i l\u012bgumu par RBS-70 &#8220;Bolide&#8221; tipa ra\u0137e\u0161u ieg\u0101di, lai nodro\u0161in\u0101tu nep\u0101rtrauktu \u0161\u0101da veida mun\u012bcijas pieg\u0101di Lietuvas bru\u0146otajiem sp\u0113kiem,&#8221; sac\u012bja aizsardz\u012bbas ministrs Roberts Kauns.<\/p>\n<p>Lietuvas armijas pretgaisa aizsardz\u012bbas bataljon\u0101 jau ir <a href=\"https:\/\/nra.lv\/birka\/rakesu-sistema\/\" target=\"_blank\" rel=\"noopener nofollow\">ra\u0137e\u0161u sist\u0113mas<\/a> RBS-70. \u0160\u012b tipa sist\u0113mas tika izv\u0113l\u0113tas, jo t\u0101s ir viegli apkalpot, t\u0101s ir \u013coti mobilas un sp\u0113j efekt\u012bvi izn\u012bcin\u0101t m\u0113r\u0137us gais\u0101 gan dien\u0101, gan nakt\u012b, nor\u0101d\u012bja ministrija.<\/p>\n<p>\u0160\u012b pretgaisa aizsardz\u012bbas sist\u0113ma sast\u0101v no stat\u012bva, palai\u0161anas iek\u0101rtas un ra\u0137etes. &#8220;Bolide&#8221; ra\u0137etes var efekt\u012bvi izn\u012bcin\u0101t m\u0113r\u0137us gais\u0101 l\u012bdz pat devi\u0146u kilometru att\u0101lum\u0101 un caur\u0161aut l\u012bdz 200 milimetru biezas bru\u0146as.<\/p>\n<p>Lietuva ar\u012b pazi\u0146ojusi par gran\u0101tmet\u0113ju &#8220;Carl Gustaf M4 RD&#8221; un to mun\u012bcijas, vienreizlietojamu gran\u0101tmet\u0113ju AT4 un mobil\u0101s tuvdarb\u012bbas pretgaisa aizsardz\u012bbas sist\u0113mu ieg\u0101di no Zviedrijas uz\u0146\u0113muma &#8220;Saab&#8221;.<\/p>\n<p>\u0160ogad Lietuva aizsardz\u012bbai atv\u0113l\u0113jusi 5,38% no iek\u0161zemes <a href=\"https:\/\/nra.lv\/birka\/ikp\/\" target=\"_blank\" rel=\"noopener nofollow\">kopprodukta<\/a> jeb 4,78 miljardus eiro.<\/p>\n","protected":false},"excerpt":{"rendered":"Lietuva par vair\u0101k nek\u0101 320 miljoniem eiro no Zviedrijas uz\u0146\u0113muma &#8220;Saab&#8221; ieg\u0101d\u0101sies &#8220;Bolide&#8221; tipa ra\u0137etes tuv\u0101s darb\u012bbas r\u0101diusa&hellip;\n","protected":false},"author":2,"featured_media":95406,"comment_status":"","ping_status":"","sticky":false,"template":"","format":"standard","meta":{"footnotes":""},"categories":[5],"tags":[23,28,29,32,33,22,30,31,35,39,38,36,37,34,40,20,26,27,24,25,21],"class_list":{"0":"post-95405","1":"post","2":"type-post","3":"status-publish","4":"format-standard","5":"has-post-thumbnail","7":"category-aktualitates","8":"tag-aktualitates","9":"tag-breaking-news","10":"tag-breakingnews","11":"tag-featured-news","12":"tag-featurednews","13":"tag-headlines","14":"tag-latest-news","15":"tag-latestnews","16":"tag-latvia","17":"tag-latvian","18":"tag-latviesu","19":"tag-latviesu-valoda","20":"tag-latviesuvaloda","21":"tag-latvija","22":"tag-lv","23":"tag-news","24":"tag-popularakas-zinas","25":"tag-popularakaszinas","26":"tag-top-stories","27":"tag-topstories","28":"tag-zinas"},"share_on_mastodon":{"url":"https:\/\/pubeurope.com\/@lv\/115843521853177334","error":""},"_links":{"self":[{"href":"https:\/\/www.europesays.com\/lv\/wp-json\/wp\/v2\/posts\/95405","targetHints":{"allow":["GET"]}}],"collection":[{"href":"https:\/\/www.europesays.com\/lv\/wp-json\/wp\/v2\/posts"}],"about":[{"href":"https:\/\/www.europesays.com\/lv\/wp-json\/wp\/v2\/types\/post"}],"author":[{"embeddable":true,"href":"https:\/\/www.europesays.com\/lv\/wp-json\/wp\/v2\/users\/2"}],"replies":[{"embeddable":true,"href":"https:\/\/www.europesays.com\/lv\/wp-json\/wp\/v2\/comments?post=95405"}],"version-history":[{"count":0,"href":"https:\/\/www.europesays.com\/lv\/wp-json\/wp\/v2\/posts\/95405\/revisions"}],"wp:featuredmedia":[{"embeddable":true,"href":"https:\/\/www.europesays.com\/lv\/wp-json\/wp\/v2\/media\/95406"}],"wp:attachment":[{"href":"https:\/\/www.europesays.com\/lv\/wp-json\/wp\/v2\/media?parent=95405"}],"wp:term":[{"taxonomy":"category","embeddable":true,"href":"https:\/\/www.europesays.com\/lv\/wp-json\/wp\/v2\/categories?post=95405"},{"taxonomy":"post_tag","embeddable":true,"href":"https:\/\/www.europesays.com\/lv\/wp-json\/wp\/v2\/tags?post=95405"}],"curies":[{"name":"wp","href":"https:\/\/api.w.org\/{rel}","templated":true}]}}