{"id":95411,"date":"2026-01-05T16:55:07","date_gmt":"2026-01-05T16:55:07","guid":{"rendered":"https:\/\/www.europesays.com\/lv\/95411\/"},"modified":"2026-01-05T16:55:07","modified_gmt":"2026-01-05T16:55:07","slug":"pretendentu-vidu-uz-gada-balvu-socialaja-joma-ari-liepajniece-sigita-cirkse-irliepaja","status":"publish","type":"post","link":"https:\/\/www.europesays.com\/lv\/95411\/","title":{"rendered":"Pretendentu vid\u016b uz Gada balvu soci\u0101laj\u0101 jom\u0101 ar\u012b liep\u0101jniece Sigita \u010cirk\u0161e \u00bb irLiep\u0101ja"},"content":{"rendered":"<p class=\"MsoNormal\" style=\"margin-bottom: 8pt; line-height: 107%;\" align=\"left\">Labkl\u0101j\u012bbas ministrija&#13;<br \/>\n(LM) no 2026. gada 5. janv\u0101ra l\u012bdz 26. janv\u0101rim izsludin\u0101jusi iedz\u012bvot\u0101ju&#13;<br \/>\nbalso\u0161anu par pretendentiem konkursa \u201eGada balva soci\u0101laj\u0101 darb\u0101 2025\u201d&#13;<br \/>\nnomin\u0101cij\u0101s: \u201cLab\u0101kais soci\u0101lais darbinieks soci\u0101laj\u0101 dienest\u0101 2025\u201d, \u201cLab\u0101kais&#13;<br \/>\nsoci\u0101lais darbinieks soci\u0101lo pakalpojumu jom\u0101 2025\u201d un \u201cLab\u0101kais vad\u012bt\u0101js&#13;<br \/>\nsoci\u0101l\u0101 darba jom\u0101 2025\u201d, inform\u0113\u00a0Gunta&#13;<br \/>\nJ\u0101kobsone, Soci\u0101l\u0101 dienesta\u00a0sabiedrisko attiec\u012bbu&#13;<br \/>\nspeci\u0101liste.<\/p>\n<p class=\"MsoNormal\" style=\"margin-bottom: 8pt; line-height: 107%;\" align=\"left\">Nomin\u0101cij\u0101 \u201c Lab\u0101kais&#13;<br \/>\nsoci\u0101lais darbinieks soci\u0101lo pakalpojumu jom\u0101\u00a02025\u201d izvirz\u012bta ar\u012b Liep\u0101jas&#13;<br \/>\nSoci\u0101l\u0101 dienesta Atkar\u012bbu profilakses centra soci\u0101l\u0101 darbiniece, vad\u012bt\u0101jas&#13;<br \/>\npien\u0101kumu izpild\u012bt\u0101ja Sigita \u010cirk\u0161e, kurai ir vair\u0101k k\u0101 desmit gadu darba pieredze&#13;<br \/>\nAtkar\u012bbu profilakses centr\u0101. Sigita ir autorit\u0101te un paraugs kol\u0113\u0123iem, uzticams&#13;<br \/>\nsadarb\u012bbas partneris soci\u0101lajam dienestam un cit\u0101m instit\u016bcij\u0101m. Vi\u0146a ir akt\u012bvi&#13;<br \/>\niesaist\u0101s pakalpojumu pilnveid\u0113, \u012bpa\u0161i uzsverot profesion\u0101l\u0101s \u0113tikas iev\u0113ro\u0161anu&#13;<br \/>\ndarb\u0101 ar klientiem, kuri bie\u017ei atrodas emocion\u0101li smag\u0101s situ\u0101cij\u0101s. Sigitas&#13;<br \/>\nvad\u012bb\u0101 centrs \u012bsteno pla\u0161u prevent\u012bvo darbu sabiedr\u012bb\u0101, tai skait\u0101, regul\u0101ri&#13;<br \/>\napmekl\u0113 izgl\u012bt\u012bbas iest\u0101des, sniedzot jaunie\u0161iem zin\u0101\u0161anas par atkar\u012bbu riskiem&#13;<br \/>\nun pal\u012bdz\u012bbas iesp\u0113j\u0101m, pakalpojumu snieg\u0161an\u0101 sadarbojas ar soci\u0101l\u0101 dienesta&#13;<br \/>\nstrukt\u016brvien\u012bb\u0101m, B\u0113rnu atbalsta centru \u201cDzintari\u201d, Nakts patversmi, k\u0101 ar\u012b&#13;<br \/>\ncitiem sadarb\u012bbas partneriem. 2025. gad\u0101 b\u016btiski pieaudzis klientu skaits, kas&#13;<br \/>\npal\u012bdz\u012bbu mekl\u0113 p\u0113c pa\u0161u iniciat\u012bvas, t\u0101d\u0113j\u0101di apliecinot Sigitas komandas&#13;<br \/>\ndarba efektivit\u0101ti. Sigitas vad\u012bb\u0101 Atkar\u012bbu profilakses centr\u0101 tiek izmantotas&#13;<br \/>\nm\u0113r\u0137\u0113tas un zin\u0101\u0161an\u0101s balst\u012btas soci\u0101l\u0101 darba pieejas, kas v\u0113rstas uz klientu&#13;<br \/>\nizgl\u012bto\u0161anu un\u00a0 motiv\u0101cijas veido\u0161anu&#13;<br \/>\np\u0101rmai\u0146\u0101m.<\/p>\n<p class=\"MsoNormal\" style=\"margin-bottom: 8pt; line-height: 107%;\" align=\"left\">Pretendentus iedz\u012bvot\u0101ju&#13;<br \/>\nbalso\u0161anai, izv\u0113rt\u0113jot sa\u0146emtos pieteikumus, izvirz\u012bja Konkursa \u017e\u016brijas&#13;<br \/>\nkomisija, kuras sast\u0101v\u0101 ir LM un Latvijas soci\u0101lo darbinieku biedr\u012bbas,&#13;<br \/>\nLatvijas Pa\u0161vald\u012bbu savien\u012bbas, Latvijas Pa\u0161vald\u012bbu soci\u0101lo dienestu vad\u012bt\u0101ju&#13;<br \/>\napvien\u012bbas un Latvijas Profesion\u0101lo soci\u0101l\u0101 darba speci\u0101listu asoci\u0101cijas&#13;<br \/>\np\u0101rst\u0101vji.<\/p>\n<p class=\"MsoNormal\" align=\"left\">Par&#13;<br \/>\nkatru pretendentu \u017e\u016brijas komisijas balsojums veidos 80% no kop\u0113j\u0101 punktu&#13;<br \/>\nskaita un iedz\u012bvot\u0101ju balsojums &#8211; 20% no kop\u0113j\u0101 punktu skaita. Konkursa balvu&#13;<br \/>\nsa\u0146ems viens uzvar\u0113t\u0101js ar visaugst\u0101ko punktu skaitu katr\u0101 no nomin\u0101cij\u0101m. Konkursa&#13;<br \/>\nuzvar\u0113t\u0101ju apbalvo\u0161anu pl\u0101nots organiz\u0113t 2026. gada mart\u0101.<\/p>\n<p class=\"MsoNormal\" align=\"left\">\u00a0<\/p>\n<p class=\"MsoNormal\" style=\"margin-bottom: 8pt; line-height: 107%;\" align=\"left\">Iepaz\u012bties ar detaliz\u0113t\u0101ku&#13;<br \/>\nKonkursa norises k\u0101rt\u012bbu un veikt balsojumu par sev t\u012bkam\u0101ko pretendentu katr\u0101&#13;<br \/>\nno nomin\u0101cij\u0101m var <a href=\"https:\/\/www.lm.gov.lv\/lv\/konkurss-gada-balva-socialaja-darba-2025\" target=\"_blank\" rel=\"nofollow noopener\">\u0161eit<\/a>. Balsojuma anketa par Sigitu \u010cirk\u0161i&#13;<br \/>\naizpild\u0101ma <a href=\"https:\/\/www.visidati.lv\/tk\/11897214\/\" target=\"_blank\" rel=\"nofollow noopener\">\u0161eit<\/a>.\u00a0<\/p>\n<p class=\"MsoNormal\" style=\"margin-bottom: 8pt; line-height: 107%;\" align=\"left\">Konkursa m\u0113r\u0137is ir apzin\u0101t&#13;<br \/>\nsoci\u0101los darbiniekus un citus soci\u0101l\u0101 darba jomas speci\u0101listus Latvij\u0101, kuri&#13;<br \/>\nakt\u012bvi un godpr\u0101t\u012bgi darbojas soci\u0101l\u0101 darba praks\u0113 un soci\u0101l\u0101 darba jom\u0101&#13;<br \/>\n(soci\u0101lajos dienestos, to strukt\u016brvien\u012bb\u0101s, ilgsto\u0161as soci\u0101l\u0101s apr\u016bpes un soci\u0101l\u0101s&#13;<br \/>\nrehabilit\u0101cijas instit\u016bcij\u0101s, nevalstiskaj\u0101s organiz\u0101cij\u0101s un cit\u0101s soci\u0101lo&#13;<br \/>\npakalpojumu sniedz\u0113ju instit\u016bcij\u0101s), sniedz profesion\u0101lu atbalstu iedz\u012bvot\u0101jiem&#13;<br \/>\nda\u017e\u0101du soci\u0101lo probl\u0113mu risin\u0101\u0161an\u0101 un nov\u0113r\u0161an\u0101, pagodin\u0101t visprofesion\u0101l\u0101kos&#13;<br \/>\nun atsauc\u012bg\u0101kos soci\u0101los darbiniekus un citus soci\u0101l\u0101 darba jomas speci\u0101listus,&#13;<br \/>\nk\u0101 ar\u012b populariz\u0113t un veicin\u0101t soci\u0101l\u0101 darba jomas att\u012bst\u012bbu, profesiju&#13;<br \/>\npresti\u017eu un labo praksi.<\/p>\n<p>\t\t\t\t\t\t\t\t\t<\/p>\n","protected":false},"excerpt":{"rendered":"Labkl\u0101j\u012bbas ministrija&#13; (LM) no 2026. gada 5. janv\u0101ra l\u012bdz 26. janv\u0101rim izsludin\u0101jusi iedz\u012bvot\u0101ju&#13; balso\u0161anu par pretendentiem konkursa \u201eGada&hellip;\n","protected":false},"author":2,"featured_media":95412,"comment_status":"","ping_status":"","sticky":false,"template":"","format":"standard","meta":{"footnotes":""},"categories":[5],"tags":[23,28,29,32,33,22,30,31,35,39,38,36,37,34,40,20,26,27,24,25,21],"class_list":{"0":"post-95411","1":"post","2":"type-post","3":"status-publish","4":"format-standard","5":"has-post-thumbnail","7":"category-aktualitates","8":"tag-aktualitates","9":"tag-breaking-news","10":"tag-breakingnews","11":"tag-featured-news","12":"tag-featurednews","13":"tag-headlines","14":"tag-latest-news","15":"tag-latestnews","16":"tag-latvia","17":"tag-latvian","18":"tag-latviesu","19":"tag-latviesu-valoda","20":"tag-latviesuvaloda","21":"tag-latvija","22":"tag-lv","23":"tag-news","24":"tag-popularakas-zinas","25":"tag-popularakaszinas","26":"tag-top-stories","27":"tag-topstories","28":"tag-zinas"},"share_on_mastodon":{"url":"https:\/\/pubeurope.com\/@lv\/115843545419775889","error":""},"_links":{"self":[{"href":"https:\/\/www.europesays.com\/lv\/wp-json\/wp\/v2\/posts\/95411","targetHints":{"allow":["GET"]}}],"collection":[{"href":"https:\/\/www.europesays.com\/lv\/wp-json\/wp\/v2\/posts"}],"about":[{"href":"https:\/\/www.europesays.com\/lv\/wp-json\/wp\/v2\/types\/post"}],"author":[{"embeddable":true,"href":"https:\/\/www.europesays.com\/lv\/wp-json\/wp\/v2\/users\/2"}],"replies":[{"embeddable":true,"href":"https:\/\/www.europesays.com\/lv\/wp-json\/wp\/v2\/comments?post=95411"}],"version-history":[{"count":0,"href":"https:\/\/www.europesays.com\/lv\/wp-json\/wp\/v2\/posts\/95411\/revisions"}],"wp:featuredmedia":[{"embeddable":true,"href":"https:\/\/www.europesays.com\/lv\/wp-json\/wp\/v2\/media\/95412"}],"wp:attachment":[{"href":"https:\/\/www.europesays.com\/lv\/wp-json\/wp\/v2\/media?parent=95411"}],"wp:term":[{"taxonomy":"category","embeddable":true,"href":"https:\/\/www.europesays.com\/lv\/wp-json\/wp\/v2\/categories?post=95411"},{"taxonomy":"post_tag","embeddable":true,"href":"https:\/\/www.europesays.com\/lv\/wp-json\/wp\/v2\/tags?post=95411"}],"curies":[{"name":"wp","href":"https:\/\/api.w.org\/{rel}","templated":true}]}}