{"id":95419,"date":"2026-01-05T17:00:14","date_gmt":"2026-01-05T17:00:14","guid":{"rendered":"https:\/\/www.europesays.com\/lv\/95419\/"},"modified":"2026-01-05T17:00:14","modified_gmt":"2026-01-05T17:00:14","slug":"ap-150-katru-dienu-austrumu-slimnica-svetku-brivdienas-negaiditi-daudz-pacientu-raksts","status":"publish","type":"post","link":"https:\/\/www.europesays.com\/lv\/95419\/","title":{"rendered":"Ap 150 katru dienu \u2013 Austrumu slimn\u012bc\u0101 sv\u0113tku br\u012bvdien\u0101s negaid\u012bti daudz pacientu \/ Raksts"},"content":{"rendered":"<p>Ar \u013coti lielu pacientu piepl\u016bdumu piecas gadumijas sv\u0113tku br\u012bvdienas aizvad\u012btas R\u012bgas Austrumu kl\u012bniskaj\u0101 universit\u0101tes\u00a0slimn\u012bc\u0101 (RAKUS). Neatliekam\u0101s medic\u012bnas un pacientu uz\u0146em\u0161anas kl\u012bnik\u0101\u00a0sniegta pal\u012bdz\u012bba 1105\u00a0pacientiem. T\u0101pat ievesti vair\u0101ki cilv\u0113ki, kuri m\u0113\u0123in\u0101ju\u0161i izdar\u012bt pa\u0161n\u0101v\u012bbu, tostarp ar iero\u010diem. \u0100rsti pie\u013cauj, ka tie\u0161i sv\u0113tku laiks tiem, kam ir depresija, ir \u012bpa\u0161i gr\u016bts.<\/p>\n<p>1105 pacienti piecu dienu laik\u0101 \u2013\u00a0RAKUS\u00a0neatceras \u0161\u0101das sv\u0113tku br\u012bvdienas. Ar\u012b p\u0113c sv\u0113tkiem\u00a0neatliekam\u0101s medic\u012bnas kl\u012bnik\u0101 iebrauc viens Neatliekam\u0101s medic\u012bnisk\u0101s pal\u012bdz\u012bbas dienesta auto p\u0113c otra. Bet sv\u0113tku statistika ir jauns &#8220;melnais rekords&#8221;.<\/p>\n<p>&#8220;M\u0113s jau gatavoj\u0101mies, bet pacientu piepl\u016bdums bija absol\u016bti negaid\u012bts! Galvenok\u0101rt t\u0101di, kas n\u0101ca pa\u0161i. 150 katru dienu. N\u0101ca ar\u012b p\u0113c darba nesp\u0113jas lap\u0101m,\u00a0p\u0113c z\u0101\u013cu recept\u0113m,&#8221; past\u0101st\u012bja\u00a0RAKUS Neatliekam\u0101s medic\u012bnas kl\u012bnikas vad\u012bt\u0101js Aleksejs Vi\u0161\u0146akovs.<\/p>\n<p><img decoding=\"async\" src=\"https:\/\/www.europesays.com\/lv\/wp-content\/uploads\/2026\/01\/se1b.jpg\" alt=\"\"\/><\/p>\n<p>Foto: Aija Kinca \/ Latvijas Telev\u012bzija<\/p>\n<p><img decoding=\"async\" src=\"https:\/\/www.europesays.com\/lv\/wp-content\/uploads\/2026\/01\/se15.jpg\" alt=\"\"\/><\/p>\n<p>Foto: Aija Kinca \/ Latvijas Telev\u012bzija<\/p>\n<p><img decoding=\"async\" src=\"https:\/\/www.europesays.com\/lv\/wp-content\/uploads\/2026\/01\/se11.jpg\" alt=\"\"\/><\/p>\n<p>Foto: Aija Kinca \/ Latvijas Telev\u012bzija<\/p>\n<p><img decoding=\"async\" src=\"https:\/\/www.europesays.com\/lv\/wp-content\/uploads\/2026\/01\/se0z.jpg\" alt=\"\"\/><\/p>\n<p>Foto: Aija Kinca \/ Latvijas Telev\u012bzija<\/p>\n<p><img decoding=\"async\" src=\"https:\/\/www.europesays.com\/lv\/wp-content\/uploads\/2026\/01\/se1e.jpg\" alt=\"\"\/><\/p>\n<p>Foto: Aija Kinca \/ Latvijas Telev\u012bzija<\/p>\n<p><img decoding=\"async\" src=\"https:\/\/www.europesays.com\/lv\/wp-content\/uploads\/2026\/01\/se1c.jpg\" alt=\"\"\/><\/p>\n<p>Foto: Aija Kinca \/ Latvijas Telev\u012bzija<\/p>\n<p><img decoding=\"async\" src=\"https:\/\/www.europesays.com\/lv\/wp-content\/uploads\/2026\/01\/se17.jpg\" alt=\"\"\/><\/p>\n<p>Foto: Aija Kinca \/ Latvijas Telev\u012bzija<\/p>\n<\/p>\n<p class=\"note__heading\">\u0160aj\u0101 rakst\u0101 piemin\u0113ta pa\u0161n\u0101v\u012bba<\/p>\n<p>Ja jums ir domas par pa\u0161n\u0101v\u012bbu, nekautr\u0113jieties par to run\u0101t ar sev tuviem cilv\u0113kiem un v\u0113rsties p\u0113c pal\u012bdz\u012bbas pie speci\u0101listiem (\u0123imenes \u0101rsta, psihiatra, psihologa, psihoterapeita, kr\u012bzes centra speci\u0101lista vai soci\u0101l\u0101 darbinieka).<\/p>\n<p>Ja k\u0101ds no draugiem, pazi\u0146\u0101m vai tuviniekiem uztic savas domas par pa\u0161n\u0101v\u012bbu un\/vai ir redzamas pa\u0161n\u0101v\u012bbas riska paz\u012bmes, un\/vai \u0161is cilv\u0113ks ir pak\u013cauts vienam vai vair\u0101kiem pa\u0161n\u0101v\u012bbas <a href=\"https:\/\/www.spkc.gov.lv\/lv\/pasnavibas-risks\" target=\"_blank\" rel=\"nofollow noopener\">riska faktoriem<\/a>, neatst\u0101jiet vi\u0146u bez iev\u0113r\u012bbas un dariet visu, kas ir j\u016bsu sp\u0113kos, lai \u0161is cilv\u0113ks sa\u0146emtu pal\u012bdz\u012bbu.<\/p>\n<p>Saruna var b\u016bt pirmais solis, lai pa\u0161n\u0101v\u012bbu nov\u0113rstu. Neatst\u0101jiet cilv\u0113ku, kuram ir pa\u0161n\u0101v\u012bbas domas, l\u012bdz neesat noorganiz\u0113ju\u0161i pal\u012bdz\u012bbu, p\u0113c iesp\u0113jas samaziniet pieeju pa\u0161n\u0101v\u012bbas izdar\u012b\u0161anas l\u012bdzek\u013ciem. Zvaniet uz diennakts kr\u012bzes centra t\u0101lruni 67222922, 27722292, Neatliekamajai medic\u012bniskajai pal\u012bdz\u012bbai 113 vai ar\u012b noorganiz\u0113jiet viz\u012bti pie psihiatra vai \u0123imenes \u0101rsta.<\/p>\n<p>Informat\u012bvais materi\u0101ls par pa\u0161n\u0101v\u012bbas <a href=\"https:\/\/www.spkc.gov.lv\/sites\/spkc\/files\/data_content\/pasnavibu_riska_faktori1_0.pdf\" target=\"_blank\" rel=\"nofollow noopener\">riska faktoriem<\/a>.<\/p>\n<p>Avots: SPKC<\/p>\n<p>L\u012bdz ar gripas slimniekiem, insulta un infarkta pacientiem, un traumas guvu\u0161ajiem ievesti ar\u012b cilv\u0113ki, kuri tie\u0161i sv\u0113tkos m\u0113\u0123in\u0101ju\u0161i nogalin\u0101t pa\u0161i sevi. Divi no tiem \u2013 m\u0113r\u0137\u0113jot ar ieroci galv\u0101.<\/p>\n<p>&#8220;Vair\u0101ki smagi suic\u012bda m\u0113\u0123in\u0101jumi. Vair\u0101ki piedz\u012bvoju\u0161i kl\u012bnisko n\u0101vi,&#8221; past\u0101st\u012bja Vi\u0161\u0146akovs. &#8220;Tradicion\u0101li ir tas, ka sv\u0113tku laik\u0101 cilv\u0113ki ar nestabilu nervu sist\u0113mu iekr\u012bt smag\u0101 depresij\u0101 un vi\u0146u psihiskais st\u0101voklis nedompens\u0113jas. Un rodas sliktas, domas, ko vi\u0146i realiz\u0113.&#8221;<\/p>\n<blockquote>\n<p>Visus \u0161os cilv\u0113kus medi\u0137iem izdevies izgl\u0101bt, nor\u0101d\u012bja slimn\u012bc\u0101.<\/p>\n<\/blockquote>\n<p>Tikm\u0113r abi Bauskas ielas g\u0101zes spr\u0101dzien\u0101 cietu\u0161ie cilv\u0113ki nog\u0101d\u0101ti Paula Stradi\u0146a kl\u012bniskaj\u0101 universit\u0101tes slimn\u012bc\u0101 (PSKUS).\u00a0Lab\u0101 zi\u0146a \u2013 ievainojumi nebija smagi.<\/p>\n<p>&#8220;Tika nog\u0101d\u0101ti divi pacienti, abi ar viegl\u0101m traum\u0101m tika izmekl\u0113ti. Nebija nepiecie\u0161am\u012bbas stacion\u0113t,&#8221; past\u0101st\u012bja\u00a0PSKUS Neatliekam\u0101s medic\u012bnas centra vad\u012bt\u0101js Roberts F\u016brmanis. &#8220;L\u016bzumu\u00a0nebija. Virspus\u0113ji\u00a0\u0137erme\u0146a ievainojumi. Vienam, kas saist\u012bti ar pa\u0161u spr\u0101dzienu,\u00a0otram nav saist\u012bti\u00a0\u2013 g\u016bti p\u0113c tam.&#8221;<\/p>\n<p>Ab\u0101s liel\u0101kaj\u0101s slimn\u012bc\u0101s gan uzsver, ka sist\u0113miski ir j\u0101risina jaut\u0101jums par tiem pacientiem, kas garo br\u012bvdienu d\u0113\u013c netiek pie \u0123imenes \u0101rsta. Jo tie\u0161i tie, kas n\u0101k pa\u0161i, slimn\u012bcas p\u0101rv\u0113r\u0161 par liela izm\u0113ra polikl\u012bnik\u0101m. Un tas nav pareizi.<\/p>\n<p>                    Valodas k\u013c\u016bda rakst\u0101?<\/p>\n<p class=\"d-none d-md-block\">Iez\u012bm\u0113jiet tekstu un spiediet Ctrl+Enter, lai nos\u016bt\u012btu labojamo teksta fragmentu redaktoram! Par faktu k\u013c\u016bd\u0101m l\u016bdzam zi\u0146ot e-past\u0101 <a href=\"https:\/\/www.lsm.lv\/cdn-cgi\/l\/email-protection\" class=\"__cf_email__\" data-cfemail=\"daa8bfbebbb1b9b3b0bb9ab6a9b7f4b6ac\" rel=\"nofollow noopener\" target=\"_blank\">[email\u00a0protected]<\/a>.<\/p>\n<p class=\"d-md-none\">Iez\u012bm\u0113jiet tekstu un spiediet uz Zi\u0146ot par k\u013c\u016bdu pogas, lai nos\u016bt\u012btu labojamo teksta fragmentu redaktoram!<\/p>\n<p>\n                    Zi\u0146ot par k\u013c\u016bdu\n                <\/p>\n","protected":false},"excerpt":{"rendered":"Ar \u013coti lielu pacientu piepl\u016bdumu piecas gadumijas sv\u0113tku br\u012bvdienas aizvad\u012btas R\u012bgas Austrumu kl\u012bniskaj\u0101 universit\u0101tes\u00a0slimn\u012bc\u0101 (RAKUS). Neatliekam\u0101s medic\u012bnas un&hellip;\n","protected":false},"author":2,"featured_media":95420,"comment_status":"","ping_status":"","sticky":false,"template":"","format":"standard","meta":{"footnotes":""},"categories":[12],"tags":[23,28,29,32,33,22,30,31,35,39,38,36,37,34,40,20,26,27,24,25,21],"class_list":{"0":"post-95419","1":"post","2":"type-post","3":"status-publish","4":"format-standard","5":"has-post-thumbnail","7":"category-latvija","8":"tag-aktualitates","9":"tag-breaking-news","10":"tag-breakingnews","11":"tag-featured-news","12":"tag-featurednews","13":"tag-headlines","14":"tag-latest-news","15":"tag-latestnews","16":"tag-latvia","17":"tag-latvian","18":"tag-latviesu","19":"tag-latviesu-valoda","20":"tag-latviesuvaloda","21":"tag-latvija","22":"tag-lv","23":"tag-news","24":"tag-popularakas-zinas","25":"tag-popularakaszinas","26":"tag-top-stories","27":"tag-topstories","28":"tag-zinas"},"share_on_mastodon":{"url":"https:\/\/pubeurope.com\/@lv\/115843565087455008","error":""},"_links":{"self":[{"href":"https:\/\/www.europesays.com\/lv\/wp-json\/wp\/v2\/posts\/95419","targetHints":{"allow":["GET"]}}],"collection":[{"href":"https:\/\/www.europesays.com\/lv\/wp-json\/wp\/v2\/posts"}],"about":[{"href":"https:\/\/www.europesays.com\/lv\/wp-json\/wp\/v2\/types\/post"}],"author":[{"embeddable":true,"href":"https:\/\/www.europesays.com\/lv\/wp-json\/wp\/v2\/users\/2"}],"replies":[{"embeddable":true,"href":"https:\/\/www.europesays.com\/lv\/wp-json\/wp\/v2\/comments?post=95419"}],"version-history":[{"count":0,"href":"https:\/\/www.europesays.com\/lv\/wp-json\/wp\/v2\/posts\/95419\/revisions"}],"wp:featuredmedia":[{"embeddable":true,"href":"https:\/\/www.europesays.com\/lv\/wp-json\/wp\/v2\/media\/95420"}],"wp:attachment":[{"href":"https:\/\/www.europesays.com\/lv\/wp-json\/wp\/v2\/media?parent=95419"}],"wp:term":[{"taxonomy":"category","embeddable":true,"href":"https:\/\/www.europesays.com\/lv\/wp-json\/wp\/v2\/categories?post=95419"},{"taxonomy":"post_tag","embeddable":true,"href":"https:\/\/www.europesays.com\/lv\/wp-json\/wp\/v2\/tags?post=95419"}],"curies":[{"name":"wp","href":"https:\/\/api.w.org\/{rel}","templated":true}]}}