{"id":95424,"date":"2026-01-05T17:03:14","date_gmt":"2026-01-05T17:03:14","guid":{"rendered":"https:\/\/www.europesays.com\/lv\/95424\/"},"modified":"2026-01-05T17:03:14","modified_gmt":"2026-01-05T17:03:14","slug":"luks-litlers-sasniedz-treso-pasaules-cempionata-finalu-pec-kartas-nostiprinot-savu-dominanci-sautrinu-mesana-lente-lv","status":"publish","type":"post","link":"https:\/\/www.europesays.com\/lv\/95424\/","title":{"rendered":"L\u016bks Litlers sasniedz tre\u0161o Pasaules \u010dempion\u0101ta fin\u0101lu p\u0113c k\u0101rtas, nostiprinot savu dominanci \u0161autri\u0146u me\u0161an\u0101\u00a0\u2014\u00a0Lente.lv"},"content":{"rendered":"<p>Jaun\u0101 zvaigzne L\u016bks Litlers turpina p\u0101rsteigt<\/p>\n<p>Ang\u013cu \u0161autri\u0146u met\u0113js L\u016bks Litlers, kur\u0161 v\u0113l nav sasniedzis 19 gadu vecumu, ir iek\u013cuvis sav\u0101 tre\u0161aj\u0101 Pasaules \u010dempion\u0101ta fin\u0101l\u0101 p\u0113c k\u0101rtas, apliecinot savu nep\u0101rsp\u0113jamo talantu un agr\u012bno briedumu \u0161aj\u0101 sporta veid\u0101. \u0160is sasniegums v\u0113lreiz apliecina vi\u0146a straujo k\u0101pumu un arvien liel\u0101ko ietekmi \u0161autri\u0146u me\u0161anas pasaul\u0113.<\/p>\n<p>Ce\u013c\u0161 uz otro Pasaules \u010dempiona titulu<\/p>\n<p>Litlers, kur\u0161 dzimis 2007. gada 21. janv\u0101r\u012b, ir k\u013cuvis par jaun\u0101ko Pasaules \u010dempionu \u0161autri\u0146u me\u0161anas v\u0113stur\u0113, uzvarot 2025. gada \u010dempion\u0101t\u0101 17 gadu un 347 dienu vecum\u0101. Vi\u0146a pan\u0101kumi turpin\u0101j\u0101s ar\u012b 2026. gad\u0101, kad vi\u0146\u0161 k\u013cuva par pirmo sp\u0113l\u0113t\u0101ju kop\u0161 Garija Andersona (2015.-2016.), kur\u0161 izc\u012bn\u012bjis divus Pasaules titulus p\u0113c k\u0101rtas. Fin\u0101l\u0101 vi\u0146\u0161 p\u0101rsp\u0113ja D\u017eianu van V\u012bnu ar rezult\u0101tu 7-1, nodemonstr\u0113jot iespaid\u012bgu sniegumu un vid\u0113ji 106 punktus par metienu. Ar \u0161o uzvaru Litlers k\u013cuva par pirmo Pasaules \u010dempionu, kas ieguvis 1 miljonu sterli\u0146u.<\/p>\n<p>Rekordu lau\u0161ana un v\u0113sturiskie sasniegumi<\/p>\n<p>Litlers jau ir apliecin\u0101jis savu unik\u0101lo vietu \u0161autri\u0146u me\u0161anas v\u0113stur\u0113. Vi\u0146\u0161 ne tikai ir jaun\u0101kais pasaules \u010dempions, bet ar\u012b jaun\u0101kais sp\u0113l\u0113t\u0101js, kas sasniedzis Pasaules \u010dempion\u0101ta fin\u0101lu (2024. gad\u0101 16 gadu vecum\u0101). Vi\u0146a uzvara 2025. gada fin\u0101l\u0101 pret tr\u012bsk\u0101rt\u0113jo \u010dempionu Maiklu van Gervenu (7-3) bija \u012bpa\u0161i noz\u012bm\u012bga, jo vi\u0146\u0161 k\u013cuva par jaun\u0101ko pasaules \u010dempionu, p\u0101rsp\u0113jot Jelles Klaasena rekordu. Litlers ir ar\u012b sasniedzis rekordu par augst\u0101ko tr\u012bs metienu setu vid\u0113jo r\u0101d\u012bt\u0101ju Pasaules \u010dempion\u0101ta sp\u0113l\u0113 \u2013 140.91 punktus.<\/p>\n<p>Karjera un n\u0101kotnes perspekt\u012bvas<\/p>\n<p>Litlers savu profesion\u0101lo karjeru s\u0101cis \u013coti agri, jau 2022. gad\u0101 sasniedzot WDF Pasaules \u010dempion\u0101ta astotda\u013cfin\u0101lu 14 gadu vecum\u0101. Vi\u0146\u0161 ir ieguvis ar\u012b Pasaules jaunie\u0161u \u010dempiona titulu un vair\u0101kus PDC Development Tour turn\u012bru uzvaras. Litlers ir demonstr\u0113jis iespaid\u012bgu sp\u0113les stilu, kur\u0101 apvienojas precizit\u0101te, \u0101trums un drosme, kas padara vi\u0146u par fanu iecien\u012btu sp\u0113l\u0113t\u0101ju un elku jaunajiem \u0161autri\u0146u met\u0113jiem. Neskatoties uz savu jaun\u012bbu, vi\u0146\u0161 ir ieguvis Pasaules ranga pirmo vietu un parakst\u012bjis l\u012bgumu ar &#8220;Target Darts&#8221;, kas apliecina vi\u0146a lielo potenci\u0101lu un pan\u0101kumus \u0161aj\u0101 sporta veid\u0101.<\/p>\n<p>Ietekme uz \u0161autri\u0146u me\u0161anas popularit\u0101ti<\/p>\n<p>L\u016bka Litlera negaid\u012btais sniegums un strauj\u0101 popularit\u0101te ir iev\u0113rojami palielin\u0101ju\u0161i interesi par \u0161autri\u0146u me\u0161anu gan Lielbrit\u0101nij\u0101, gan starptautisk\u0101 m\u0113rog\u0101. Vi\u0146a sasniegumi ir piesaist\u012bju\u0161i jaunu auditoriju sportam, padarot to par aktu\u0101l\u0101ku un skat\u012bt\u0101ku. Daudzi eksperti un biju\u0161ie \u010dempioni, piem\u0113ram, Filps Teilors, ir atzinu\u0161i Litlera talantu un prognoz\u0113 vi\u0146am spo\u017eu n\u0101kotni, pat sal\u012bdzinot vi\u0146u ar Teiloru, kur\u0161 ir 16. k\u0101rtas Pasaules \u010dempions.<\/p>\n","protected":false},"excerpt":{"rendered":"Jaun\u0101 zvaigzne L\u016bks Litlers turpina p\u0101rsteigt Ang\u013cu \u0161autri\u0146u met\u0113js L\u016bks Litlers, kur\u0161 v\u0113l nav sasniedzis 19 gadu vecumu,&hellip;\n","protected":false},"author":2,"featured_media":95425,"comment_status":"","ping_status":"","sticky":false,"template":"","format":"standard","meta":{"footnotes":""},"categories":[17],"tags":[35,39,38,36,37,34,21039,40,844,13578,19157,67],"class_list":{"0":"post-95424","1":"post","2":"type-post","3":"status-publish","4":"format-standard","5":"has-post-thumbnail","7":"category-sports","8":"tag-latvia","9":"tag-latvian","10":"tag-latviesu","11":"tag-latviesu-valoda","12":"tag-latviesuvaloda","13":"tag-latvija","14":"tag-luks-litlers","15":"tag-lv","16":"tag-pasaules-cempionats","17":"tag-rekordi","18":"tag-sautrinu-mesana","19":"tag-sports"},"share_on_mastodon":{"url":"https:\/\/pubeurope.com\/@lv\/115843576781228021","error":""},"_links":{"self":[{"href":"https:\/\/www.europesays.com\/lv\/wp-json\/wp\/v2\/posts\/95424","targetHints":{"allow":["GET"]}}],"collection":[{"href":"https:\/\/www.europesays.com\/lv\/wp-json\/wp\/v2\/posts"}],"about":[{"href":"https:\/\/www.europesays.com\/lv\/wp-json\/wp\/v2\/types\/post"}],"author":[{"embeddable":true,"href":"https:\/\/www.europesays.com\/lv\/wp-json\/wp\/v2\/users\/2"}],"replies":[{"embeddable":true,"href":"https:\/\/www.europesays.com\/lv\/wp-json\/wp\/v2\/comments?post=95424"}],"version-history":[{"count":0,"href":"https:\/\/www.europesays.com\/lv\/wp-json\/wp\/v2\/posts\/95424\/revisions"}],"wp:featuredmedia":[{"embeddable":true,"href":"https:\/\/www.europesays.com\/lv\/wp-json\/wp\/v2\/media\/95425"}],"wp:attachment":[{"href":"https:\/\/www.europesays.com\/lv\/wp-json\/wp\/v2\/media?parent=95424"}],"wp:term":[{"taxonomy":"category","embeddable":true,"href":"https:\/\/www.europesays.com\/lv\/wp-json\/wp\/v2\/categories?post=95424"},{"taxonomy":"post_tag","embeddable":true,"href":"https:\/\/www.europesays.com\/lv\/wp-json\/wp\/v2\/tags?post=95424"}],"curies":[{"name":"wp","href":"https:\/\/api.w.org\/{rel}","templated":true}]}}