{"id":95444,"date":"2026-01-05T17:29:08","date_gmt":"2026-01-05T17:29:08","guid":{"rendered":"https:\/\/www.europesays.com\/lv\/95444\/"},"modified":"2026-01-05T17:29:08","modified_gmt":"2026-01-05T17:29:08","slug":"asv-iejauksies-ja-protesti-tiks-vardarbigi-apspiesti-lente-lv","status":"publish","type":"post","link":"https:\/\/www.europesays.com\/lv\/95444\/","title":{"rendered":"ASV iejauksies, ja protesti tiks vardarb\u012bgi apspiesti\u00a0\u2014\u00a0Lente.lv"},"content":{"rendered":"<p>ASV gatava r\u012bkoties, ja Ir\u0101na izmantos sp\u0113ku pret protest\u0113t\u0101jiem<\/p>\n<p>Savienoto Valstu prezidents Donalds Tramps piektdien, 2026. gada 2. janv\u0101r\u012b, platform\u0101 &#8220;Truth Social&#8221; izteicis stingru br\u012bdin\u0101jumu Ir\u0101nas vald\u012bbai, nor\u0101dot, ka ASV iejauksies, ja Ir\u0101nas dro\u0161\u012bbas sp\u0113ki vardarb\u012bgi apspied\u012bs mierm\u012bl\u012bgus protestus. Tramps pazi\u0146oja, ka &#8220;ja Ir\u0101na sa\u0161aus un vardarb\u012bgi nogalin\u0101s mierm\u012bl\u012bgus protest\u0113t\u0101jus, k\u0101 tas ir vi\u0146u para\u017ea, Amerikas Savienot\u0101s Valstis vi\u0146iem n\u0101ks pal\u012bg\u0101&#8221;. Vi\u0146\u0161 piebilda: &#8220;M\u0113s esam gatavi un gatavi doties.&#8221; <\/p>\n<p>Protestu izcel\u0161an\u0101s un vardarb\u012bba<\/p>\n<p>Nek\u0101rt\u012bbas Ir\u0101n\u0101 izc\u0113l\u0101s saist\u012bb\u0101 ar pieaugo\u0161o dz\u012bves d\u0101rdz\u012bbu un ekonomisko stagn\u0101ciju, s\u0101kotn\u0113ji k\u0101 veikalu \u012bpa\u0161nieku streiki Teher\u0101n\u0101. Tom\u0113r protesti \u0101tri izplat\u012bj\u0101s vis\u0101 valst\u012b, sasniedzot rekordzemu val\u016btas kursu un cenu k\u0101pumu. Sadursm\u0113s starp protest\u0113t\u0101jiem un dro\u0161\u012bbas sp\u0113kiem dz\u012bv\u012bbu zaud\u0113ju\u0161i vismaz se\u0161i cilv\u0113ki, bet da\u017ei zi\u0146ojumi liecina par v\u0113l augst\u0101ku boj\u0101g\u0101ju\u0161o skaitu, ko gan ir gr\u016bti apstiprin\u0101t. Protesti p\u0101raugu\u0161i vardarb\u012bb\u0101, un da\u017eviet notiku\u0161i incidenti, piem\u0113ram, sadedzin\u0101tas automa\u0161\u012bnas. <\/p>\n<p>Starptautisk\u0101 reakcija un Ir\u0101nas atbilde<\/p>\n<p>Trampa izteiktais br\u012bdin\u0101jums izrais\u012bjis t\u016bl\u012bt\u0113ju reakciju no Teher\u0101nas. Ir\u0101nas augst\u0101 l\u012bdera padomnieks Ali \u0160amhani br\u012bdin\u0101ja, ka jebkura intervence tiks sagaid\u012bta ar atbildi, uzsverot, ka &#8220;Ir\u0101nas dro\u0161\u012bba ir sarkan\u0101 l\u012bnija&#8221;. Citi Ir\u0101nas amatpersonas, tostarp biju\u0161ais parlamenta sp\u012bkers Ali Larijani, nor\u0101d\u012bju\u0161i, ka ASV iejauk\u0161an\u0101s destabiliz\u0113tu re\u0123ionu un kait\u0113tu Amerikas interes\u0113m. <\/p>\n<p>Protestu c\u0113lo\u0146i un aicin\u0101jumi<\/p>\n<p>Protesti ir izrais\u012bti ne tikai saist\u012bb\u0101 ar ekonomiskajiem jaut\u0101jumiem, bet ar\u012b ar visp\u0101r\u0113jo neapmierin\u0101t\u012bbu pret re\u017e\u012bmu. Da\u017ei dal\u012bbnieki paudu\u0161i atbalstu monarhijas atjauno\u0161anai. ASV Valsts departamenta p\u0101rst\u0101vis nor\u0101d\u012bjis, ka protesti atspogu\u013co Ir\u0101nas tautas &#8220;saprotamo dusmu&#8221; par vald\u012bbas neveiksm\u0113m ekonomikas, lauksaimniec\u012bbas, \u016bdens un elektroener\u0123ijas jom\u0101s, k\u0101 ar\u012b resursu t\u0113r\u0113\u0161anu bru\u0146otajiem grup\u0113jumiem un kodoliero\u010du izp\u0113tei. <\/p>\n<p>Trampa izteiciena noz\u012bme<\/p>\n<p>Fr\u0101ze &#8220;locked and loaded&#8221; (gatavi un bru\u0146oti), ko Tramps lietojis sav\u0101 pazi\u0146ojum\u0101, tiek interpret\u0113ta k\u0101 milit\u0101ras gatav\u012bbas sign\u0101ls, ne tikai politiska retorika. Tom\u0113r anal\u012bti\u0137i atz\u012bm\u0113, ka Trampa stilam rakstur\u012bgi main\u012bgi viedok\u013ci, un mutiski draudi ne vienm\u0113r p\u0101rtop darb\u012bb\u0101. Situ\u0101cija notiek sare\u017e\u0123\u012bt\u0101 \u0123eopolitisk\u0101 vid\u0113, kur\u0101 spriedze starp da\u017e\u0101d\u0101m valst\u012bm un grup\u0113jumiem saglab\u0101jas. <\/p>\n","protected":false},"excerpt":{"rendered":"ASV gatava r\u012bkoties, ja Ir\u0101na izmantos sp\u0113ku pret protest\u0113t\u0101jiem Savienoto Valstu prezidents Donalds Tramps piektdien, 2026. gada 2.&hellip;\n","protected":false},"author":2,"featured_media":95445,"comment_status":"","ping_status":"","sticky":false,"template":"","format":"standard","meta":{"footnotes":""},"categories":[14],"tags":[23,57,23755,28,29,542,23756,32,33,22,2562,30,31,35,39,38,36,37,34,40,20,26,27,4204,24,25,54,55,56,21,58],"class_list":{"0":"post-95444","1":"post","2":"type-post","3":"status-publish","4":"format-standard","5":"has-post-thumbnail","7":"category-zinas-no-arvalstim","8":"tag-aktualitates","9":"tag-arvalstim","10":"tag-asv-iejauksanas","11":"tag-breaking-news","12":"tag-breakingnews","13":"tag-donalds-tramps","14":"tag-drosibas-speki","15":"tag-featured-news","16":"tag-featurednews","17":"tag-headlines","18":"tag-irana","19":"tag-latest-news","20":"tag-latestnews","21":"tag-latvia","22":"tag-latvian","23":"tag-latviesu","24":"tag-latviesu-valoda","25":"tag-latviesuvaloda","26":"tag-latvija","27":"tag-lv","28":"tag-news","29":"tag-popularakas-zinas","30":"tag-popularakaszinas","31":"tag-protesti","32":"tag-top-stories","33":"tag-topstories","34":"tag-world","35":"tag-world-news","36":"tag-worldnews","37":"tag-zinas","38":"tag-zinas-no-arvalstim"},"share_on_mastodon":{"url":"https:\/\/pubeurope.com\/@lv\/115843679095282442","error":""},"_links":{"self":[{"href":"https:\/\/www.europesays.com\/lv\/wp-json\/wp\/v2\/posts\/95444","targetHints":{"allow":["GET"]}}],"collection":[{"href":"https:\/\/www.europesays.com\/lv\/wp-json\/wp\/v2\/posts"}],"about":[{"href":"https:\/\/www.europesays.com\/lv\/wp-json\/wp\/v2\/types\/post"}],"author":[{"embeddable":true,"href":"https:\/\/www.europesays.com\/lv\/wp-json\/wp\/v2\/users\/2"}],"replies":[{"embeddable":true,"href":"https:\/\/www.europesays.com\/lv\/wp-json\/wp\/v2\/comments?post=95444"}],"version-history":[{"count":0,"href":"https:\/\/www.europesays.com\/lv\/wp-json\/wp\/v2\/posts\/95444\/revisions"}],"wp:featuredmedia":[{"embeddable":true,"href":"https:\/\/www.europesays.com\/lv\/wp-json\/wp\/v2\/media\/95445"}],"wp:attachment":[{"href":"https:\/\/www.europesays.com\/lv\/wp-json\/wp\/v2\/media?parent=95444"}],"wp:term":[{"taxonomy":"category","embeddable":true,"href":"https:\/\/www.europesays.com\/lv\/wp-json\/wp\/v2\/categories?post=95444"},{"taxonomy":"post_tag","embeddable":true,"href":"https:\/\/www.europesays.com\/lv\/wp-json\/wp\/v2\/tags?post=95444"}],"curies":[{"name":"wp","href":"https:\/\/api.w.org\/{rel}","templated":true}]}}