{"id":95453,"date":"2026-01-05T17:41:08","date_gmt":"2026-01-05T17:41:08","guid":{"rendered":"https:\/\/www.europesays.com\/lv\/95453\/"},"modified":"2026-01-05T17:41:08","modified_gmt":"2026-01-05T17:41:08","slug":"iecelts-jauns-ukrainas-drosibas-dienesta-vaditajs","status":"publish","type":"post","link":"https:\/\/www.europesays.com\/lv\/95453\/","title":{"rendered":"Iecelts jauns Ukrainas Dro\u0161\u012bbas dienesta vad\u012bt\u0101js"},"content":{"rendered":"<p>L\u012bdz \u0161im SBU vad\u012bja Vasi\u013cs Ma\u013cuks, kur\u0161 atk\u0101pies no amata.<\/p>\n<p>Ma\u013cuka vad\u012bb\u0101 SBU \u012bstenoja vair\u0101kas \u013coti sekm\u012bgas oper\u0101cijas pret Krieviju, tostarp oper\u0101ciju &#8220;Zirnek\u013ct\u012bkls&#8221;, kuras laik\u0101 koordin\u0113tos triecienos \u010detr\u0101m gaisa b\u0101z\u0113m tika saboj\u0101ta vai izn\u012bcin\u0101ta 41 Krievijas milit\u0101r\u0101 lidma\u0161\u012bna.<\/p>\n<p>Zelenskis piektdien pazi\u0146oja, ka prezidenta kancelejas vad\u012bt\u0101ja amat\u0101 iec\u0113lis l\u012bdz\u0161in\u0113jo Galven\u0101s izl\u016bko\u0161anas p\u0101rvaldes (HUR) priek\u0161nieku Kirilo Budanovu. Prezidents nor\u0101d\u012bja, ka Ukrainai ir j\u0101koncentr\u0113jas uz dro\u0161\u012bbas jaut\u0101jumiem, aizsardz\u012bbas un dro\u0161\u012bbas sp\u0113ku att\u012bst\u012bbu un miera sarun\u0101m, un t\u0101s ir jomas, kuras p\u0101rrauga prezidenta birojs.<\/p>\n<p>Ukrainas prezidentam \u0161oned\u0113\u013c Par\u012bz\u0113 paredz\u0113tas sarunas ar t\u0101 d\u0113v\u0113t\u0101s Labas gribas koal\u012bcijas valstu l\u012bderiem, lai apspriestu atbalsta turpin\u0101\u0161anu Ukrainai un garantijas, kas pasarg\u0101tu Ukrainu n\u0101kotn\u0113.<\/p>\n<p>Galvenie jaut\u0101jumi ir, vai valstis ir gatavas izvietot karav\u012brus Ukrain\u0101 vai t\u0101s tuvum\u0101 un k\u0101das var\u0113tu b\u016bt to sp\u0113ku pilnvaras, kas p\u0101rraudz\u012btu pamieru. Krievija ir pazi\u0146ojusi, ka nepie\u0146ems NATO valstu karasp\u0113ku Ukrainas teritorij\u0101.<\/p>\n<p>Sav\u0101 Jaungada uzrun\u0101 Zelenskis sac\u012bja, ka ierosin\u0101tais noregul\u0113jums ir &#8220;90% gatavs&#8221;, bet br\u012bdin\u0101ja, ka atliku\u0161ie 10% noteiks to, vai izdosies pan\u0101kt mieru.<\/p>\n","protected":false},"excerpt":{"rendered":"L\u012bdz \u0161im SBU vad\u012bja Vasi\u013cs Ma\u013cuks, kur\u0161 atk\u0101pies no amata. Ma\u013cuka vad\u012bb\u0101 SBU \u012bstenoja vair\u0101kas \u013coti sekm\u012bgas oper\u0101cijas&hellip;\n","protected":false},"author":2,"featured_media":95454,"comment_status":"","ping_status":"","sticky":false,"template":"","format":"standard","meta":{"footnotes":""},"categories":[14],"tags":[23,57,28,29,32,33,22,30,31,35,39,38,36,37,34,40,20,26,27,24,25,276,178,54,55,56,21,58],"class_list":{"0":"post-95453","1":"post","2":"type-post","3":"status-publish","4":"format-standard","5":"has-post-thumbnail","7":"category-zinas-no-arvalstim","8":"tag-aktualitates","9":"tag-arvalstim","10":"tag-breaking-news","11":"tag-breakingnews","12":"tag-featured-news","13":"tag-featurednews","14":"tag-headlines","15":"tag-latest-news","16":"tag-latestnews","17":"tag-latvia","18":"tag-latvian","19":"tag-latviesu","20":"tag-latviesu-valoda","21":"tag-latviesuvaloda","22":"tag-latvija","23":"tag-lv","24":"tag-news","25":"tag-popularakas-zinas","26":"tag-popularakaszinas","27":"tag-top-stories","28":"tag-topstories","29":"tag-ukraina","30":"tag-volodimirs-zelenskis","31":"tag-world","32":"tag-world-news","33":"tag-worldnews","34":"tag-zinas","35":"tag-zinas-no-arvalstim"},"share_on_mastodon":{"url":"https:\/\/pubeurope.com\/@lv\/115843726379346488","error":""},"_links":{"self":[{"href":"https:\/\/www.europesays.com\/lv\/wp-json\/wp\/v2\/posts\/95453","targetHints":{"allow":["GET"]}}],"collection":[{"href":"https:\/\/www.europesays.com\/lv\/wp-json\/wp\/v2\/posts"}],"about":[{"href":"https:\/\/www.europesays.com\/lv\/wp-json\/wp\/v2\/types\/post"}],"author":[{"embeddable":true,"href":"https:\/\/www.europesays.com\/lv\/wp-json\/wp\/v2\/users\/2"}],"replies":[{"embeddable":true,"href":"https:\/\/www.europesays.com\/lv\/wp-json\/wp\/v2\/comments?post=95453"}],"version-history":[{"count":0,"href":"https:\/\/www.europesays.com\/lv\/wp-json\/wp\/v2\/posts\/95453\/revisions"}],"wp:featuredmedia":[{"embeddable":true,"href":"https:\/\/www.europesays.com\/lv\/wp-json\/wp\/v2\/media\/95454"}],"wp:attachment":[{"href":"https:\/\/www.europesays.com\/lv\/wp-json\/wp\/v2\/media?parent=95453"}],"wp:term":[{"taxonomy":"category","embeddable":true,"href":"https:\/\/www.europesays.com\/lv\/wp-json\/wp\/v2\/categories?post=95453"},{"taxonomy":"post_tag","embeddable":true,"href":"https:\/\/www.europesays.com\/lv\/wp-json\/wp\/v2\/tags?post=95453"}],"curies":[{"name":"wp","href":"https:\/\/api.w.org\/{rel}","templated":true}]}}