{"id":95473,"date":"2026-01-05T18:02:25","date_gmt":"2026-01-05T18:02:25","guid":{"rendered":"https:\/\/www.europesays.com\/lv\/95473\/"},"modified":"2026-01-05T18:02:25","modified_gmt":"2026-01-05T18:02:25","slug":"eidukai-spilgts-sniegums-tour-de-ski-pedeja-posma","status":"publish","type":"post","link":"https:\/\/www.europesays.com\/lv\/95473\/","title":{"rendered":"Eidukai spilgts sniegums &#8220;Tour de Ski&#8221; p\u0113d\u0113j\u0101 posm\u0101"},"content":{"rendered":"<p>Latvijas sportiste Patr\u012bcija Eiduka sv\u0113tdien It\u0101lij\u0101 <a rel=\"noopener nofollow\" target=\"_blank\" href=\"https:\/\/www.delfi.lv\/temas\/35438241\/distancu-sleposana\" tag-id=\"35438241\">distan\u010du sl\u0113po\u0161anas<\/a> seri\u0101la &#8220;Tour de Ski&#8221; p\u0113d\u0113j\u0101 no se\u0161iem posmiem izc\u012bn\u012bja 11. vietu un kopv\u0113rt\u0113jum\u0101 ierindoj\u0101s 23. poz\u012bcij\u0101.<\/p>\n<p>V\u012brie\u0161u konkurenc\u0113 nosl\u0113dzo\u0161aj\u0101 posm\u0101 \u0101tr\u0101kais bija norv\u0113\u0123is Matiss Stensh\u0101gens, kur\u0161 fini\u0161\u0113ja 33 min\u016bt\u0113s un 25,5 sekund\u0113s. Vi\u0146\u0161 par 6,6 sekund\u0113m p\u0101rsp\u0113ja franc\u016bzi \u017dilu Lapj\u0113ru, bet tre\u0161ais, zaud\u0113jot tautietim 20,4 sekundes, bija Em\u012bls Iversens.<\/p>\n<p class=\"m-0\">Seko &#8220;Delfi&#8221; ar\u012b  <a target=\"_blank\" href=\"https:\/\/www.instagram.com\/delfi.lv\/\" rel=\"nofollow noopener\">Instagram<\/a>  un <a target=\"_blank\" href=\"https:\/\/www.youtube.com\/channel\/UCw5foWtcJvAbUm64rv7jwUQ\" rel=\"nofollow noopener\">YouTube<\/a>  profil\u0101 \u2013 pievienojies, lai uzzin\u0101tu svar\u012bg\u0101ko un interesant\u0101ko pirmais!<\/p>\n<p>Publik\u0101cijas saturs vai t\u0101s jebk\u0101da apjoma da\u013ca ir aizsarg\u0101ts autorties\u012bbu objekts Autorties\u012bbu likuma izpratn\u0113, un t\u0101 izmanto\u0161ana bez izdev\u0113ja at\u013caujas ir aizliegta. Vair\u0101k lasi  <a target=\"_blank\" href=\"https:\/\/www.delfi.lv\/noteikumi#autortiesibas\" rel=\"nofollow noopener\">\u0161eit<\/a><script async src=\"\/\/www.instagram.com\/embed.js\"><\/script><\/p>\n","protected":false},"excerpt":{"rendered":"Latvijas sportiste Patr\u012bcija Eiduka sv\u0113tdien It\u0101lij\u0101 distan\u010du sl\u0113po\u0161anas seri\u0101la &#8220;Tour de Ski&#8221; p\u0113d\u0113j\u0101 no se\u0161iem posmiem izc\u012bn\u012bja 11.&hellip;\n","protected":false},"author":2,"featured_media":95474,"comment_status":"","ping_status":"","sticky":false,"template":"","format":"standard","meta":{"footnotes":""},"categories":[5],"tags":[23,28,29,8196,32,33,22,30,31,35,39,38,36,37,34,40,20,26,27,24,25,21],"class_list":{"0":"post-95473","1":"post","2":"type-post","3":"status-publish","4":"format-standard","5":"has-post-thumbnail","7":"category-aktualitates","8":"tag-aktualitates","9":"tag-breaking-news","10":"tag-breakingnews","11":"tag-distancu-sleposana","12":"tag-featured-news","13":"tag-featurednews","14":"tag-headlines","15":"tag-latest-news","16":"tag-latestnews","17":"tag-latvia","18":"tag-latvian","19":"tag-latviesu","20":"tag-latviesu-valoda","21":"tag-latviesuvaloda","22":"tag-latvija","23":"tag-lv","24":"tag-news","25":"tag-popularakas-zinas","26":"tag-popularakaszinas","27":"tag-top-stories","28":"tag-topstories","29":"tag-zinas"},"share_on_mastodon":{"url":"https:\/\/pubeurope.com\/@lv\/115843808859931441","error":""},"_links":{"self":[{"href":"https:\/\/www.europesays.com\/lv\/wp-json\/wp\/v2\/posts\/95473","targetHints":{"allow":["GET"]}}],"collection":[{"href":"https:\/\/www.europesays.com\/lv\/wp-json\/wp\/v2\/posts"}],"about":[{"href":"https:\/\/www.europesays.com\/lv\/wp-json\/wp\/v2\/types\/post"}],"author":[{"embeddable":true,"href":"https:\/\/www.europesays.com\/lv\/wp-json\/wp\/v2\/users\/2"}],"replies":[{"embeddable":true,"href":"https:\/\/www.europesays.com\/lv\/wp-json\/wp\/v2\/comments?post=95473"}],"version-history":[{"count":0,"href":"https:\/\/www.europesays.com\/lv\/wp-json\/wp\/v2\/posts\/95473\/revisions"}],"wp:featuredmedia":[{"embeddable":true,"href":"https:\/\/www.europesays.com\/lv\/wp-json\/wp\/v2\/media\/95474"}],"wp:attachment":[{"href":"https:\/\/www.europesays.com\/lv\/wp-json\/wp\/v2\/media?parent=95473"}],"wp:term":[{"taxonomy":"category","embeddable":true,"href":"https:\/\/www.europesays.com\/lv\/wp-json\/wp\/v2\/categories?post=95473"},{"taxonomy":"post_tag","embeddable":true,"href":"https:\/\/www.europesays.com\/lv\/wp-json\/wp\/v2\/tags?post=95473"}],"curies":[{"name":"wp","href":"https:\/\/api.w.org\/{rel}","templated":true}]}}