{"id":95493,"date":"2026-01-05T18:26:20","date_gmt":"2026-01-05T18:26:20","guid":{"rendered":"https:\/\/www.europesays.com\/lv\/95493\/"},"modified":"2026-01-05T18:26:20","modified_gmt":"2026-01-05T18:26:20","slug":"virziena-maina-londona-atklata-palestinas-vestnieciba","status":"publish","type":"post","link":"https:\/\/www.europesays.com\/lv\/95493\/","title":{"rendered":"&#8220;Virziena mai\u0146a&#8221;: London\u0101 atkl\u0101ta Palest\u012bnas v\u0113stniec\u012bba"},"content":{"rendered":"<p>London\u0101 pirmdien ofici\u0101li atkl\u0101ta <a rel=\"noopener nofollow\" target=\"_blank\" href=\"https:\/\/www.delfi.lv\/temas\/40946547\/palestina-0\" tag-id=\"40946547\">Palest\u012bnas<\/a> v\u0113stniec\u012bba.<\/p>\n<p>&#8220;\u0160\u012b ir cer\u012bbas diena, nelok\u0101m\u012bbas diena un diena, kas atg\u0101dina pasaulei, ka miers ir ne tikai iesp\u0113jams, bet ar\u012b neizb\u0113gams (..), ja t\u0101 pamat\u0101 ir taisn\u012bgums, cie\u0146a, vienl\u012bdz\u012bba un savstarp\u0113ja atz\u012b\u0161ana,&#8221; teica v\u0113stnieks.<\/p>\n<p class=\"m-0\">Seko &#8220;Delfi&#8221; ar\u012b  <a target=\"_blank\" href=\"https:\/\/www.instagram.com\/delfi.lv\/\" rel=\"nofollow noopener\">Instagram<\/a>  un <a target=\"_blank\" href=\"https:\/\/www.youtube.com\/channel\/UCw5foWtcJvAbUm64rv7jwUQ\" rel=\"nofollow noopener\">YouTube<\/a>  profil\u0101 \u2013 pievienojies, lai uzzin\u0101tu svar\u012bg\u0101ko un interesant\u0101ko pirmais!<\/p>\n<p>Publik\u0101cijas saturs vai t\u0101s jebk\u0101da apjoma da\u013ca ir aizsarg\u0101ts autorties\u012bbu objekts Autorties\u012bbu likuma izpratn\u0113, un t\u0101 izmanto\u0161ana bez izdev\u0113ja at\u013caujas ir aizliegta. Vair\u0101k lasi  <a target=\"_blank\" href=\"https:\/\/www.delfi.lv\/noteikumi#autortiesibas\" rel=\"nofollow noopener\">\u0161eit<\/a><script async src=\"\/\/www.instagram.com\/embed.js\"><\/script><\/p>\n","protected":false},"excerpt":{"rendered":"London\u0101 pirmdien ofici\u0101li atkl\u0101ta Palest\u012bnas v\u0113stniec\u012bba. &#8220;\u0160\u012b ir cer\u012bbas diena, nelok\u0101m\u012bbas diena un diena, kas atg\u0101dina pasaulei, ka&hellip;\n","protected":false},"author":2,"featured_media":95494,"comment_status":"","ping_status":"","sticky":false,"template":"","format":"standard","meta":{"footnotes":""},"categories":[5],"tags":[23,28,29,32,33,1274,22,493,30,31,35,39,38,36,37,34,487,9616,40,20,488,26,27,24,25,21],"class_list":{"0":"post-95493","1":"post","2":"type-post","3":"status-publish","4":"format-standard","5":"has-post-thumbnail","7":"category-aktualitates","8":"tag-aktualitates","9":"tag-breaking-news","10":"tag-breakingnews","11":"tag-featured-news","12":"tag-featurednews","13":"tag-gazas-josla","14":"tag-headlines","15":"tag-izraela","16":"tag-latest-news","17":"tag-latestnews","18":"tag-latvia","19":"tag-latvian","20":"tag-latviesu","21":"tag-latviesu-valoda","22":"tag-latviesuvaloda","23":"tag-latvija","24":"tag-lielbritanija","25":"tag-londona","26":"tag-lv","27":"tag-news","28":"tag-palestina","29":"tag-popularakas-zinas","30":"tag-popularakaszinas","31":"tag-top-stories","32":"tag-topstories","33":"tag-zinas"},"share_on_mastodon":{"url":"https:\/\/pubeurope.com\/@lv\/115843903177221215","error":""},"_links":{"self":[{"href":"https:\/\/www.europesays.com\/lv\/wp-json\/wp\/v2\/posts\/95493","targetHints":{"allow":["GET"]}}],"collection":[{"href":"https:\/\/www.europesays.com\/lv\/wp-json\/wp\/v2\/posts"}],"about":[{"href":"https:\/\/www.europesays.com\/lv\/wp-json\/wp\/v2\/types\/post"}],"author":[{"embeddable":true,"href":"https:\/\/www.europesays.com\/lv\/wp-json\/wp\/v2\/users\/2"}],"replies":[{"embeddable":true,"href":"https:\/\/www.europesays.com\/lv\/wp-json\/wp\/v2\/comments?post=95493"}],"version-history":[{"count":0,"href":"https:\/\/www.europesays.com\/lv\/wp-json\/wp\/v2\/posts\/95493\/revisions"}],"wp:featuredmedia":[{"embeddable":true,"href":"https:\/\/www.europesays.com\/lv\/wp-json\/wp\/v2\/media\/95494"}],"wp:attachment":[{"href":"https:\/\/www.europesays.com\/lv\/wp-json\/wp\/v2\/media?parent=95493"}],"wp:term":[{"taxonomy":"category","embeddable":true,"href":"https:\/\/www.europesays.com\/lv\/wp-json\/wp\/v2\/categories?post=95493"},{"taxonomy":"post_tag","embeddable":true,"href":"https:\/\/www.europesays.com\/lv\/wp-json\/wp\/v2\/tags?post=95493"}],"curies":[{"name":"wp","href":"https:\/\/api.w.org\/{rel}","templated":true}]}}