{"id":95497,"date":"2026-01-05T18:31:08","date_gmt":"2026-01-05T18:31:08","guid":{"rendered":"https:\/\/www.europesays.com\/lv\/95497\/"},"modified":"2026-01-05T18:31:08","modified_gmt":"2026-01-05T18:31:08","slug":"video-%e2%9f%a9-svetku-brivdienas-rakus-ievesti-vairaki-pacienti-kuri-meginajusi-izdarit-pasnavibu","status":"publish","type":"post","link":"https:\/\/www.europesays.com\/lv\/95497\/","title":{"rendered":"VIDEO \u27e9 Sv\u0113tku br\u012bvdien\u0101s RAKUS ievesti vair\u0101ki pacienti, kuri m\u0113\u0123in\u0101ju\u0161i izdar\u012bt pa\u0161n\u0101v\u012bbu"},"content":{"rendered":"<p>&#8220;M\u0113s jau gatavoj\u0101mies, bet pacientu piepl\u016bdums bija absol\u016bti negaid\u012bts! Galvenok\u0101rt t\u0101di, kas n\u0101ca pa\u0161i. 150 katru dienu. N\u0101ca ar\u012b p\u0113c darba nesp\u0113jas lap\u0101m, p\u0113c z\u0101\u013cu recept\u0113m,&#8221; Latvijas Telev\u012bzijai past\u0101st\u012bja <a href=\"https:\/\/www.apollo.lv\/term\/570946\/rakus\" class=\"topicLink\" target=\"_blank\" rel=\"nofollow noopener\">RAKUS<\/a> Neatliekam\u0101s medic\u012bnas kl\u012bnikas vad\u012bt\u0101js Aleksejs Vi\u0161\u0146akovs. Slimn\u012bc\u0101 ievesti vair\u0101ki pacienti, kuri sv\u0113tkos m\u0113\u0123in\u0101ju\u0161i izdar\u012bt pa\u0161n\u0101v\u012bbu. Divi no tiem &#8211; ar ieroci m\u0113r\u0137\u0113jot galv\u0101.<\/p>\n<p>Vi\u0161\u0146akovs atz\u012bst, ka sv\u0113tku laik\u0101 daudzi cilv\u0113ki ar nestabilu nervu sist\u0113mu iekr\u012bt depresij\u0101 un cen\u0161as sevi nogalin\u0101t. K\u0101 nor\u0101d\u012bja slimn\u012bc\u0101, visus pacientus izdevies izgl\u0101bt.<\/p>\n<p>Tiek uzsv\u0113rts, ka sist\u0113miski ir j\u0101risina jaut\u0101jums par tiem pacientiem, kas garo br\u012bvdienu d\u0113\u013c netiek pie \u0123imenes \u0101rsta, jo tie, kas n\u0101k pa\u0161i, slimn\u012bcas p\u0101rv\u0113r\u0161 par liela izm\u0113ra polikl\u012bnik\u0101m.<\/p>\n<p>Kur mekl\u0113t pal\u012bdz\u012bbu, ja nom\u0101c domas par pa\u0161n\u0101v\u012bbu<\/p>\n<p>Kr\u012b\u017eu un konsult\u0101ciju centra &#8220;Skalbes&#8221; uztic\u012bbas t\u0101lrunis:<\/p>\n<p>67222922<\/p>\n<p>27722292<\/p>\n<p>116123<\/p>\n<p>VBTAI B\u0113rnu un pusaud\u017eu uztic\u012bbas t\u0101lrunis:<\/p>\n<p>116111 vai \u010dat\u0101<\/p>\n<p>Neatliekam\u0101s medic\u012bnisk\u0101s pal\u012bdz\u012bbas dienests &#8211; 113<\/p>\n<p>Ment\u0101l\u0101s vesel\u012bbas atbalsta biedr\u012bba &#8220;Ogle&#8221;<\/p>\n","protected":false},"excerpt":{"rendered":"&#8220;M\u0113s jau gatavoj\u0101mies, bet pacientu piepl\u016bdums bija absol\u016bti negaid\u012bts! Galvenok\u0101rt t\u0101di, kas n\u0101ca pa\u0161i. 150 katru dienu. N\u0101ca&hellip;\n","protected":false},"author":2,"featured_media":95498,"comment_status":"","ping_status":"","sticky":false,"template":"","format":"standard","meta":{"footnotes":""},"categories":[12],"tags":[23,28,29,32,33,22,30,31,35,39,38,36,37,34,40,20,7351,26,27,14035,183,24,25,21],"class_list":{"0":"post-95497","1":"post","2":"type-post","3":"status-publish","4":"format-standard","5":"has-post-thumbnail","7":"category-latvija","8":"tag-aktualitates","9":"tag-breaking-news","10":"tag-breakingnews","11":"tag-featured-news","12":"tag-featurednews","13":"tag-headlines","14":"tag-latest-news","15":"tag-latestnews","16":"tag-latvia","17":"tag-latvian","18":"tag-latviesu","19":"tag-latviesu-valoda","20":"tag-latviesuvaloda","21":"tag-latvija","22":"tag-lv","23":"tag-news","24":"tag-pasnaviba","25":"tag-popularakas-zinas","26":"tag-popularakaszinas","27":"tag-rakus","28":"tag-slimnica","29":"tag-top-stories","30":"tag-topstories","31":"tag-zinas"},"share_on_mastodon":{"url":"https:\/\/pubeurope.com\/@lv\/115843922889411755","error":""},"_links":{"self":[{"href":"https:\/\/www.europesays.com\/lv\/wp-json\/wp\/v2\/posts\/95497","targetHints":{"allow":["GET"]}}],"collection":[{"href":"https:\/\/www.europesays.com\/lv\/wp-json\/wp\/v2\/posts"}],"about":[{"href":"https:\/\/www.europesays.com\/lv\/wp-json\/wp\/v2\/types\/post"}],"author":[{"embeddable":true,"href":"https:\/\/www.europesays.com\/lv\/wp-json\/wp\/v2\/users\/2"}],"replies":[{"embeddable":true,"href":"https:\/\/www.europesays.com\/lv\/wp-json\/wp\/v2\/comments?post=95497"}],"version-history":[{"count":0,"href":"https:\/\/www.europesays.com\/lv\/wp-json\/wp\/v2\/posts\/95497\/revisions"}],"wp:featuredmedia":[{"embeddable":true,"href":"https:\/\/www.europesays.com\/lv\/wp-json\/wp\/v2\/media\/95498"}],"wp:attachment":[{"href":"https:\/\/www.europesays.com\/lv\/wp-json\/wp\/v2\/media?parent=95497"}],"wp:term":[{"taxonomy":"category","embeddable":true,"href":"https:\/\/www.europesays.com\/lv\/wp-json\/wp\/v2\/categories?post=95497"},{"taxonomy":"post_tag","embeddable":true,"href":"https:\/\/www.europesays.com\/lv\/wp-json\/wp\/v2\/tags?post=95497"}],"curies":[{"name":"wp","href":"https:\/\/api.w.org\/{rel}","templated":true}]}}