{"id":95507,"date":"2026-01-05T18:38:09","date_gmt":"2026-01-05T18:38:09","guid":{"rendered":"https:\/\/www.europesays.com\/lv\/95507\/"},"modified":"2026-01-05T18:38:09","modified_gmt":"2026-01-05T18:38:09","slug":"pasaule-un-baltija-nosoda-trampa-draudus-grenlandei","status":"publish","type":"post","link":"https:\/\/www.europesays.com\/lv\/95507\/","title":{"rendered":"Pasaul\u0113 un Baltij\u0101 nosoda Trampa draudus Grenlandei"},"content":{"rendered":"<p>Grenlande ir neat\u0146emama D\u0101nijas da\u013ca, uzsv\u0113ru\u0161i ar\u012b Baltijas valstu \u0101rlietu ministri p\u0113c tam, kad ASV prezidents <a href=\"https:\/\/www.apollo.lv\/term\/555636\/donalds-tramps\" class=\"topicLink\" target=\"_blank\" rel=\"nofollow noopener\">Donalds Tramps<\/a> ned\u0113\u013cas nogal\u0113 k\u0101rt\u0113jo reizi izteic\u0101s, ka Grenlandei b\u016btu j\u0101non\u0101k Savienoto Valstu kontrol\u0113.<\/p>\n<p>Latvijas \u0101rlietu ministre Baiba Bra\u017ee nor\u0101da, ka D\u0101nijai un Grenlandei pa\u0161\u0101m ir j\u0101risina t\u0101m b\u016btiskie jaut\u0101jumi.<\/p>\n<p>&#8220;Teritori\u0101l\u0101s integrit\u0101tes un suverenit\u0101tes iev\u0113ro\u0161ana ir pasaules stabilit\u0101tes pamat\u0101, un visas domstarp\u012bbas ir j\u0101risina dialog\u0101. Sabiedrotie ir apsol\u012bju\u0161i cits citam saglab\u0101t mieru un dro\u0161\u012bbu. D\u0101nijai un Grenlandei pa\u0161\u0101m ir j\u0101izlemj t\u0101m b\u016btiskie jaut\u0101jumi,&#8221; platform\u0101 &#8220;X&#8221; raksta Bra\u017ee.<\/p>\n<p>Ar\u012b Lietuvas \u0101lietu ministrs \u0136\u0113stutis Budris uzsver teritori\u0101l\u0101s integrit\u0101tes noz\u012bmii.<\/p>\n<p>&#8220;Grenlande ir neat\u0146emama D\u0101nijas Karalistes, kas ir sp\u0113c\u012bga demokr\u0101tija un uzticama NATO sabiedrot\u0101, da\u013ca. Visi no t\u0101 izrieto\u0161ie jaut\u0101jumi ir transatlantisk\u0101s dro\u0161\u012bbas jaut\u0101jums,&#8221; platform\u0101 &#8220;X&#8221; raksta Budris. &#8220;Teritori\u0101l\u0101s integrit\u0101tes un suverenit\u0101tes iev\u0113ro\u0161ana ir pasaules stabilit\u0101tes pamat\u0101. Visi l\u0113mumi attiec\u012bb\u0101 uz Grenlandi vai D\u0101niju ir tikai to kompetenc\u0113,&#8221; vi\u0146\u0161 piebilst.<\/p>\n<p>Igaunijas \u0101rlietu ministrs Marguss Cahkna uzsver, ka Igaunija &#8220;piln\u012bb\u0101 solidariz\u0113jas ar m\u016bsu Zieme\u013cvalstu un Baltijas sabiedroto [D\u0101niju]&#8221;.<\/p>\n<p>&#8220;Grenlande ir neat\u0146emama D\u0101nijas Karalistes sast\u0101vda\u013ca, un nek\u0101di l\u0113mumi attiec\u012bb\u0101 uz Grenlandi nevar tikt pie\u0146emti bez Grenlandes un D\u0101nijas l\u012bdzdal\u012bbas,&#8221; vi\u0146\u0161 raksta platform\u0101 &#8220;X&#8221;.<\/p>\n","protected":false},"excerpt":{"rendered":"Grenlande ir neat\u0146emama D\u0101nijas da\u013ca, uzsv\u0113ru\u0161i ar\u012b Baltijas valstu \u0101rlietu ministri p\u0113c tam, kad ASV prezidents Donalds Tramps&hellip;\n","protected":false},"author":2,"featured_media":95508,"comment_status":"","ping_status":"","sticky":false,"template":"","format":"standard","meta":{"footnotes":""},"categories":[5],"tags":[23,28,29,542,32,33,20878,22,30,31,35,39,38,36,37,34,40,20,26,27,24,25,21],"class_list":{"0":"post-95507","1":"post","2":"type-post","3":"status-publish","4":"format-standard","5":"has-post-thumbnail","7":"category-aktualitates","8":"tag-aktualitates","9":"tag-breaking-news","10":"tag-breakingnews","11":"tag-donalds-tramps","12":"tag-featured-news","13":"tag-featurednews","14":"tag-grenlande","15":"tag-headlines","16":"tag-latest-news","17":"tag-latestnews","18":"tag-latvia","19":"tag-latvian","20":"tag-latviesu","21":"tag-latviesu-valoda","22":"tag-latviesuvaloda","23":"tag-latvija","24":"tag-lv","25":"tag-news","26":"tag-popularakas-zinas","27":"tag-popularakaszinas","28":"tag-top-stories","29":"tag-topstories","30":"tag-zinas"},"share_on_mastodon":{"url":"https:\/\/pubeurope.com\/@lv\/115843950445775157","error":""},"_links":{"self":[{"href":"https:\/\/www.europesays.com\/lv\/wp-json\/wp\/v2\/posts\/95507","targetHints":{"allow":["GET"]}}],"collection":[{"href":"https:\/\/www.europesays.com\/lv\/wp-json\/wp\/v2\/posts"}],"about":[{"href":"https:\/\/www.europesays.com\/lv\/wp-json\/wp\/v2\/types\/post"}],"author":[{"embeddable":true,"href":"https:\/\/www.europesays.com\/lv\/wp-json\/wp\/v2\/users\/2"}],"replies":[{"embeddable":true,"href":"https:\/\/www.europesays.com\/lv\/wp-json\/wp\/v2\/comments?post=95507"}],"version-history":[{"count":0,"href":"https:\/\/www.europesays.com\/lv\/wp-json\/wp\/v2\/posts\/95507\/revisions"}],"wp:featuredmedia":[{"embeddable":true,"href":"https:\/\/www.europesays.com\/lv\/wp-json\/wp\/v2\/media\/95508"}],"wp:attachment":[{"href":"https:\/\/www.europesays.com\/lv\/wp-json\/wp\/v2\/media?parent=95507"}],"wp:term":[{"taxonomy":"category","embeddable":true,"href":"https:\/\/www.europesays.com\/lv\/wp-json\/wp\/v2\/categories?post=95507"},{"taxonomy":"post_tag","embeddable":true,"href":"https:\/\/www.europesays.com\/lv\/wp-json\/wp\/v2\/tags?post=95507"}],"curies":[{"name":"wp","href":"https:\/\/api.w.org\/{rel}","templated":true}]}}