{"id":95526,"date":"2026-01-05T19:36:08","date_gmt":"2026-01-05T19:36:08","guid":{"rendered":"https:\/\/www.europesays.com\/lv\/95526\/"},"modified":"2026-01-05T19:36:08","modified_gmt":"2026-01-05T19:36:08","slug":"asv-operacija-venecuela-nedod-zalo-gaismu-krievijai-vai-kinai-lidzigam-militaram-operacijam-uzskata-eksperts","status":"publish","type":"post","link":"https:\/\/www.europesays.com\/lv\/95526\/","title":{"rendered":"ASV oper\u0101cija Venecu\u0113l\u0101 nedod &#8220;za\u013co gaismu&#8221; Krievijai vai \u0136\u012bnai l\u012bdz\u012bg\u0101m milit\u0101r\u0101m oper\u0101cij\u0101m, uzskata eksperts"},"content":{"rendered":"<p>V\u0113rt\u0113jot Eiropas Savien\u012bbas (ES) nost\u0101ju ASV oper\u0101cijas kontekst\u0101, Bukovskis nor\u0101d\u012bja, ka ES nost\u0101ja attiec\u012bb\u0101 uz Nikolasa Maduro re\u017e\u012bmu bijusi l\u012bdz\u012bga ASV poz\u012bcijai un jaut\u0101jums ar sabiedrotajiem iepriek\u0161 ticis apspriests. Vi\u0146\u0161 uzsv\u0113ra, ka pati oper\u0101cija bijusi piln\u012bb\u0101 slepena, par to iepriek\u0161 neesot inform\u0113ti pat ASV Kongresa un Sen\u0101ta locek\u013ci, jo \u0161\u0101das oper\u0101cijas publiskas apsprie\u0161anas gad\u012bjum\u0101 neb\u016btu iesp\u0113jamas.<\/p>\n<p>Run\u0101jot par turpm\u0101kaj\u0101m ASV attiec\u012bb\u0101m ar Kolumbiju, Kubu un cit\u0101m re\u0123iona valst\u012bm, Bukovskis nor\u0101d\u012bja, ka ASV m\u0113r\u0137is ir pan\u0101kt, lai valstis, kas ilgsto\u0161i biju\u0161as opoz\u012bcij\u0101 Va\u0161ingtonai, vismaz da\u013c\u0113ji pietuvin\u0101tos ASV redz\u0113jumam par starptautisko k\u0101rt\u012bbu. Vi\u0146\u0161 uzsv\u0113ra, ka vair\u0101k\u0101s Lat\u012b\u0146amerikas valst\u012bs ilgsto\u0161i past\u0101v\u0113jusi cie\u0161a saikne starp valsts p\u0101rvaldi un organiz\u0113to noziedz\u012bbu, tostarp narkotiku tirdzniec\u012bbu, kas rada tie\u0161us dro\u0161\u012bbas riskus ASV, tostarp migr\u0101cijas, narkotiku un citu apdraud\u0113jumu veid\u0101.<\/p>\n<p>Bukovskis nor\u0101d\u012bja, ka ASV r\u012bc\u012bba Venecu\u0113l\u0101 kalpo ar\u012b k\u0101 sign\u0101ls cit\u0101m re\u0123iona valst\u012bm par Va\u0161ingtonas sp\u0113ju r\u012bkoties izl\u0113m\u012bgi, aizst\u0101vot savas dro\u0161\u012bbas un nacion\u0101l\u0101s intereses.<\/p>\n<p>Jau rakst\u012bts, ka ASV milit\u0101raj\u0101 oper\u0101cij\u0101 sestdien tika sag\u016bst\u012bti Venecu\u0113las prezidents Maduro un vi\u0146a sieva. Vi\u0146i aizvesti uz \u0145ujorku, kur vi\u0146iem draud tiesa saist\u012bb\u0101 ar krimin\u0101laps\u016bdz\u012bb\u0101m par narkotiku nog\u0101d\u0101\u0161anu uz ASV. Savuk\u0101rt Venecu\u0113las Augst\u0101k\u0101 tiesa par pagaidu prezidenti apstiprin\u0101jusi viceprezidenti Delsiju Rodrigesu.<\/p>\n<p>ASV valsts sekret\u0101rs Marko Rubio pazi\u0146ojis, ka Va\u0161ingtona ir gatava sadarboties ar Rodrigesu un p\u0101r\u0113jiem Venecu\u0113las l\u012bderiem, un uzsv\u0113ris, ka ASV vi\u0146us v\u0113rt\u0113s p\u0113c darbiem, nevis p\u0113c publiskajiem izteikumiem.<\/p>\n","protected":false},"excerpt":{"rendered":"V\u0113rt\u0113jot Eiropas Savien\u012bbas (ES) nost\u0101ju ASV oper\u0101cijas kontekst\u0101, Bukovskis nor\u0101d\u012bja, ka ES nost\u0101ja attiec\u012bb\u0101 uz Nikolasa Maduro re\u017e\u012bmu&hellip;\n","protected":false},"author":2,"featured_media":95527,"comment_status":"","ping_status":"","sticky":false,"template":"","format":"standard","meta":{"footnotes":""},"categories":[14],"tags":[23,57,292,28,29,32,33,22,4213,234,30,31,35,39,38,36,37,34,40,20,26,27,24,25,358,54,55,56,21,58],"class_list":{"0":"post-95526","1":"post","2":"type-post","3":"status-publish","4":"format-standard","5":"has-post-thumbnail","7":"category-zinas-no-arvalstim","8":"tag-aktualitates","9":"tag-arvalstim","10":"tag-asv","11":"tag-breaking-news","12":"tag-breakingnews","13":"tag-featured-news","14":"tag-featurednews","15":"tag-headlines","16":"tag-kina","17":"tag-krievija","18":"tag-latest-news","19":"tag-latestnews","20":"tag-latvia","21":"tag-latvian","22":"tag-latviesu","23":"tag-latviesu-valoda","24":"tag-latviesuvaloda","25":"tag-latvija","26":"tag-lv","27":"tag-news","28":"tag-popularakas-zinas","29":"tag-popularakaszinas","30":"tag-top-stories","31":"tag-topstories","32":"tag-venecuela","33":"tag-world","34":"tag-world-news","35":"tag-worldnews","36":"tag-zinas","37":"tag-zinas-no-arvalstim"},"share_on_mastodon":{"url":"https:\/\/pubeurope.com\/@lv\/115844178420421163","error":""},"_links":{"self":[{"href":"https:\/\/www.europesays.com\/lv\/wp-json\/wp\/v2\/posts\/95526","targetHints":{"allow":["GET"]}}],"collection":[{"href":"https:\/\/www.europesays.com\/lv\/wp-json\/wp\/v2\/posts"}],"about":[{"href":"https:\/\/www.europesays.com\/lv\/wp-json\/wp\/v2\/types\/post"}],"author":[{"embeddable":true,"href":"https:\/\/www.europesays.com\/lv\/wp-json\/wp\/v2\/users\/2"}],"replies":[{"embeddable":true,"href":"https:\/\/www.europesays.com\/lv\/wp-json\/wp\/v2\/comments?post=95526"}],"version-history":[{"count":0,"href":"https:\/\/www.europesays.com\/lv\/wp-json\/wp\/v2\/posts\/95526\/revisions"}],"wp:featuredmedia":[{"embeddable":true,"href":"https:\/\/www.europesays.com\/lv\/wp-json\/wp\/v2\/media\/95527"}],"wp:attachment":[{"href":"https:\/\/www.europesays.com\/lv\/wp-json\/wp\/v2\/media?parent=95526"}],"wp:term":[{"taxonomy":"category","embeddable":true,"href":"https:\/\/www.europesays.com\/lv\/wp-json\/wp\/v2\/categories?post=95526"},{"taxonomy":"post_tag","embeddable":true,"href":"https:\/\/www.europesays.com\/lv\/wp-json\/wp\/v2\/tags?post=95526"}],"curies":[{"name":"wp","href":"https:\/\/api.w.org\/{rel}","templated":true}]}}