{"id":95528,"date":"2026-01-05T19:42:07","date_gmt":"2026-01-05T19:42:07","guid":{"rendered":"https:\/\/www.europesays.com\/lv\/95528\/"},"modified":"2026-01-05T19:42:07","modified_gmt":"2026-01-05T19:42:07","slug":"sveice-iesalde-nikolas-maduro-un-lidzgaitnieku-aktivus","status":"publish","type":"post","link":"https:\/\/www.europesays.com\/lv\/95528\/","title":{"rendered":"\u0160veice iesald\u0113 Nikolas Maduro un l\u012bdzgaitnieku akt\u012bvus"},"content":{"rendered":"<p class=\"descr\">\u0160veices vald\u012bba pirmdien nol\u0113musi nekav\u0113joties iesald\u0113t visus akt\u012bvus, kas pieder g\u0101ztajam Venecu\u0113las prezidentam Nikolasam Maduro un vi\u0146am pietuvin\u0101taj\u0101m person\u0101m.<\/p>\n<p>Jau v\u0113st\u012bts, ka ASV milit\u0101r\u0101 oper\u0101cij\u0101 sestdien sag\u016bst\u012bja Maduro un vi\u0146a sievu un izveda no valsts. Patlaban vi\u0146i atrodas aiztur\u0113\u0161anas centr\u0101 \u0145ujork\u0101 un ir aps\u016bdz\u0113ti saist\u012bb\u0101 ar narkotiku kontrabandu.<\/p>\n<p>\u0160veices vald\u012bba nor\u0101d\u012bja, ka v\u0113las &#8220;nodro\u0161in\u0101t, lai pa\u0161reiz\u0113j\u0101 situ\u0101cij\u0101 nek\u0101di nelikum\u012bgi ieg\u016bti akt\u012bvi nevar tikt izvesti no \u0160veices&#8221;. T\u0101d\u0113\u013c nolemts iesald\u0113t visus akt\u012bvus, kas \u0160veic\u0113 pieder Maduro un cit\u0101m ar vi\u0146u saist\u012bt\u0101m person\u0101m.<\/p>\n<p>Akt\u012bvu iesald\u0113\u0161ana st\u0101jas sp\u0113k\u0101 \u0161odien un b\u016bs sp\u0113k\u0101 \u010detrus gadus l\u012bdz turpm\u0101kam pazi\u0146ojumam.<\/p>\n<p>Vald\u012bba piebilda, ka gad\u012bjum\u0101, &#8220;ja turpm\u0101kaj\u0101 tiesved\u012bb\u0101 atkl\u0101sies, ka l\u012bdzek\u013ci ieg\u016bti nelikum\u012bgi, \u0160veice cent\u012bsies nodro\u0161in\u0101t, lai tie dotu labumu Venecu\u0113las tautai&#8221;.<\/p>\n<p>&#8220;Akt\u012bvu iesald\u0113\u0161ana neskar nevienu no pa\u0161reiz\u0113j\u0101s<a href=\"https:\/\/nra.lv\/tautaruna\/citi\/510642-mamikina-izteikumi-par-venecuelu-klust-par-joku-avotu.htm\" data-item-link=\"true\" data-item-id=\"510642\" rel=\"nofollow noopener\" target=\"_blank\"> Venecu\u0113las vald\u012bbas <\/a>locek\u013ciem,&#8221; teikts vald\u012bbas pazi\u0146ojum\u0101.<\/p>\n<p>\u0160is solis papildina eso\u0161\u0101s sankcijas pret Venecu\u0113lu, kas ir sp\u0113k\u0101 kop\u0161 2018. gada un kas ar\u012b ietver akt\u012bvu iesald\u0113\u0161anu.<\/p>\n<p>\u0160veices vald\u012bba nor\u0101d\u012bja, ka uzman\u012bgi seko l\u012bdzi situ\u0101cijai Venecu\u0113l\u0101 un aicin\u0101ja uz deeskal\u0101ciju un starptautisko ties\u012bbu iev\u0113ro\u0161anu. T\u0101 uzsv\u0113ra, ka \u0160veice vair\u0101kk\u0101rt ir pied\u0101v\u0101jusi &#8220;labus pakalpojumus vis\u0101m pus\u0113m, lai rastu mier\u012bgu situ\u0101cijas risin\u0101jumu&#8221;.<\/p>\n<p>Vald\u012bba nor\u0101d\u012bja, ka &#8220;Maduro kri\u0161anas iemesliem nav iz\u0161\u0137iro\u0161as noz\u012bmes l\u012bdzek\u013cu iesald\u0113\u0161an\u0101 (..), t\u0101pat k\u0101 jaut\u0101jumam par to, vai g\u0101\u0161ana no varas notika likum\u012bgi vai p\u0101rk\u0101pjot starptautisk\u0101s ties\u012bbas&#8221;. T\u0101 uzsv\u0113ra, ka iz\u0161\u0137iro\u0161ais faktors ir tas, ka varas mai\u0146a ir notikusi un past\u0101v iesp\u0113jam\u012bba, ka izcelsmes valsts n\u0101kotn\u0113 s\u0101ks tiesved\u012bbu par nelikum\u012bgi ieg\u016btiem akt\u012bviem.<\/p>\n<p>\t\t\t\t\t\tinfo<\/p>\n<p>Uzzini pirmais<br \/>kas interesants noticis Latvij\u0101 un pasaul\u0113,<br \/>pievienojoties mums <a href=\"https:\/\/t.me\/neatkariga\" rel=\"nofollow\">Telegram<\/a> vai <a href=\"https:\/\/whatsapp.com\/channel\/0029VaMLFUH5K3zLU5s4wm3y\" rel=\"nofollow noopener\" target=\"_blank\">Whatsapp<\/a> kan\u0101l\u0101<\/p>\n","protected":false},"excerpt":{"rendered":"\u0160veices vald\u012bba pirmdien nol\u0113musi nekav\u0113joties iesald\u0113t visus akt\u012bvus, kas pieder g\u0101ztajam Venecu\u0113las prezidentam Nikolasam Maduro un vi\u0146am pietuvin\u0101taj\u0101m&hellip;\n","protected":false},"author":2,"featured_media":95529,"comment_status":"","ping_status":"","sticky":false,"template":"","format":"standard","meta":{"footnotes":""},"categories":[14],"tags":[23,57,28,29,32,33,22,30,31,35,39,38,36,37,34,40,20,26,27,24,25,54,55,56,21,58],"class_list":{"0":"post-95528","1":"post","2":"type-post","3":"status-publish","4":"format-standard","5":"has-post-thumbnail","7":"category-zinas-no-arvalstim","8":"tag-aktualitates","9":"tag-arvalstim","10":"tag-breaking-news","11":"tag-breakingnews","12":"tag-featured-news","13":"tag-featurednews","14":"tag-headlines","15":"tag-latest-news","16":"tag-latestnews","17":"tag-latvia","18":"tag-latvian","19":"tag-latviesu","20":"tag-latviesu-valoda","21":"tag-latviesuvaloda","22":"tag-latvija","23":"tag-lv","24":"tag-news","25":"tag-popularakas-zinas","26":"tag-popularakaszinas","27":"tag-top-stories","28":"tag-topstories","29":"tag-world","30":"tag-world-news","31":"tag-worldnews","32":"tag-zinas","33":"tag-zinas-no-arvalstim"},"share_on_mastodon":{"url":"https:\/\/pubeurope.com\/@lv\/115844202059398064","error":""},"_links":{"self":[{"href":"https:\/\/www.europesays.com\/lv\/wp-json\/wp\/v2\/posts\/95528","targetHints":{"allow":["GET"]}}],"collection":[{"href":"https:\/\/www.europesays.com\/lv\/wp-json\/wp\/v2\/posts"}],"about":[{"href":"https:\/\/www.europesays.com\/lv\/wp-json\/wp\/v2\/types\/post"}],"author":[{"embeddable":true,"href":"https:\/\/www.europesays.com\/lv\/wp-json\/wp\/v2\/users\/2"}],"replies":[{"embeddable":true,"href":"https:\/\/www.europesays.com\/lv\/wp-json\/wp\/v2\/comments?post=95528"}],"version-history":[{"count":0,"href":"https:\/\/www.europesays.com\/lv\/wp-json\/wp\/v2\/posts\/95528\/revisions"}],"wp:featuredmedia":[{"embeddable":true,"href":"https:\/\/www.europesays.com\/lv\/wp-json\/wp\/v2\/media\/95529"}],"wp:attachment":[{"href":"https:\/\/www.europesays.com\/lv\/wp-json\/wp\/v2\/media?parent=95528"}],"wp:term":[{"taxonomy":"category","embeddable":true,"href":"https:\/\/www.europesays.com\/lv\/wp-json\/wp\/v2\/categories?post=95528"},{"taxonomy":"post_tag","embeddable":true,"href":"https:\/\/www.europesays.com\/lv\/wp-json\/wp\/v2\/tags?post=95528"}],"curies":[{"name":"wp","href":"https:\/\/api.w.org\/{rel}","templated":true}]}}