{"id":95530,"date":"2026-01-05T19:43:08","date_gmt":"2026-01-05T19:43:08","guid":{"rendered":"https:\/\/www.europesays.com\/lv\/95530\/"},"modified":"2026-01-05T19:43:08","modified_gmt":"2026-01-05T19:43:08","slug":"kravas-un-viegla-auto-sadursme-boja-gajusi-sieviete","status":"publish","type":"post","link":"https:\/\/www.europesays.com\/lv\/95530\/","title":{"rendered":"Kravas un viegl\u0101 auto sadursm\u0113 boj\u0101 g\u0101jusi sieviete"},"content":{"rendered":"<p>Ce\u013cu satiksmes negad\u012bjums noticis 56. kilometr\u0101, pie pagrieziena uz Rug\u0101jiem. Satiksme av\u0101rijas viet\u0101 ir piln\u012bb\u0101 blo\u0137\u0113ta.<\/p>\n<p>Valsts policija izsaukumu uz Balvu novada Lazdukalna pagastu sa\u0146\u0113ma plkst. 18.30. S\u0101kotn\u0113j\u0101 inform\u0101cija liecina, ka kravas automa\u0161\u012bna bija novietota st\u0101v\u0113\u0161anai ce\u013ca mal\u0101 bez iesl\u0113gt\u0101m gaism\u0101m, tostarp bez av\u0101rijas gaism\u0101m, un taj\u0101 iebraucis cits kravas auto. P\u0113c tam viegl\u0101s automa\u0161\u012bnas &#8220;Nissan Juke&#8221; vad\u012bt\u0101ja iebraukusi otraj\u0101 avar\u0113ju\u0161aj\u0101 kravas auto un g\u0101jusi boj\u0101.<\/p>\n<p>Negad\u012bjum\u0101 cietusi ar\u012b vieglas automa\u0161\u012bnas pasa\u017eiere un otr\u0101 kravas transportl\u012bdzek\u013ca vad\u012bt\u0101js.<\/p>\n<p>Prec\u012bzus notiku\u0161\u0101 apst\u0101k\u013cus policija skaidros izmekl\u0113\u0161an\u0101.<\/p>\n<p>Negad\u012bjuma vietas apbrauk\u0161ana iesp\u0113jama caur Til\u017eu pa ce\u013cu Balvi-Kap\u016bne, K\u0101rsava-Til\u017ea-Dub\u013cukalns un R\u0113zekne-K\u0101rsava.<\/p>\n","protected":false},"excerpt":{"rendered":"Ce\u013cu satiksmes negad\u012bjums noticis 56. kilometr\u0101, pie pagrieziena uz Rug\u0101jiem. Satiksme av\u0101rijas viet\u0101 ir piln\u012bb\u0101 blo\u0137\u0113ta. Valsts policija&hellip;\n","protected":false},"author":2,"featured_media":45536,"comment_status":"","ping_status":"","sticky":false,"template":"","format":"standard","meta":{"footnotes":""},"categories":[12],"tags":[23,2109,2849,28,29,32,33,22,30,31,35,39,38,36,37,34,40,20,26,27,24,25,21],"class_list":{"0":"post-95530","1":"post","2":"type-post","3":"status-publish","4":"format-standard","5":"has-post-thumbnail","7":"category-latvija","8":"tag-aktualitates","9":"tag-autoavarija","10":"tag-avarija","11":"tag-breaking-news","12":"tag-breakingnews","13":"tag-featured-news","14":"tag-featurednews","15":"tag-headlines","16":"tag-latest-news","17":"tag-latestnews","18":"tag-latvia","19":"tag-latvian","20":"tag-latviesu","21":"tag-latviesu-valoda","22":"tag-latviesuvaloda","23":"tag-latvija","24":"tag-lv","25":"tag-news","26":"tag-popularakas-zinas","27":"tag-popularakaszinas","28":"tag-top-stories","29":"tag-topstories","30":"tag-zinas"},"share_on_mastodon":{"url":"https:\/\/pubeurope.com\/@lv\/115844205952717735","error":""},"_links":{"self":[{"href":"https:\/\/www.europesays.com\/lv\/wp-json\/wp\/v2\/posts\/95530","targetHints":{"allow":["GET"]}}],"collection":[{"href":"https:\/\/www.europesays.com\/lv\/wp-json\/wp\/v2\/posts"}],"about":[{"href":"https:\/\/www.europesays.com\/lv\/wp-json\/wp\/v2\/types\/post"}],"author":[{"embeddable":true,"href":"https:\/\/www.europesays.com\/lv\/wp-json\/wp\/v2\/users\/2"}],"replies":[{"embeddable":true,"href":"https:\/\/www.europesays.com\/lv\/wp-json\/wp\/v2\/comments?post=95530"}],"version-history":[{"count":0,"href":"https:\/\/www.europesays.com\/lv\/wp-json\/wp\/v2\/posts\/95530\/revisions"}],"wp:featuredmedia":[{"embeddable":true,"href":"https:\/\/www.europesays.com\/lv\/wp-json\/wp\/v2\/media\/45536"}],"wp:attachment":[{"href":"https:\/\/www.europesays.com\/lv\/wp-json\/wp\/v2\/media?parent=95530"}],"wp:term":[{"taxonomy":"category","embeddable":true,"href":"https:\/\/www.europesays.com\/lv\/wp-json\/wp\/v2\/categories?post=95530"},{"taxonomy":"post_tag","embeddable":true,"href":"https:\/\/www.europesays.com\/lv\/wp-json\/wp\/v2\/tags?post=95530"}],"curies":[{"name":"wp","href":"https:\/\/api.w.org\/{rel}","templated":true}]}}