{"id":95537,"date":"2026-01-05T19:55:12","date_gmt":"2026-01-05T19:55:12","guid":{"rendered":"https:\/\/www.europesays.com\/lv\/95537\/"},"modified":"2026-01-05T19:55:12","modified_gmt":"2026-01-05T19:55:12","slug":"latvija-un-latgale-turpina-samazinaties-dzimstibas-raditaji","status":"publish","type":"post","link":"https:\/\/www.europesays.com\/lv\/95537\/","title":{"rendered":"Latvij\u0101 un Latgal\u0113 turpina samazin\u0101ties dzimst\u012bbas rad\u012bt\u0101ji"},"content":{"rendered":"<p>\t\t        \t<a href=\"https:\/\/www.daugavpils.lv\/assets\/upload\/news\/2026\/01\/dvpp-pr-2036-01-05_max.png\" rel=\"nofollow noopener\" target=\"_blank\"><img decoding=\"async\" src=\"https:\/\/www.europesays.com\/lv\/wp-content\/uploads\/2026\/01\/dvpp-pr-2036-01-05_sml.png\" class=\"news-image\" title=\"Latvij\u0101 un Latgal\u0113 turpina samazin\u0101ties dzimst\u012bbas rad\u012bt\u0101ji\" alt=\"Latvij\u0101 un Latgal\u0113 turpina samazin\u0101ties dzimst\u012bbas rad\u012bt\u0101ji\"\/><\/a><\/p>\n<p style=\"text-align: justify;\">2025. gad\u0101 Latvij\u0101 piedzima aptuveni 11 400 jaundzimu\u0161o, kas ir par aptuveni 1170 b\u0113rniem maz\u0101k nek\u0101 2024. gad\u0101, liecina Centr\u0101l\u0101s statistikas p\u0101rvaldes dati. P\u0113d\u0113jo piecu gadu laik\u0101 dzimst\u012bbas l\u012bmenis Latvij\u0101 turpina konsekventi samazin\u0101ties.<\/p>\n<p>&#13;<\/p>\n<p style=\"text-align: justify;\">Ja 2021. gad\u0101 valst\u012b tika re\u0123istr\u0113ti 17 420 jaundzimu\u0161ie, tad n\u0101kamo gadu laik\u0101 r\u0101d\u012bt\u0101ji strauji saruka, 2022. gad\u0101 nokr\u012btot l\u012bdz 15 954, 2023. gad\u0101 l\u012bdz 14 490 un 2024. gad\u0101 l\u012bdz 12 571 b\u0113rnam.<\/p>\n<p>&#13;<\/p>\n<p style=\"text-align: justify;\">\u0160\u012b negat\u012bv\u0101 tendence kopum\u0101 ir v\u0113rojama vis\u0101 valsts teritorij\u0101, tom\u0113r saglab\u0101jas izteiktas re\u0123ion\u0101l\u0101s at\u0161\u0137ir\u012bbas. R\u012bgas un Pier\u012bgas re\u0123ionos joproj\u0101m tiek re\u0123istr\u0113ts liel\u0101kais jaundzimu\u0161o skaits, ko da\u013c\u0113ji uztur iek\u0161\u0113j\u0101 migr\u0101cija. Tikm\u0113r Latgal\u0113, Vidzem\u0113, Kurzem\u0113 un Zemgal\u0113 fiks\u0113ts v\u0113l strauj\u0101ks jaundzimu\u0161o skaita kritums, ko veicina gan iedz\u012bvot\u0101ju skaita samazin\u0101\u0161an\u0101s reprodukt\u012bvaj\u0101 vecum\u0101, gan jaunie\u0161u aizpl\u016b\u0161ana uz galvaspils\u0113tu vai \u0101rvalst\u012bm.<\/p>\n<p>&#13;<\/p>\n<p style=\"text-align: justify;\">T\u0101 k\u0101 mirst\u012bbas r\u0101d\u012bt\u0101ji joproj\u0101m iev\u0113rojami p\u0101rsniedz dzimst\u012bbu, Latvij\u0101 saglab\u0101jas izteikti negat\u012bvs dabiskais pieaugums.<\/p>\n<p>&#13;<\/p>\n<p style=\"text-align: justify;\">\u00a0<\/p>\n<p>&#13;<\/p>\n<p style=\"text-align: justify;\"><img decoding=\"async\" src=\"https:\/\/www.europesays.com\/lv\/wp-content\/uploads\/2026\/01\/IMG_5704.JPG\" alt=\"\" width=\"800\"\/><\/p>\n<p>&#13;<\/p>\n<p style=\"text-align: justify;\"><img decoding=\"async\" src=\"https:\/\/www.europesays.com\/lv\/wp-content\/uploads\/2026\/01\/IMG_5697.JPG\" width=\"800\"\/><\/p>\n<p>Inform\u0101ciju apkopoja<br \/>Daugavpils valstspils\u0113tas pa\u0161vald\u012bbas<br \/>Sabiedrisko attiec\u012bbu noda\u013ca.<\/p>\n","protected":false},"excerpt":{"rendered":"2025. gad\u0101 Latvij\u0101 piedzima aptuveni 11 400 jaundzimu\u0161o, kas ir par aptuveni 1170 b\u0113rniem maz\u0101k nek\u0101 2024. gad\u0101,&hellip;\n","protected":false},"author":2,"featured_media":95538,"comment_status":"","ping_status":"","sticky":false,"template":"","format":"standard","meta":{"footnotes":""},"categories":[12],"tags":[23,28,29,32,33,22,30,31,35,39,38,36,37,34,40,20,26,27,24,25,21],"class_list":{"0":"post-95537","1":"post","2":"type-post","3":"status-publish","4":"format-standard","5":"has-post-thumbnail","7":"category-latvija","8":"tag-aktualitates","9":"tag-breaking-news","10":"tag-breakingnews","11":"tag-featured-news","12":"tag-featurednews","13":"tag-headlines","14":"tag-latest-news","15":"tag-latestnews","16":"tag-latvia","17":"tag-latvian","18":"tag-latviesu","19":"tag-latviesu-valoda","20":"tag-latviesuvaloda","21":"tag-latvija","22":"tag-lv","23":"tag-news","24":"tag-popularakas-zinas","25":"tag-popularakaszinas","26":"tag-top-stories","27":"tag-topstories","28":"tag-zinas"},"share_on_mastodon":{"url":"https:\/\/pubeurope.com\/@lv\/115844253166848416","error":""},"_links":{"self":[{"href":"https:\/\/www.europesays.com\/lv\/wp-json\/wp\/v2\/posts\/95537","targetHints":{"allow":["GET"]}}],"collection":[{"href":"https:\/\/www.europesays.com\/lv\/wp-json\/wp\/v2\/posts"}],"about":[{"href":"https:\/\/www.europesays.com\/lv\/wp-json\/wp\/v2\/types\/post"}],"author":[{"embeddable":true,"href":"https:\/\/www.europesays.com\/lv\/wp-json\/wp\/v2\/users\/2"}],"replies":[{"embeddable":true,"href":"https:\/\/www.europesays.com\/lv\/wp-json\/wp\/v2\/comments?post=95537"}],"version-history":[{"count":0,"href":"https:\/\/www.europesays.com\/lv\/wp-json\/wp\/v2\/posts\/95537\/revisions"}],"wp:featuredmedia":[{"embeddable":true,"href":"https:\/\/www.europesays.com\/lv\/wp-json\/wp\/v2\/media\/95538"}],"wp:attachment":[{"href":"https:\/\/www.europesays.com\/lv\/wp-json\/wp\/v2\/media?parent=95537"}],"wp:term":[{"taxonomy":"category","embeddable":true,"href":"https:\/\/www.europesays.com\/lv\/wp-json\/wp\/v2\/categories?post=95537"},{"taxonomy":"post_tag","embeddable":true,"href":"https:\/\/www.europesays.com\/lv\/wp-json\/wp\/v2\/tags?post=95537"}],"curies":[{"name":"wp","href":"https:\/\/api.w.org\/{rel}","templated":true}]}}