{"id":95539,"date":"2026-01-05T19:57:12","date_gmt":"2026-01-05T19:57:12","guid":{"rendered":"https:\/\/www.europesays.com\/lv\/95539\/"},"modified":"2026-01-05T19:57:12","modified_gmt":"2026-01-05T19:57:12","slug":"kuram-zodiaka-zimem-menesis-solas-but-ipasi-veiksmigs","status":"publish","type":"post","link":"https:\/\/www.europesays.com\/lv\/95539\/","title":{"rendered":"kur\u0101m zodiaka z\u012bm\u0113m m\u0113nesis sol\u0101s b\u016bt \u012bpa\u0161i veiksm\u012bgs"},"content":{"rendered":"<p><img loading=\"lazy\" decoding=\"async\" class=\"lazy lazy-hidden alignnone size-full wp-image-237684\" src=\"data:image\/gif;base64,R0lGODlhAQABAIAAAAAAAP\/\/\/yH5BAEAAAAALAAAAAABAAEAAAIBRAA7\" data-lazy-type=\"image\" data-lazy-src=\"https:\/\/www.europesays.com\/lv\/wp-content\/uploads\/2026\/01\/nature-10012863_1280.jpg\" alt=\"\" width=\"900\" height=\"599\" data-lazy- data-lazy-\/><\/p>\n<p>2026. gada janv\u0101ris sol\u0101s b\u016bt \u012bpa\u0161s m\u0113nesis \u2014 horoskops v\u0113sta, ka daudz\u0101m Zodiaka z\u012bm\u0113m \u0161is periods k\u013c\u016bs par jaunas dz\u012bves noda\u013cas s\u0101kumu. Plan\u0113tu konfigur\u0101cijas, sast\u0101joties ret\u0101 rezonans\u0113, aktiviz\u0113s debesu gaismu, kas sp\u0113j izgaismot pat vist\u0101l\u0101kos dv\u0113seles st\u016br\u012b\u0161us.<\/p>\n<p>Tas nav parasts m\u0113nesis \u2014 tas ir laiks, kad pie k\u0101da durv\u012bm pieklauv\u0113s \u012bsta Laime. Un, lai gan e\u0146\u0123e\u013ci nezvana pie durv\u012bm, vi\u0146i atst\u0101j savas z\u012bmes: sinhronit\u0101tes, p\u0113k\u0161\u0146as iesp\u0113jas un negaid\u012btus notikumu pav\u0113rsienus.<\/p>\n<p><img loading=\"lazy\" decoding=\"async\" class=\"lazy lazy-hidden alignnone size-full wp-image-237689\" src=\"data:image\/gif;base64,R0lGODlhAQABAIAAAAAAAP\/\/\/yH5BAEAAAAALAAAAAABAAEAAAIBRAA7\" data-lazy-type=\"image\" data-lazy-src=\"https:\/\/www.europesays.com\/lv\/wp-content\/uploads\/2026\/01\/angel-2485061_1280.jpg\" alt=\"\" width=\"900\" height=\"600\" data-lazy- data-lazy-\/><\/p>\n<p><a href=\"https:\/\/dzentlmenis.lv\/gudra-saimniece-nekad-neizmetis-vecas-zekubikses-5-prakstiski-veidi-ka-tas-izmantot-majas-darbos\/165512\/\" rel=\"nofollow noopener\" target=\"_blank\"><img class=\"lazy lazy-hidden\" decoding=\"async\" src=\"data:image\/gif;base64,R0lGODlhAQABAIAAAAAAAP\/\/\/yH5BAEAAAAALAAAAAABAAEAAAIBRAA7\" data-lazy-type=\"image\" data-lazy-src=\"https:\/\/www.europesays.com\/lv\/wp-content\/uploads\/2026\/01\/1-279.jpg\" data-lazy- alt=\"Gudra saimniece nekad neizmet\u012bs vec\u0101s ze\u0137ubikses: 5 praktiski veidi, k\u0101 t\u0101s izmantot m\u0101jas darbos\"\/><\/a>\u0160obr\u012bd citi lasa<a class=\"monsterinsights-inline-popular-posts-title\" href=\"https:\/\/dzentlmenis.lv\/gudra-saimniece-nekad-neizmetis-vecas-zekubikses-5-prakstiski-veidi-ka-tas-izmantot-majas-darbos\/165512\/\" rel=\"nofollow noopener\" target=\"_blank\">Gudra saimniece nekad neizmet\u012bs vec\u0101s ze\u0137ubikses: 5 praktiski veidi, k\u0101 t\u0101s izmantot m\u0101jas darbos<\/a><\/p>\n<p>Iedvesma\u00a0<\/p>\n<p>\u012apa\u0161i sp\u0113c\u012bgu ietekmi m\u0113ne\u0161a s\u0101kum\u0101 atst\u0101s Jupitera un M\u0113ness savienojums. \u0160is aspekts sniegs iedvesmu, tic\u012bbu sev un \u201caugst\u0101ka\u201d atbalsta saj\u016btu V\u0113r\u0161iem, Lauv\u0101m un Ziv\u012bm. \u0160\u012bs z\u012bmes jut\u012bs neparastu vieglumu l\u0113mumu pie\u0146em\u0161an\u0101, kas agr\u0101k \u0161\u0137ita neiesp\u0113jami. It k\u0101 k\u0101ds neredzams sp\u0113ks no\u0146emtu \u0161\u0137\u0113r\u0161\u013cus, atst\u0101jot tikai t\u012bru ce\u013cu. Tie\u0161i vi\u0146iem janv\u0101ris k\u013c\u016bs par likten\u012bgu m\u0113nesi \u2014 gan lielu, gan mazu.<\/p>\n<p>Likte\u0146a z\u012bmes<\/p>\n<p><img loading=\"lazy\" decoding=\"async\" class=\"lazy lazy-hidden alignnone size-full wp-image-237690\" src=\"data:image\/gif;base64,R0lGODlhAQABAIAAAAAAAP\/\/\/yH5BAEAAAAALAAAAAABAAEAAAIBRAA7\" data-lazy-type=\"image\" data-lazy-src=\"https:\/\/www.europesays.com\/lv\/wp-content\/uploads\/2026\/01\/angel-4543833_1280.jpg\" alt=\"\" width=\"900\" height=\"600\" data-lazy- data-lazy-\/><\/p>\n<p>V\u0113\u017ei un Svari var gaid\u012bt likte\u0146a z\u012bmes burtiski m\u0113ne\u0161a pirmaj\u0101s dien\u0101s. Vi\u0146u sarge\u0146\u0123elis b\u016bs \u012bpa\u0161i akt\u012bvs: mazi nejau\u0161umi s\u0101ks veidot \u0137\u0113d\u012bti, kas ved uz k\u0101rotu m\u0113r\u0137i. T\u0101s var b\u016bt tik\u0161an\u0101s ar \u012bstajiem cilv\u0113kiem vai iek\u0161\u0113ja atmo\u0161an\u0101s jauniem m\u0113r\u0137iem. Galvenais \u2014 nepalaist gar\u0101m sign\u0101lus un nebaid\u012bties sekot sirds aicin\u0101jumam.<\/p>\n<p>Iek\u0161\u0113jais sp\u0113ks un uztic\u0113\u0161an\u0101s<\/p>\n<p>Auni un Str\u0113lnieki, neskatoties uz iek\u0161\u0113jo pretest\u012bbu, sajut\u012bs sp\u0113c\u012bgu impulsu r\u012bc\u012bbai tuv\u0101k m\u0113ne\u0161a otrajai dek\u0101dei. Laime pieklauv\u0113s tad, kad vi\u0146i atlaid\u012bs pag\u0101tni. Vi\u0146iem ir svar\u012bgi ne tikai virz\u012bties uz priek\u0161u, bet ar\u012b iem\u0101c\u012bties uztic\u0113ties pasaulei, jo tie\u0161i caur tic\u012bbu atn\u0101k \u012bsts br\u012bdis.<\/p>\n<p><a href=\"https:\/\/dzentlmenis.lv\/ar-ko-ieberzet-logus-lai-tie-ziema-vairs-nesvistu-vienkarsa-viltiba-pret-kondensatu-ko-zina-pieredzejusi-majsaimnieki\/237572\/\" rel=\"nofollow noopener\" target=\"_blank\"><img class=\"lazy lazy-hidden\" decoding=\"async\" src=\"data:image\/gif;base64,R0lGODlhAQABAIAAAAAAAP\/\/\/yH5BAEAAAAALAAAAAABAAEAAAIBRAA7\" data-lazy-type=\"image\" data-lazy-src=\"https:\/\/www.europesays.com\/lv\/wp-content\/uploads\/2026\/01\/Image-1-4.jpg\" data-lazy- alt=\"Ar ko ieberz\u0113t logus, lai tie ziem\u0101 vairs nesv\u012bstu: vienk\u0101r\u0161a vilt\u012bba pret kondens\u0101tu, ko zina pieredz\u0113ju\u0161i m\u0101jsaimnieki\"\/><\/a>\u0160obr\u012bd citi lasa<a class=\"monsterinsights-inline-popular-posts-title\" href=\"https:\/\/dzentlmenis.lv\/ar-ko-ieberzet-logus-lai-tie-ziema-vairs-nesvistu-vienkarsa-viltiba-pret-kondensatu-ko-zina-pieredzejusi-majsaimnieki\/237572\/\" rel=\"nofollow noopener\" target=\"_blank\">Ar ko ieberz\u0113t logus, lai tie ziem\u0101 vairs nesv\u012bstu: vienk\u0101r\u0161a vilt\u012bba pret kondens\u0101tu, ko zina pieredz\u0113ju\u0161i m\u0101jsaimnieki<\/a><\/p>\n<p><img loading=\"lazy\" decoding=\"async\" class=\"lazy lazy-hidden alignnone size-full wp-image-237691\" src=\"data:image\/gif;base64,R0lGODlhAQABAIAAAAAAAP\/\/\/yH5BAEAAAAALAAAAAABAAEAAAIBRAA7\" data-lazy-type=\"image\" data-lazy-src=\"https:\/\/www.europesays.com\/lv\/wp-content\/uploads\/2026\/01\/angel-6705736_1280.jpg\" alt=\"\" width=\"900\" height=\"636\" data-lazy- data-lazy-\/><\/p>\n<p>Lasi v\u0113l:\u00a0<a style=\"color: #ff0000;\" href=\"https:\/\/dzentlmenis.lv\/virtuve-pieejams-lidzeklis-darza-kopsanai-ka-cinities-ar-laputim-bez-kimikalijam\/237529\/\" target=\"_blank\" rel=\"noopener nofollow\">Virtuv\u0113 pieejams l\u012bdzeklis d\u0101rza kop\u0161anai: k\u0101 c\u012bn\u012bties ar laput\u012bm bez \u0137imik\u0101lij\u0101m<\/a><\/p>\n<p>Atmo\u0161an\u0101s un miers<\/p>\n<p>Savuk\u0101rt Me\u017e\u0101\u017ei, Jaunavas un Dv\u012b\u0146i atrad\u012bsies uz svar\u012bgas iek\u0161\u0113jas atmo\u0161an\u0101s sliek\u0161\u0146a. Vi\u0146u e\u0146\u0123e\u013ci vad\u012bs caur atzi\u0146\u0101m, caur sevis un pag\u0101tnes pie\u0146em\u0161anu. Iesp\u0113jams, laime vi\u0146iem neb\u016bs ska\u013ca \u2014 bet t\u0101 b\u016bs dzi\u013ca, k\u0101 silta gaisma log\u0101 ziemas vakar\u0101. Tas b\u016bs iek\u0161\u0113jas saska\u0146as st\u0101voklis un saj\u016bta, ka viss ir tie\u0161i t\u0101, k\u0101 tam j\u0101b\u016bt.<\/p>\n<p><img loading=\"lazy\" decoding=\"async\" class=\"lazy lazy-hidden alignnone size-full wp-image-237692\" src=\"data:image\/gif;base64,R0lGODlhAQABAIAAAAAAAP\/\/\/yH5BAEAAAAALAAAAAABAAEAAAIBRAA7\" data-lazy-type=\"image\" data-lazy-src=\"https:\/\/www.europesays.com\/lv\/wp-content\/uploads\/2026\/01\/feathers-4661244_1280.jpg\" alt=\"\" width=\"900\" height=\"602\" data-lazy- data-lazy-\/><\/p>\n<p>Likten\u012bg\u0101s nejau\u0161\u012bbas<\/p>\n<p>Skorpioni un \u016adensv\u012bri janv\u0101r\u012b jut\u012bs mistisku v\u0113lmi pret nezin\u0101mo. Vi\u0146us gaida sastap\u0161an\u0101s ar kaut ko likten\u012bgu. Tas var b\u016bt cilv\u0113ks, ideja vai pat vieta, kur vi\u0146i nok\u013c\u016bs nejau\u0161i. Ta\u010du aiz \u0161\u012bs nejau\u0161\u012bbas sl\u0113pjas augst\u0101ks nodoms. Neb\u012bstieties no p\u0101rmai\u0146\u0101m: e\u0146\u0123elis jau visu ir sak\u0101rtojis. Laime neprasa sarakstu \u2014 t\u0101 atn\u0101k tad, kad sirds ir gatava ielaist gaismu.<\/p>\n<p><a href=\"https:\/\/dzentlmenis.lv\/izbarstiju-to-no-rita-un-lidz-vakaram-prusaki-no-manas-majas-pazuda\/237254\/\" rel=\"nofollow noopener\" target=\"_blank\"><img class=\"lazy lazy-hidden\" decoding=\"async\" src=\"data:image\/gif;base64,R0lGODlhAQABAIAAAAAAAP\/\/\/yH5BAEAAAAALAAAAAABAAEAAAIBRAA7\" data-lazy-type=\"image\" data-lazy-src=\"https:\/\/www.europesays.com\/lv\/wp-content\/uploads\/2026\/01\/1-57.jpg\" data-lazy- alt=\"Izb\u0101rst\u012bju to no r\u012bta \u2013 un l\u012bdz vakaram prusaki no manas m\u0101jas pazuda\"\/><\/a>\u0160obr\u012bd citi lasa<a class=\"monsterinsights-inline-popular-posts-title\" href=\"https:\/\/dzentlmenis.lv\/izbarstiju-to-no-rita-un-lidz-vakaram-prusaki-no-manas-majas-pazuda\/237254\/\" rel=\"nofollow noopener\" target=\"_blank\">Izb\u0101rst\u012bju to no r\u012bta \u2013 un l\u012bdz vakaram prusaki no manas m\u0101jas pazuda<\/a><\/p>\n<p><img loading=\"lazy\" decoding=\"async\" class=\"lazy lazy-hidden alignnone size-full wp-image-237693\" src=\"data:image\/gif;base64,R0lGODlhAQABAIAAAAAAAP\/\/\/yH5BAEAAAAALAAAAAABAAEAAAIBRAA7\" data-lazy-type=\"image\" data-lazy-src=\"https:\/\/www.europesays.com\/lv\/wp-content\/uploads\/2026\/01\/night-3668267_1280.jpg\" alt=\"\" width=\"900\" height=\"593\" data-lazy- data-lazy-\/><\/p>\n<p>2026. gada janv\u0101ris ir laiks, kad debesu gaisma izlau\u017eas cauri ikdienai, atg\u0101dinot: tu neesi viens. Un, ja tu lasi \u0161o \u2014 zini, tavs e\u0146\u0123elis ir blakus.<\/p>\n<p>Lasi v\u0113l:\u00a0<a style=\"color: #ff0000;\" href=\"https:\/\/dzentlmenis.lv\/gurku-raza-no-aprila-lidz-oktobrim-parbaudita-tehnologija-nepartrauktai-razas-ieguvei\/237537\/\" target=\"_blank\" rel=\"noopener nofollow\">Gur\u0137u ra\u017ea no apr\u012b\u013ca l\u012bdz oktobrim: p\u0101rbaud\u012bta tehnolo\u0123ija nep\u0101rtrauktai ra\u017eas ieguvei<\/a><\/p>\n<p>Vienk\u0101r\u0161i uzticies pasaulei un paskaties pa logu: varb\u016bt \u0161\u012b laime jau st\u0101v uz sliek\u0161\u0146a?<\/p>\n","protected":false},"excerpt":{"rendered":"2026. gada janv\u0101ris sol\u0101s b\u016bt \u012bpa\u0161s m\u0113nesis \u2014 horoskops v\u0113sta, ka daudz\u0101m Zodiaka z\u012bm\u0113m \u0161is periods k\u013c\u016bs par&hellip;\n","protected":false},"author":2,"featured_media":95540,"comment_status":"","ping_status":"","sticky":false,"template":"","format":"standard","meta":{"footnotes":""},"categories":[19],"tags":[89,90,35,39,38,36,37,34,40],"class_list":{"0":"post-95539","1":"post","2":"type-post","3":"status-publish","4":"format-standard","5":"has-post-thumbnail","7":"category-izklaide","8":"tag-entertainment","9":"tag-izklaide","10":"tag-latvia","11":"tag-latvian","12":"tag-latviesu","13":"tag-latviesu-valoda","14":"tag-latviesuvaloda","15":"tag-latvija","16":"tag-lv"},"share_on_mastodon":{"url":"https:\/\/pubeurope.com\/@lv\/115844261046953113","error":""},"_links":{"self":[{"href":"https:\/\/www.europesays.com\/lv\/wp-json\/wp\/v2\/posts\/95539","targetHints":{"allow":["GET"]}}],"collection":[{"href":"https:\/\/www.europesays.com\/lv\/wp-json\/wp\/v2\/posts"}],"about":[{"href":"https:\/\/www.europesays.com\/lv\/wp-json\/wp\/v2\/types\/post"}],"author":[{"embeddable":true,"href":"https:\/\/www.europesays.com\/lv\/wp-json\/wp\/v2\/users\/2"}],"replies":[{"embeddable":true,"href":"https:\/\/www.europesays.com\/lv\/wp-json\/wp\/v2\/comments?post=95539"}],"version-history":[{"count":0,"href":"https:\/\/www.europesays.com\/lv\/wp-json\/wp\/v2\/posts\/95539\/revisions"}],"wp:featuredmedia":[{"embeddable":true,"href":"https:\/\/www.europesays.com\/lv\/wp-json\/wp\/v2\/media\/95540"}],"wp:attachment":[{"href":"https:\/\/www.europesays.com\/lv\/wp-json\/wp\/v2\/media?parent=95539"}],"wp:term":[{"taxonomy":"category","embeddable":true,"href":"https:\/\/www.europesays.com\/lv\/wp-json\/wp\/v2\/categories?post=95539"},{"taxonomy":"post_tag","embeddable":true,"href":"https:\/\/www.europesays.com\/lv\/wp-json\/wp\/v2\/tags?post=95539"}],"curies":[{"name":"wp","href":"https:\/\/api.w.org\/{rel}","templated":true}]}}