{"id":95541,"date":"2026-01-05T19:58:08","date_gmt":"2026-01-05T19:58:08","guid":{"rendered":"https:\/\/www.europesays.com\/lv\/95541\/"},"modified":"2026-01-05T19:58:08","modified_gmt":"2026-01-05T19:58:08","slug":"grigals-atvaira-21-metienu-un-palidz-saipa-viesos-parspet-kookoo-tv3-lv","status":"publish","type":"post","link":"https:\/\/www.europesays.com\/lv\/95541\/","title":{"rendered":"Grigals atvaira 21 metienu un pal\u012bdz \u201cSaiPa\u201d viesos p\u0101rsp\u0113t \u201cKooKoo\u201d &#8211; tv3.lv"},"content":{"rendered":"<ol>\n<li><a href=\"https:\/\/news.google.com\/rss\/articles\/CBMimgFBVV95cUxOMmZxVGRUdjc2MGM4aExJWUpSa3FIR0daSjJhWUJTV0FtTHdkdm4zV2laYXVGWFBwLXlzbFFvWEE4dGlIUkNXZUdWNmpxUkNxSVdXeVo3eFVzdnhuN1VvU2kyX3JOd29tWDlQQXlPclY1Ym5uQjRLQkNnYmp4THNyMjNkZWRaZFFJYlBGLXJad3F5VkYwREVDZ0ZB?oc=5\" target=\"_blank\" rel=\"nofollow noopener\">Grigals atvaira 21 metienu un pal\u012bdz \u201cSaiPa\u201d viesos p\u0101rsp\u0113t \u201cKooKoo\u201d<\/a>&nbsp;&nbsp;tv3.lv<\/li>\n<li><a href=\"https:\/\/news.google.com\/rss\/articles\/CBMilwFBVV95cUxPS0ppR08tZmNoY3NURHFfOHo5TnpuSUV1OFpKWHJCcjNGQ1lUQ2hOS0tlV3VxX0Fyeks5YkFjUTV2QWluX0VycTJaaE9FMklYc0l4aU1DUGR4T2VneHRiMGROUDliQ3JvWHJ3WE5OTlFSaE4wY1RfSE5lVnZpbG1NZV9iU3F2THUtak1YT0dZZU9jXzVEaExZ?oc=5\" target=\"_blank\" rel=\"nofollow noopener\">Grigals pagarina l\u012bgumu Somij\u0101 un nosvin ar uzvaru \u2013 Hokejs<\/a>&nbsp;&nbsp;Sportacentrs.com<\/li>\n<li><a href=\"https:\/\/news.google.com\/rss\/articles\/CBMixgFBVV95cUxPTjREd1pOdC1RSXdoWTdta0VrX3lDOUlKRlVod01BNlpPM1pXd1JnSmt1QU5iNVNQX2JfRVJpYzlXSFpuWGU3VzAzME9HaHpIVkFMemRzV1J1ZGV6bWhqZ2REbDV1UWRfNTYtS2lWNUdkWmhPd21jTU04RjBoamRlWjVCVHBIOTZzREd1bTRfSHlJc1ozTk5pc3RTM3JFMGcyNGVqLWE0RjRRVGNMOUQ4djVUYWdnOFVhWUVwa3cxM3d1ZWNUN3c?oc=5\" target=\"_blank\" rel=\"nofollow noopener\">Latvijas hokeja izlases v\u0101rtsargs ar\u012b n\u0101kamo sezonu pavad\u012bs Somijas elit\u0113<\/a>&nbsp;&nbsp;Delfi<\/li>\n<li><a href=\"https:\/\/news.google.com\/rss\/articles\/CBMirwFBVV95cUxPU0pCWFFVQWk4TU81MDlvNkdvMEJDTGVkcktNVE9BeE44eUZYY3BWMURrbWQ1bDBWdUVPTk52UUdFbHpCVjFTQTZUVHR2SjlNaDNZcWplU3QzZEJKb2RNY1RaR1hLRVUwcnVVcXN0Q0I4Z1MwRThYUU0zWTZablI4aWZzYkw0Z2hnUWlIRVN5WThFaDkxTEV3cGphV01ObVRfMFZaSjJ3azNjSS1fMzBj?oc=5\" target=\"_blank\" rel=\"nofollow noopener\">Grigals izce\u013cas ar rezultat\u012bvu piesp\u0113li zaud\u0113t\u0101 Somijas \u010dempion\u0101ta sp\u0113l\u0113<\/a>&nbsp;&nbsp;Jauns.lv<\/li>\n<li><a href=\"https:\/\/news.google.com\/rss\/articles\/CBMilwFBVV95cUxObk5TMzVDVVBoQXlGdE1LSWtrbkUxckJfTlhEWUdhbEMzTEo0WUdpTU5OanJpcW93LXdNWnpXSU9IOThSTEE5aXR0aUpqMWhIUWxQY0VJT3F6OTBLQV9EeUpKT1ZVc1Y2cGZmRFh6dVc2dTMwcWswaERyZFZidWF1cDZrNXdRX1NtLWQzTUlzVm9vWjZiY0Nn?oc=5\" target=\"_blank\" rel=\"nofollow noopener\">Latvijas v\u0101rtsargam Grigalam rezultat\u012bva piesp\u0113le Somij\u0101 \u2013 Hokejs<\/a>&nbsp;&nbsp;Sportacentrs.com<\/li>\n<\/ol>\n","protected":false},"excerpt":{"rendered":"Grigals atvaira 21 metienu un pal\u012bdz \u201cSaiPa\u201d viesos p\u0101rsp\u0113t \u201cKooKoo\u201d&nbsp;&nbsp;tv3.lv Grigals pagarina l\u012bgumu Somij\u0101 un nosvin ar uzvaru&hellip;\n","protected":false},"author":2,"featured_media":95542,"comment_status":"","ping_status":"","sticky":false,"template":"","format":"standard","meta":{"footnotes":""},"categories":[17],"tags":[2084,35,39,38,36,37,34,40,67],"class_list":{"0":"post-95541","1":"post","2":"type-post","3":"status-publish","4":"format-standard","5":"has-post-thumbnail","7":"category-sports","8":"tag-gustavs-davis-grigals","9":"tag-latvia","10":"tag-latvian","11":"tag-latviesu","12":"tag-latviesu-valoda","13":"tag-latviesuvaloda","14":"tag-latvija","15":"tag-lv","16":"tag-sports"},"share_on_mastodon":{"url":"https:\/\/pubeurope.com\/@lv\/115844264931648614","error":""},"_links":{"self":[{"href":"https:\/\/www.europesays.com\/lv\/wp-json\/wp\/v2\/posts\/95541","targetHints":{"allow":["GET"]}}],"collection":[{"href":"https:\/\/www.europesays.com\/lv\/wp-json\/wp\/v2\/posts"}],"about":[{"href":"https:\/\/www.europesays.com\/lv\/wp-json\/wp\/v2\/types\/post"}],"author":[{"embeddable":true,"href":"https:\/\/www.europesays.com\/lv\/wp-json\/wp\/v2\/users\/2"}],"replies":[{"embeddable":true,"href":"https:\/\/www.europesays.com\/lv\/wp-json\/wp\/v2\/comments?post=95541"}],"version-history":[{"count":0,"href":"https:\/\/www.europesays.com\/lv\/wp-json\/wp\/v2\/posts\/95541\/revisions"}],"wp:featuredmedia":[{"embeddable":true,"href":"https:\/\/www.europesays.com\/lv\/wp-json\/wp\/v2\/media\/95542"}],"wp:attachment":[{"href":"https:\/\/www.europesays.com\/lv\/wp-json\/wp\/v2\/media?parent=95541"}],"wp:term":[{"taxonomy":"category","embeddable":true,"href":"https:\/\/www.europesays.com\/lv\/wp-json\/wp\/v2\/categories?post=95541"},{"taxonomy":"post_tag","embeddable":true,"href":"https:\/\/www.europesays.com\/lv\/wp-json\/wp\/v2\/tags?post=95541"}],"curies":[{"name":"wp","href":"https:\/\/api.w.org\/{rel}","templated":true}]}}