{"id":95543,"date":"2026-01-05T20:00:15","date_gmt":"2026-01-05T20:00:15","guid":{"rendered":"https:\/\/www.europesays.com\/lv\/95543\/"},"modified":"2026-01-05T20:00:15","modified_gmt":"2026-01-05T20:00:15","slug":"tramps-publiski-konfrontejas-ar-dzordzu-kluniju-par-francijas-pilsonibu-lente-lv","status":"publish","type":"post","link":"https:\/\/www.europesays.com\/lv\/95543\/","title":{"rendered":"Tramps publiski konfront\u0113jas ar D\u017eord\u017eu Kl\u016bniju par Francijas pilson\u012bbu\u00a0\u2014\u00a0Lente.lv"},"content":{"rendered":"<p>ASV prezidenta reakcija uz Kl\u016bnija l\u0113mumu<\/p>\n<p>ASV eksprezidents Donalds Tramps ir publiski izteicies kritiski par aktiera D\u017eord\u017ea Kl\u016bnija l\u0113mumu ieg\u016bt Francijas pilson\u012bbu, vienlaikus nosodot Eiropas valsts politiku imigr\u0101cijas jaut\u0101jumos. Tramps sav\u0101 soci\u0101lo mediju platform\u0101 Truth Social rakst\u012bja, ka Kl\u016bnijs un vi\u0146a sieva Amala ir \u201cdivi slikt\u0101kie politiskie pare\u0123ot\u0101ji\u201d un ka Francija ir \u201cvid\u016b lielai noziedz\u012bbas probl\u0113mai, jo vi\u0146i ir absol\u016bti \u0161ausm\u012bgi iztur\u0113ju\u0161ies pret imigr\u0101ciju, l\u012bdz\u012bgi k\u0101 mums tas bija  D\u017eo Baidena laik\u0101\u201d. Tramps ar\u012b nor\u0101d\u012bja, ka Kl\u016bnijs, kur\u0161 ir zin\u0101ms k\u0101 demokr\u0101tu atbalst\u012bt\u0101js un finans\u0113t\u0101js, ir sa\u0146\u0113mis vair\u0101k publicit\u0101tes par politiku nek\u0101 par sav\u0101m \u201cnelielaj\u0101m un piln\u012bgi viduv\u0113j\u0101m film\u0101m\u201d. Vi\u0146\u0161 piebilda, ka Kl\u016bnijs \u201cnebija visp\u0101r nek\u0101da kinozvaigzne, bija tikai parasts puisis, kur\u0161 past\u0101v\u012bgi s\u016bdz\u0113j\u0101s par veselo sapr\u0101tu politik\u0101\u201d. K\u0101 inform\u0113 port\u0101ls NRA, Tramps ar\u012b piebilda slaveno saukli \u201cPADARIET AMERIKU ATKAL DI\u017dENU!\u201d.<\/p>\n<p>Kl\u016bnija atbilde un iemesli pilson\u012bbai<\/p>\n<p>D\u017eord\u017es Kl\u016bnijs, rea\u0123\u0113jot uz Trampa izteikumiem, ironiski piekrita eksprezidenta sauklim, sakot: \u201cEs piln\u012bb\u0101 piekr\u012btu pa\u0161reiz\u0113jam prezidentam. Mums ir j\u0101padara Amerika atkal di\u017eena. M\u0113s s\u0101ksim novembr\u012b,\u201d atsaucoties uz gaid\u0101maj\u0101m starpvalstu v\u0113l\u0113\u0161an\u0101m. Aktieris, kur\u0161 kop\u0161 2021. gada dz\u012bvo sav\u0101 \u012bpa\u0161um\u0101 Francijas dienvidos, kop\u0101 ar savu sievu Amalu un vi\u0146u dv\u012b\u0146iem, ieguvis Francijas pilson\u012bbu. Vi\u0146\u0161 nor\u0101d\u012bjis, ka viens no galvenajiem iemesliem \u0161\u0101dam l\u0113mumam ir v\u0113lme pasarg\u0101t savus b\u0113rnus no p\u0101rm\u0113r\u012bgas mediju uzman\u012bbas un paparaci. Kl\u016bnijs uzsv\u0113ra, ka Francij\u0101 vi\u0146a b\u0113rni var\u0113s baud\u012bt liel\u0101ku priv\u0101tumu un dz\u012bvot \u0101rpus Holivudas k\u0146adas, nov\u0113rt\u0113jot fran\u010du priv\u0101tuma likumus.<\/p>\n<p>Trampa kritika un politiskie koment\u0101ri<\/p>\n<p>Trampa kritika bija v\u0113rsta ne tikai uz Kl\u016bnija l\u0113mumu main\u012bt pilson\u012bbu, bet ar\u012b uz vi\u0146a politisko nost\u0101ju un agr\u0101ko atbalstu prezidentam D\u017eo Baidenam. Tramps atg\u0101din\u0101ja, ka Kl\u016bnijs p\u0113c vienas no Baidena debat\u0113m aicin\u0101ja biju\u0161o prezidentu izst\u0101ties no 2024. gada prezidenta v\u0113l\u0113\u0161anu kampa\u0146as, un v\u0113l\u0101k atbalst\u012bja Kamalu Harisu. Tramps ar\u012b nor\u0101d\u012bjis, ka Kl\u016bnijs ir \u201cdumped Joe\u201d (nodevis D\u017eo), un ka vi\u0146\u0161 \u201catbalsta citu zvaig\u017e\u0146ainu kandid\u0101ti\u201d. Trampa koment\u0101ri par imigr\u0101ciju Francij\u0101 sasauc\u0101s ar vi\u0146a pa\u0161a politisko retoriku par robe\u017eu dro\u0161\u012bbu un imigr\u0101cijas politiku ASV.<\/p>\n<p>Pla\u0161a publiska diskusija un abu person\u012bbu attiec\u012bbas<\/p>\n<p>\u0160is publiskais str\u012bds starp Trampu un Kl\u016bniju nav pirmais. Abu person\u012bbu attiec\u012bbas ir biju\u0161as saspringtas jau ilg\u0101ku laiku, un vi\u0146i ir publiski apmain\u012bju\u0161ies ar kritiku. Tramps iepriek\u0161 jau ir nosaucis Kl\u016bniju par \u201cviduv\u0113ju kinozvaigzni un neveiksm\u012bgu politisko koment\u0113t\u0101ju\u201d. Kl\u016bnijs savuk\u0101rt ir bijis ska\u013c\u0161 Trampa kriti\u0137is, pau\u017eot ba\u017eas par vi\u0146a administr\u0101cijas politiku un t\u0101s ietekmi uz preses br\u012bv\u012bbu. Lai gan Kl\u016bnijs un vi\u0146a sieva ir ieguvu\u0161i Francijas pilson\u012bbu, vi\u0146i saglab\u0101s ar\u012b savas ASV pases saska\u0146\u0101 ar Francijas likumiem.<\/p>\n<p>Francijas pilson\u012bbas pie\u0161\u0137ir\u0161anas konteksts<\/p>\n<p>Kl\u016bniju \u0123imenes pilson\u012bbas pie\u0161\u0137ir\u0161anas l\u0113mums Francij\u0101 ir izrais\u012bjis diskusijas ar\u012b pa\u0161\u0101 Francij\u0101, \u012bpa\u0161i \u0146emot v\u0113r\u0101, ka tas notiek pirms stingr\u0101ku valodas pras\u012bbu st\u0101\u0161an\u0101s sp\u0113k\u0101. Saska\u0146\u0101 ar jaunajiem noteikumiem, person\u0101m, kas pretend\u0113 uz Francijas pilson\u012bbu, b\u016bs j\u0101demonstr\u0113 pietiekams fran\u010du valodas zin\u0101\u0161anu l\u012bmenis un j\u0101iziet pilson\u012bbas zin\u0101\u0161anu p\u0101rbaud\u012bjums. Lai gan D\u017eord\u017es Kl\u016bnijs atzinis, ka vi\u0146a fran\u010du valodas zin\u0101\u0161anas ir ierobe\u017eotas, vi\u0146a sieva Amala Kl\u016bnija, kura ir starptautisko cilv\u0113kties\u012bbu juriste, br\u012bvi p\u0101rvalda fran\u010du valodu un akt\u012bvi sadarbojas ar Francijas akad\u0113miskaj\u0101m un starptautiskaj\u0101m organiz\u0101cij\u0101m. Iepriek\u0161\u0113j\u0101 gad\u0101 Francijas pilson\u012bbu ar dekr\u0113ta pal\u012bdz\u012bbu ieguva aptuveni 48 800 cilv\u0113ku.<\/p>\n","protected":false},"excerpt":{"rendered":"ASV prezidenta reakcija uz Kl\u016bnija l\u0113mumu ASV eksprezidents Donalds Tramps ir publiski izteicies kritiski par aktiera D\u017eord\u017ea Kl\u016bnija&hellip;\n","protected":false},"author":2,"featured_media":95544,"comment_status":"","ping_status":"","sticky":false,"template":"","format":"standard","meta":{"footnotes":""},"categories":[14],"tags":[23,57,1684,28,29,542,10087,32,33,23217,22,23779,30,31,35,39,38,36,37,34,40,20,26,27,24,25,54,55,56,21,58],"class_list":{"0":"post-95543","1":"post","2":"type-post","3":"status-publish","4":"format-standard","5":"has-post-thumbnail","7":"category-zinas-no-arvalstim","8":"tag-aktualitates","9":"tag-arvalstim","10":"tag-asv-politika","11":"tag-breaking-news","12":"tag-breakingnews","13":"tag-donalds-tramps","14":"tag-dzordzs-klunijs","15":"tag-featured-news","16":"tag-featurednews","17":"tag-francijas-pilsoniba","18":"tag-headlines","19":"tag-ienaceju-politika","20":"tag-latest-news","21":"tag-latestnews","22":"tag-latvia","23":"tag-latvian","24":"tag-latviesu","25":"tag-latviesu-valoda","26":"tag-latviesuvaloda","27":"tag-latvija","28":"tag-lv","29":"tag-news","30":"tag-popularakas-zinas","31":"tag-popularakaszinas","32":"tag-top-stories","33":"tag-topstories","34":"tag-world","35":"tag-world-news","36":"tag-worldnews","37":"tag-zinas","38":"tag-zinas-no-arvalstim"},"share_on_mastodon":{"url":"https:\/\/pubeurope.com\/@lv\/115844272880288425","error":""},"_links":{"self":[{"href":"https:\/\/www.europesays.com\/lv\/wp-json\/wp\/v2\/posts\/95543","targetHints":{"allow":["GET"]}}],"collection":[{"href":"https:\/\/www.europesays.com\/lv\/wp-json\/wp\/v2\/posts"}],"about":[{"href":"https:\/\/www.europesays.com\/lv\/wp-json\/wp\/v2\/types\/post"}],"author":[{"embeddable":true,"href":"https:\/\/www.europesays.com\/lv\/wp-json\/wp\/v2\/users\/2"}],"replies":[{"embeddable":true,"href":"https:\/\/www.europesays.com\/lv\/wp-json\/wp\/v2\/comments?post=95543"}],"version-history":[{"count":0,"href":"https:\/\/www.europesays.com\/lv\/wp-json\/wp\/v2\/posts\/95543\/revisions"}],"wp:featuredmedia":[{"embeddable":true,"href":"https:\/\/www.europesays.com\/lv\/wp-json\/wp\/v2\/media\/95544"}],"wp:attachment":[{"href":"https:\/\/www.europesays.com\/lv\/wp-json\/wp\/v2\/media?parent=95543"}],"wp:term":[{"taxonomy":"category","embeddable":true,"href":"https:\/\/www.europesays.com\/lv\/wp-json\/wp\/v2\/categories?post=95543"},{"taxonomy":"post_tag","embeddable":true,"href":"https:\/\/www.europesays.com\/lv\/wp-json\/wp\/v2\/tags?post=95543"}],"curies":[{"name":"wp","href":"https:\/\/api.w.org\/{rel}","templated":true}]}}