{"id":95547,"date":"2026-01-05T20:03:13","date_gmt":"2026-01-05T20:03:13","guid":{"rendered":"https:\/\/www.europesays.com\/lv\/95547\/"},"modified":"2026-01-05T20:03:13","modified_gmt":"2026-01-05T20:03:13","slug":"16-i-audumu-krasosanas-meistarklase-jauniesiem-marupe","status":"publish","type":"post","link":"https:\/\/www.europesays.com\/lv\/95547\/","title":{"rendered":"16.I Audumu kr\u0101so\u0161anas meistarklase jaunie\u0161iem M\u0101rup\u0113"},"content":{"rendered":"<p>16.janv\u0101r\u012b plkst.17.30 jaunie\u0161u centr\u0101 \u201cH\u0113lijs\u201d M\u0101rup\u0113 notiks tie-dye meistarklase. Vai tev m\u0101j\u0101s ir k\u0101ds lieks d\u017einsu p\u0101ris, ko vairs nevelc? Vai ar\u012b k\u0101ds balts krekls, kuru v\u0113lies apgleznot? Pievienojies un p\u0101rv\u0113rt savas vec\u0101s, bet m\u012b\u013c\u0101s dr\u0113bes par jauniem, stil\u012bgiem m\u0101kslas darbiem! Kr\u0101sos audumus, izmantojot da\u017e\u0101das tehnikas (tie-dye un tekstilkr\u0101sas), lai ap\u0123\u0113rbam dotu otru elpu.<\/p>\n","protected":false},"excerpt":{"rendered":"16.janv\u0101r\u012b plkst.17.30 jaunie\u0161u centr\u0101 \u201cH\u0113lijs\u201d M\u0101rup\u0113 notiks tie-dye meistarklase. Vai tev m\u0101j\u0101s ir k\u0101ds lieks d\u017einsu p\u0101ris, ko&hellip;\n","protected":false},"author":2,"featured_media":95548,"comment_status":"","ping_status":"","sticky":false,"template":"","format":"standard","meta":{"footnotes":""},"categories":[19],"tags":[47,89,90,381,64,35,39,38,36,37,34,40,385,172,382,384,383,21],"class_list":{"0":"post-95547","1":"post","2":"type-post","3":"status-publish","4":"format-standard","5":"has-post-thumbnail","7":"category-izklaide","8":"tag-ekonomika","9":"tag-entertainment","10":"tag-izklaide","11":"tag-jaunumi","12":"tag-kultura","13":"tag-latvia","14":"tag-latvian","15":"tag-latviesu","16":"tag-latviesu-valoda","17":"tag-latviesuvaloda","18":"tag-latvija","19":"tag-lv","20":"tag-pieriga","21":"tag-riga","22":"tag-sabiedriba","23":"tag-sludinajumi","24":"tag-sports-afisa","25":"tag-zinas"},"share_on_mastodon":{"url":"https:\/\/pubeurope.com\/@lv\/115844284644559712","error":""},"_links":{"self":[{"href":"https:\/\/www.europesays.com\/lv\/wp-json\/wp\/v2\/posts\/95547","targetHints":{"allow":["GET"]}}],"collection":[{"href":"https:\/\/www.europesays.com\/lv\/wp-json\/wp\/v2\/posts"}],"about":[{"href":"https:\/\/www.europesays.com\/lv\/wp-json\/wp\/v2\/types\/post"}],"author":[{"embeddable":true,"href":"https:\/\/www.europesays.com\/lv\/wp-json\/wp\/v2\/users\/2"}],"replies":[{"embeddable":true,"href":"https:\/\/www.europesays.com\/lv\/wp-json\/wp\/v2\/comments?post=95547"}],"version-history":[{"count":0,"href":"https:\/\/www.europesays.com\/lv\/wp-json\/wp\/v2\/posts\/95547\/revisions"}],"wp:featuredmedia":[{"embeddable":true,"href":"https:\/\/www.europesays.com\/lv\/wp-json\/wp\/v2\/media\/95548"}],"wp:attachment":[{"href":"https:\/\/www.europesays.com\/lv\/wp-json\/wp\/v2\/media?parent=95547"}],"wp:term":[{"taxonomy":"category","embeddable":true,"href":"https:\/\/www.europesays.com\/lv\/wp-json\/wp\/v2\/categories?post=95547"},{"taxonomy":"post_tag","embeddable":true,"href":"https:\/\/www.europesays.com\/lv\/wp-json\/wp\/v2\/tags?post=95547"}],"curies":[{"name":"wp","href":"https:\/\/api.w.org\/{rel}","templated":true}]}}