{"id":95553,"date":"2026-01-05T20:09:20","date_gmt":"2026-01-05T20:09:20","guid":{"rendered":"https:\/\/www.europesays.com\/lv\/95553\/"},"modified":"2026-01-05T20:09:20","modified_gmt":"2026-01-05T20:09:20","slug":"hobita-filmu-zvaigznei-evandzelinai-lili-atklati-smadzenu-bojajumi","status":"publish","type":"post","link":"https:\/\/www.europesays.com\/lv\/95553\/","title":{"rendered":"Hobita filmu zvaigznei Evand\u017eel\u012bnai Lil\u012b atkl\u0101ti smadze\u0146u boj\u0101jumi"},"content":{"rendered":"<p>Vi\u0146a skaidroja, ka ir sa\u0146\u0113musi savas smadze\u0146u p\u0101rbaudes rezult\u0101tus un \u201cgandr\u012bz visas manas smadze\u0146u zonas darbojas samazin\u0101t\u0101 kapacit\u0101t\u0113.\u201d \u201cT\u0101tad man tie\u0161\u0101m ir smadze\u0146u boj\u0101jumi TBI,\u201d \u201cun, iesp\u0113jams, notiek ar\u012b citi procesi,\u201d piebilda \u201cMarvel\u201d zvaigzne.<\/p>\n<p>\u201cTagad mans uzdevums ir kop\u0101 ar \u0101rstiem noskaidrot, kas tie\u0161i notiek, un tad \u0137erties pie smag\u0101 darba, lai to labotu, par ko es \u012bpa\u0161i nepriec\u0101jos, jo \u0161\u0137iet, ka smags darbs ir viss, ko es daru,\u201d sac\u012bja kan\u0101die\u0161u aktrise.<\/p>\n<p>\u201cBet tas ir labi. Mans kognit\u012bvo sp\u0113ju kritums kop\u0161 br\u012b\u017ea, kad sadrag\u0101ju sev seju, mani ir piespiedis pal\u0113nin\u0101t tempu un \u013c\u0101vis daudz mier\u012bg\u0101k nosl\u0113gt 2025. gadu. Man \u0161\u0137iet, ka \u0161\u012bs bija vismier\u012bg\u0101k\u0101s Ziemassv\u0113tku br\u012bvdienas, k\u0101das man biju\u0161as kop\u0161 b\u0113rnu piedzim\u0161anas, t\u0101tad 14 gadu laik\u0101. Un tas ir labi,\u201d turpin\u0101ja Lilija.<\/p>\n<p>\u201cJ\u016btos \u0101rk\u0101rt\u012bgi pateic\u012bga un sv\u0113t\u012bta, ka varu nodz\u012bvot v\u0113l vienu dienu, v\u0113l vienu gadu uz \u0161\u012bs skaist\u0101s plan\u0113tas,\u201d vi\u0146a sac\u012bja.<\/p>\n<p>            <img loading=\"lazy\" decoding=\"async\" class=\"size-full wp-image-3714402 skaties-content-image\" title=\"Britain The Hobbit Premiere\" src=\"https:\/\/www.europesays.com\/lv\/wp-content\/uploads\/2026\/01\/f9d8-695bc3c8d098c-scaled.jpg\" alt=\"Britain The Hobbit Premiere\" width=\"2000\" height=\"1333\"  \/><\/p>\n<p>                Evand\u017eel\u012bna Lil\u012b filmas \u201cHobits: Piecu armiju kauja\u201d (The Hobbit: The Battle of the Five Armies) pasaules pirmizr\u0101d\u0113 2014. gad\u0101. FOTO: Joel Ryan, AP<\/p>\n<p>Evand\u017eel\u012bna Lil\u012b jau pag\u0101ju\u0161aj\u0101 pavasar\u012b sav\u0101 emu\u0101r\u0101, atkl\u0101ja, ka \u201cpludmal\u0113 zaud\u0113ja sama\u0146u. Un ar seju nokrita tie\u0161i pret klinti,\u201d piebilstot, ka vi\u0146ai \u201c\u0123\u012bbo\u0146a l\u0113kmes ir biju\u0161as kop\u0161 b\u0113rn\u012bbas.\u201d<\/p>\n<p>Kop\u0161 t\u0101 laika \u201cThe Hobbit\u201d zvaigzne instagram\u0101 regul\u0101ri inform\u0113 fanus par savu atvese\u013co\u0161anos no traumas, ko vi\u0146a raksturoja k\u0101 \u201cnopietnu galvas savainojumu\u201d un \u201csmadze\u0146u satricin\u0101jumu\u201d.<\/p>\n<p class=\"tv3-fw-500\">Zi\u0146o par k\u013c\u016bdu rakst\u0101<\/p>\n<p class=\"d-md-block d-none\">Iez\u012bm\u0113 k\u013c\u016bdaino tekstu un spied Ctrl+Enter.<\/p>\n<p class=\"d-md-none d-block\">Iez\u012bm\u0113 k\u013c\u016bdaino tekstu un zi\u0146o par to!<\/p>\n","protected":false},"excerpt":{"rendered":"Vi\u0146a skaidroja, ka ir sa\u0146\u0113musi savas smadze\u0146u p\u0101rbaudes rezult\u0101tus un \u201cgandr\u012bz visas manas smadze\u0146u zonas darbojas samazin\u0101t\u0101 kapacit\u0101t\u0113.\u201d&hellip;\n","protected":false},"author":2,"featured_media":95554,"comment_status":"","ping_status":"","sticky":false,"template":"","format":"standard","meta":{"footnotes":""},"categories":[19],"tags":[89,23780,90,35,39,38,36,37,34,40],"class_list":{"0":"post-95553","1":"post","2":"type-post","3":"status-publish","4":"format-standard","5":"has-post-thumbnail","7":"category-izklaide","8":"tag-entertainment","9":"tag-evandzelina-liliholivudas-aktrise","10":"tag-izklaide","11":"tag-latvia","12":"tag-latvian","13":"tag-latviesu","14":"tag-latviesu-valoda","15":"tag-latviesuvaloda","16":"tag-latvija","17":"tag-lv"},"share_on_mastodon":{"url":"https:\/\/pubeurope.com\/@lv\/115844308647513714","error":""},"_links":{"self":[{"href":"https:\/\/www.europesays.com\/lv\/wp-json\/wp\/v2\/posts\/95553","targetHints":{"allow":["GET"]}}],"collection":[{"href":"https:\/\/www.europesays.com\/lv\/wp-json\/wp\/v2\/posts"}],"about":[{"href":"https:\/\/www.europesays.com\/lv\/wp-json\/wp\/v2\/types\/post"}],"author":[{"embeddable":true,"href":"https:\/\/www.europesays.com\/lv\/wp-json\/wp\/v2\/users\/2"}],"replies":[{"embeddable":true,"href":"https:\/\/www.europesays.com\/lv\/wp-json\/wp\/v2\/comments?post=95553"}],"version-history":[{"count":0,"href":"https:\/\/www.europesays.com\/lv\/wp-json\/wp\/v2\/posts\/95553\/revisions"}],"wp:featuredmedia":[{"embeddable":true,"href":"https:\/\/www.europesays.com\/lv\/wp-json\/wp\/v2\/media\/95554"}],"wp:attachment":[{"href":"https:\/\/www.europesays.com\/lv\/wp-json\/wp\/v2\/media?parent=95553"}],"wp:term":[{"taxonomy":"category","embeddable":true,"href":"https:\/\/www.europesays.com\/lv\/wp-json\/wp\/v2\/categories?post=95553"},{"taxonomy":"post_tag","embeddable":true,"href":"https:\/\/www.europesays.com\/lv\/wp-json\/wp\/v2\/tags?post=95553"}],"curies":[{"name":"wp","href":"https:\/\/api.w.org\/{rel}","templated":true}]}}