{"id":95555,"date":"2026-01-05T20:10:14","date_gmt":"2026-01-05T20:10:14","guid":{"rendered":"https:\/\/www.europesays.com\/lv\/95555\/"},"modified":"2026-01-05T20:10:14","modified_gmt":"2026-01-05T20:10:14","slug":"vins-spele-uzvarosu-hokeju-locmela-treneris-atzinigi-verte-latviesa-sniegumu","status":"publish","type":"post","link":"https:\/\/www.europesays.com\/lv\/95555\/","title":{"rendered":"&#8220;Vi\u0146\u0161 sp\u0113l\u0113 uzvaro\u0161u hokeju&#8221; \u2013 Lo\u010dme\u013ca treneris atzin\u012bgi v\u0113rt\u0113 latvie\u0161a sniegumu"},"content":{"rendered":"<p>                                <img decoding=\"async\" src=\"https:\/\/www.europesays.com\/lv\/wp-content\/uploads\/2026\/01\/55024037274_b7d71407c4_k-750x450.jpg\"   alt=\"Dans Lo\u010dmelis\" class=\"post-featured-image\"\/><\/p>\n<p>Dans Lo\u010dmelis | Foto: Providensas &#8220;Bruins&#8221;<\/p>\n<p>Amerikas hokeja l\u012bgas (AHL) kluba galvenais treneris Raiens Mod\u017eenels p\u0113c aizvad\u012bt\u0101s sp\u0113les <a href=\"https:\/\/www.youtube.com\/watch?v=oFXbiWHEqBA\" target=\"_blank\" rel=\"noreferrer noopener nofollow\">v\u0113rt\u0113jis<\/a> latvie\u0161a <a href=\"https:\/\/www.sportazinas.com\/atsl\u0113gv\u0101rdi\/dans-locmelis\/\" rel=\"nofollow noopener\" target=\"_blank\">Dana Lo\u010dme\u013ca<\/a> sniegumu.<\/p>\n<p>Jau v\u0113st\u012bts, ka aizvad\u012btaj\u0101 nakt\u012b AHL sp\u0113l\u0113 k\u0101rt\u0113jo reizi rezultat\u012bvs bija Latvijas uzbruc\u0113js Lo\u010dmelis, kur\u0161 pal\u012bdz\u0113ja Providensas \u201cBruins\u201d komandai ar 3:1 uzvar\u0113t Springf\u012bldas \u201cThunderbirds\u201d. Lo\u010dmelis guva v\u0101rtus un atdeva rezultat\u012bvu piesp\u0113li. Lo\u010dmelis sezon\u0101 kopum\u0101 30 ma\u010dos sakr\u0101jis 21 (12+9) rezultativit\u0101tes punktu.<\/p>\n<p>\u201cDom\u0101ju, ka Lo\u010dmelis ir patie\u0161\u0101m izbaud\u012bjis Ziemassv\u0113tku br\u012bvdienas,\u201d nor\u0101d\u012bjis treneris. \u201cVi\u0146\u0161 ieradies atjaunojies un vi\u0146\u0161 ir v\u0113l viens fantastisks sp\u0113l\u0113t\u0101js, kuram hokeja IQ ir augst\u0101 l\u012bmen\u012b. Vi\u0146am \u0161aj\u0101 sezon\u0101 ir bijusi \u0101rk\u0101rt\u012bgi liela izaugsme. Ja paskat\u0101mies uz vi\u0146a cipariem, tad tie ir daudz lab\u0101ki profesion\u0101laj\u0101 hokej\u0101 nek\u0101 koled\u017e\u0101. Vi\u0146\u0161 sp\u0113l\u0113 daudz un svar\u012bgas min\u016btes, kur\u0101s vi\u0146\u0161 v\u0113l var augt.\u201d<\/p>\n<p>T\u0101pat ar\u012b iepriek\u0161 Mod\u017eenels <a href=\"https:\/\/hockeyhotstove.com\/locmelis-becomes-a-high-value-prospect\/\" target=\"_blank\" rel=\"noreferrer noopener nofollow\">velt\u012bjis<\/a> labus v\u0101rdus Latvijas hokejistam. \u201cVi\u0146a prasmes ir nenoliedzamas un Lo\u010dmelis prot t\u0101s izmantot. Vi\u0146\u0161 ir tren\u0113jams hokejists. Daudzas lietas, kuras vi\u0146\u0161 dara, p\u0101rv\u0113r\u0161as uzvar\u0101s. Var\u0113tu teikt, ka vi\u0146\u0161 sp\u0113l\u0113 uzvaro\u0161u hokeju.\u201d<\/p>\n","protected":false},"excerpt":{"rendered":"Dans Lo\u010dmelis | Foto: Providensas &#8220;Bruins&#8221; Amerikas hokeja l\u012bgas (AHL) kluba galvenais treneris Raiens Mod\u017eenels p\u0113c aizvad\u012bt\u0101s sp\u0113les&hellip;\n","protected":false},"author":2,"featured_media":95556,"comment_status":"","ping_status":"","sticky":false,"template":"","format":"standard","meta":{"footnotes":""},"categories":[17],"tags":[35,39,38,36,37,34,40,67],"class_list":{"0":"post-95555","1":"post","2":"type-post","3":"status-publish","4":"format-standard","5":"has-post-thumbnail","7":"category-sports","8":"tag-latvia","9":"tag-latvian","10":"tag-latviesu","11":"tag-latviesu-valoda","12":"tag-latviesuvaloda","13":"tag-latvija","14":"tag-lv","15":"tag-sports"},"share_on_mastodon":{"url":"https:\/\/pubeurope.com\/@lv\/115844312094561789","error":""},"_links":{"self":[{"href":"https:\/\/www.europesays.com\/lv\/wp-json\/wp\/v2\/posts\/95555","targetHints":{"allow":["GET"]}}],"collection":[{"href":"https:\/\/www.europesays.com\/lv\/wp-json\/wp\/v2\/posts"}],"about":[{"href":"https:\/\/www.europesays.com\/lv\/wp-json\/wp\/v2\/types\/post"}],"author":[{"embeddable":true,"href":"https:\/\/www.europesays.com\/lv\/wp-json\/wp\/v2\/users\/2"}],"replies":[{"embeddable":true,"href":"https:\/\/www.europesays.com\/lv\/wp-json\/wp\/v2\/comments?post=95555"}],"version-history":[{"count":0,"href":"https:\/\/www.europesays.com\/lv\/wp-json\/wp\/v2\/posts\/95555\/revisions"}],"wp:featuredmedia":[{"embeddable":true,"href":"https:\/\/www.europesays.com\/lv\/wp-json\/wp\/v2\/media\/95556"}],"wp:attachment":[{"href":"https:\/\/www.europesays.com\/lv\/wp-json\/wp\/v2\/media?parent=95555"}],"wp:term":[{"taxonomy":"category","embeddable":true,"href":"https:\/\/www.europesays.com\/lv\/wp-json\/wp\/v2\/categories?post=95555"},{"taxonomy":"post_tag","embeddable":true,"href":"https:\/\/www.europesays.com\/lv\/wp-json\/wp\/v2\/tags?post=95555"}],"curies":[{"name":"wp","href":"https:\/\/api.w.org\/{rel}","templated":true}]}}