{"id":95557,"date":"2026-01-05T20:13:14","date_gmt":"2026-01-05T20:13:14","guid":{"rendered":"https:\/\/www.europesays.com\/lv\/95557\/"},"modified":"2026-01-05T20:13:14","modified_gmt":"2026-01-05T20:13:14","slug":"video-elin-beidz-seit-policijai-lieliska-iespeja-soferi-satraukti-par-didrihsones-publiceto-video","status":"publish","type":"post","link":"https:\/\/www.europesays.com\/lv\/95557\/","title":{"rendered":"VIDEO. \u201cEl\u012bn, beidz, \u0161eit policijai lieliska iesp\u0113ja!\u201d \u0160oferi satraukti par Didrihsones public\u0113to video"},"content":{"rendered":"<p>    <img decoding=\"async\" src=\"https:\/\/www.europesays.com\/lv\/wp-content\/uploads\/2026\/01\/FotoJet-13-1024x620.jpg\" alt=\"&#10;\"\/><\/p>\n<p>Foto: ekr\u0101nuz\u0146\u0113mums no video.\n<\/p>\n<p>P\u0113d\u0113j\u0101s dien\u0101s ziema ir p\u0101rsteigusi ar sniegu, aukstu laiku un, protams, slideniem ce\u013ciem. Ar\u012b slaven\u012bb\u0101m no slideniem ce\u013ciem neizsprukt, influencere El\u012bna Didrihsone gan neb\u0113d\u0101 un, k\u0101 redzams vi\u0146as pa\u0161as public\u0113tajos video, ar\u012b \u0161\u0101dos laikapst\u0101k\u013cos brauc pie st\u016bres dziedot, rokas pa gaisu vicinot un, iesp\u0113jam, apdraudot k\u0101 sevi, t\u0101 citus \u0161oferus. <\/p>\n<p>        Las\u012bt\u0101kie<br \/>\n        <a data-imagesrc=\"{&quot;300&quot;:&quot;https:\\\/\\\/lastatic.ams3.cdn.digitaloceanspaces.com\\\/2021\\\/12\\\/Vanga-300x215.jpg&quot;,&quot;768&quot;:&quot;https:\\\/\\\/lastatic.ams3.cdn.digitaloceanspaces.com\\\/2021\\\/12\\\/Vanga-768x551.jpg&quot;,&quot;200&quot;:&quot;https:\\\/\\\/lastatic.ams3.cdn.digitaloceanspaces.com\\\/2021\\\/12\\\/Vanga-200x144.jpg&quot;,&quot;400&quot;:&quot;https:\\\/\\\/lastatic.ams3.cdn.digitaloceanspaces.com\\\/2021\\\/12\\\/Vanga-400x287.jpg&quot;,&quot;500&quot;:&quot;https:\\\/\\\/lastatic.ams3.cdn.digitaloceanspaces.com\\\/2021\\\/12\\\/Vanga-500x359.jpg&quot;,&quot;800&quot;:&quot;https:\\\/\\\/lastatic.ams3.cdn.digitaloceanspaces.com\\\/2021\\\/12\\\/Vanga.jpg&quot;}\" data-focuspoint=\"{&quot;x&quot;:&quot;52.68180802701698&quot;,&quot;y&quot;:&quot;48.88063675072124&quot;}\" data-p=\"2488125\" href=\"https:\/\/www.la.lv\/vai-kada-no-tam-piepildisies-vangas-7-prognozes-2026-gadam-gaisrege-paregojusi-jaunas-liela-meroga-problemas\" class=\"content-item lazy-load\" wp_automatic_readability=\"26.5\" rel=\"nofollow noopener\" target=\"_blank\"><\/p>\n<p>                                <img decoding=\"async\" src=\"\" alt=\"\" style=\"object-position: 52.68180802701698% 48.88063675072124%\" data-imageid=\"\"\/><\/p>\n<p>                                Kokteilis<\/p>\n<p>\n                                                Vai k\u0101da no t\u0101m piepild\u012bsies? Vangas 7 prognozes 2026. gadam \u2013 gai\u0161re\u0123e pare\u0123ojusi jaunas liela m\u0113roga probl\u0113mas\n                            <\/p>\n<p><\/a><a data-imagesrc=\"{&quot;300&quot;:&quot;https:\\\/\\\/lastatic.ams3.cdn.digitaloceanspaces.com\\\/2026\\\/01\\\/609024036_2782485768761708_8572390960488541655_n-300x169.jpg&quot;,&quot;1024&quot;:&quot;https:\\\/\\\/lastatic.ams3.cdn.digitaloceanspaces.com\\\/2026\\\/01\\\/609024036_2782485768761708_8572390960488541655_n-1024x576.jpg&quot;,&quot;1536&quot;:&quot;https:\\\/\\\/lastatic.ams3.cdn.digitaloceanspaces.com\\\/2026\\\/01\\\/609024036_2782485768761708_8572390960488541655_n-1536x864.jpg&quot;,&quot;500&quot;:&quot;https:\\\/\\\/lastatic.ams3.cdn.digitaloceanspaces.com\\\/2026\\\/01\\\/609024036_2782485768761708_8572390960488541655_n-500x281.jpg&quot;,&quot;800&quot;:&quot;https:\\\/\\\/lastatic.ams3.cdn.digitaloceanspaces.com\\\/2026\\\/01\\\/609024036_2782485768761708_8572390960488541655_n-800x450.jpg&quot;,&quot;1600&quot;:&quot;https:\\\/\\\/lastatic.ams3.cdn.digitaloceanspaces.com\\\/2026\\\/01\\\/609024036_2782485768761708_8572390960488541655_n.jpg&quot;}\" data-focuspoint=\"&quot;&quot;\" data-p=\"2488090\" href=\"https:\/\/www.la.lv\/kad-tika-atbiditi-skapisi-tika-konstatets-ka-atklats-ko-patiesiba-vientulais-pensionars-bija-ierikojis-tornakalna-dzivokli\" class=\"content-item lazy-load\" wp_automatic_readability=\"28\" rel=\"nofollow noopener\" target=\"_blank\"><\/p>\n<p>                                <img decoding=\"async\" src=\"\" alt=\"\" style=\"\" data-imageid=\"\"\/><\/p>\n<p>\n                                                \u201cKad tika atb\u012bd\u012bti skap\u012b\u0161i, tika konstat\u0113ts, ka\u2026\u201d Atkl\u0101ts, ko paties\u012bb\u0101 vientu\u013cais pension\u0101rs bija ier\u012bkojis Tor\u0146akalna dz\u012bvokl\u012b\n                            <\/p>\n<p><\/a><a data-imagesrc=\"{&quot;300&quot;:&quot;https:\\\/\\\/lastatic.ams3.cdn.digitaloceanspaces.com\\\/2024\\\/11\\\/LET_24573942-1-300x195.jpg&quot;,&quot;768&quot;:&quot;https:\\\/\\\/lastatic.ams3.cdn.digitaloceanspaces.com\\\/2024\\\/11\\\/LET_24573942-1-768x500.jpg&quot;,&quot;200&quot;:&quot;https:\\\/\\\/lastatic.ams3.cdn.digitaloceanspaces.com\\\/2024\\\/11\\\/LET_24573942-1-200x130.jpg&quot;,&quot;400&quot;:&quot;https:\\\/\\\/lastatic.ams3.cdn.digitaloceanspaces.com\\\/2024\\\/11\\\/LET_24573942-1-400x260.jpg&quot;,&quot;500&quot;:&quot;https:\\\/\\\/lastatic.ams3.cdn.digitaloceanspaces.com\\\/2024\\\/11\\\/LET_24573942-1-500x326.jpg&quot;,&quot;800&quot;:&quot;https:\\\/\\\/lastatic.ams3.cdn.digitaloceanspaces.com\\\/2024\\\/11\\\/LET_24573942-1-800x521.jpg&quot;,&quot;1000&quot;:&quot;https:\\\/\\\/lastatic.ams3.cdn.digitaloceanspaces.com\\\/2024\\\/11\\\/LET_24573942-1.jpg&quot;}\" data-focuspoint=\"{&quot;x&quot;:&quot;52.27113166005508&quot;,&quot;y&quot;:&quot;29.019520426615998&quot;}\" data-p=\"2488103\" href=\"https:\/\/www.la.lv\/ta-atpusas-miljonari-aivars-lembergs-publiskojis-fotografiju-kas-samulsinajusi-socialo-tiklu-lietotajus\" class=\"content-item lazy-load\" wp_automatic_readability=\"27\" rel=\"nofollow noopener\" target=\"_blank\"><\/p>\n<p>                                <img decoding=\"async\" src=\"\" alt=\"\" style=\"object-position: 52.27113166005508% 29.019520426615998%\" data-imageid=\"\"\/><\/p>\n<p>                                Kokteilis<\/p>\n<p>\n                                                \u201cT\u0101 atp\u016b\u0161as miljon\u0101ri.\u201d Aivars Lembergs publiskojis fotogr\u0101fiju, kas samulsin\u0101jusi soci\u0101lo t\u012bklu lietot\u0101jus\n                            <\/p>\n<p><\/a><br \/>\n        <a class=\"read-more\" href=\"https:\/\/www.la.lv\/top\" rel=\"nofollow noopener\" target=\"_blank\">Las\u012bt citas zi\u0146as<\/a><\/p>\n<blockquote class=\"twitter-tweet\" wp_automatic_readability=\"8.5144927536232\">\n<p lang=\"lv\" dir=\"ltr\">Ietekmele Didrihsone uz slidena ce\u013ca \u2013 kamera iesl\u0113gta, veselais sapr\u0101ts \u2013 offline. T\u0101 teikt \u2013 v\u0113lme film\u0113t video pie st\u016bres ir liel\u0101ka par riepu sa\u0137eri. <a href=\"https:\/\/t.co\/asEOpvIXPr\" rel=\"nofollow\">pic.twitter.com\/asEOpvIXPr<\/a><\/p>\n<p>\u2014 KaraLienes dz\u012bves gudr\u012bbas\ud83c\uddfa\ud83c\udde6\ud83c\uddf1\ud83c\uddfb (@Karalienezin) <a href=\"https:\/\/twitter.com\/Karalienezin\/status\/2007799007675032060?ref_src=twsrc%5Etfw\" rel=\"nofollow noopener\" target=\"_blank\">January 4, 2026<\/a><\/p>\n<\/blockquote>\n<p><img decoding=\"async\" src=\"https:\/\/www.europesays.com\/lv\/wp-content\/uploads\/2026\/01\/Ekranuznemums-2026-01-05-185502.png\" alt=\"\"\/><\/p>\n<p>    CITI \u0160OBR\u012aD LASA<\/p>\n<p><img decoding=\"async\" src=\"https:\/\/www.europesays.com\/lv\/wp-content\/uploads\/2026\/01\/Ekranuznemums-2026-01-05-185515.png\" alt=\"\"\/><br \/>\n<img decoding=\"async\" src=\"https:\/\/www.europesays.com\/lv\/wp-content\/uploads\/2026\/01\/Ekranuznemums-2026-01-05-185530.png\" alt=\"\"\/><br \/>\n<img decoding=\"async\" src=\"https:\/\/www.europesays.com\/lv\/wp-content\/uploads\/2026\/01\/Ekranuznemums-2026-01-05-185539.png\" alt=\"\"\/><\/p>\n<p>Jau zi\u0146ots, ka Jaun\u0101 gada pirm\u0101s darbdienas r\u012bt\u0101 sniega un apledojuma d\u0113\u013c brauk\u0161anas apst\u0101k\u013ci pa valsts galvenajiem un re\u0123ion\u0101lajiem autoce\u013ciem daudzviet Latvij\u0101 ir apgr\u016btin\u0101ti, bet visslikt\u0101kie tie ir Saldus pus\u0113, liecina VSIA \u201cLatvijas valsts ce\u013ci\u201d (LVC) apkopot\u0101 inform\u0101cija.<\/p>\n<p>Kurzem\u0113 brauk\u0161anas apst\u0101k\u013ci \u012bpa\u0161i apgr\u016btin\u0101ti ir Liep\u0101jas \u0161osejas posm\u0101 no Mazbl\u012bdenes l\u012bdz Ciecerei, k\u0101 ar\u012b pa re\u0123ion\u0101lajiem un viet\u0113jiem autoce\u013ciem Saldus apk\u0101rtn\u0113. Apgr\u016btin\u0101ta brauk\u0161ana ir pa autoce\u013cu Liep\u0101ja-Lietuvas robe\u017ea (Rucava), pa re\u0123ion\u0101l\u0101s un viet\u0113j\u0101s noz\u012bmes ce\u013ciem Liep\u0101jas, Ventspils un Talsu pus\u0113, k\u0101 ar\u012b pa viet\u0113jiem ce\u013ciem Tukuma apk\u0101rtn\u0113.<\/p>\n<p>Zemgal\u0113 brauk\u0161anas apst\u0101k\u013ci pa valsts galvenajiem autoce\u013ciem liel\u0101koties ir apmierino\u0161i, bet pa re\u0123ion\u0101l\u0101s noz\u012bmes ce\u013ciem tie ir apgr\u016btin\u0101ti Bauskas, Dobeles un Tukuma apk\u0101rtn\u0113.<\/p>\n<p>R\u012bgas apk\u0101rtn\u0113 un Vidzem\u0113 ap plkst. 6.50 slidena ir Vidzemes \u0161oseja no Ber\u0123iem l\u012bdz Aug\u0161l\u012bgatnei un Valmieras \u0161oseja no Murj\u0101\u0146iem l\u012bdz Braslas tiltam.<\/p>\n<p>Savuk\u0101rt Latvijas austrumu da\u013c\u0101 apledojusi ir liel\u0101k\u0101 da\u013ca valsts galveno ce\u013cu posmu, tai skait\u0101 Daugavpils \u0161oseja un vair\u0101ki lielie ce\u013ci ap Aizkraukli, J\u0113kabpili, Daugavpili, R\u0113zekni, Balviem, Prei\u013ciem un Kr\u0101slavu.<\/p>\n<p>Sniegoto un slideno ce\u013cu posmu t\u012br\u012b\u0161an\u0101 un kais\u012b\u0161an\u0101 pirmdienas r\u012bt\u0101 iesaist\u012btas 85 ziemas tehnikas vien\u012bbas, liecina LVC sniegt\u0101 inform\u0101cija.<\/p>\n<p>T\u0113mas<\/p>\n<p>    SAIST\u012aTIE RAKSTI<\/p>\n<p>                            <script async src=\"https:\/\/platform.twitter.com\/widgets.js\" charset=\"utf-8\"><\/script><\/p>\n","protected":false},"excerpt":{"rendered":"Foto: ekr\u0101nuz\u0146\u0113mums no video. P\u0113d\u0113j\u0101s dien\u0101s ziema ir p\u0101rsteigusi ar sniegu, aukstu laiku un, protams, slideniem ce\u013ciem. Ar\u012b&hellip;\n","protected":false},"author":2,"featured_media":95558,"comment_status":"","ping_status":"","sticky":false,"template":"","format":"standard","meta":{"footnotes":""},"categories":[12],"tags":[23,28,29,32,33,22,30,31,35,39,38,36,37,34,40,20,26,27,24,25,21],"class_list":{"0":"post-95557","1":"post","2":"type-post","3":"status-publish","4":"format-standard","5":"has-post-thumbnail","7":"category-latvija","8":"tag-aktualitates","9":"tag-breaking-news","10":"tag-breakingnews","11":"tag-featured-news","12":"tag-featurednews","13":"tag-headlines","14":"tag-latest-news","15":"tag-latestnews","16":"tag-latvia","17":"tag-latvian","18":"tag-latviesu","19":"tag-latviesu-valoda","20":"tag-latviesuvaloda","21":"tag-latvija","22":"tag-lv","23":"tag-news","24":"tag-popularakas-zinas","25":"tag-popularakaszinas","26":"tag-top-stories","27":"tag-topstories","28":"tag-zinas"},"share_on_mastodon":{"url":"https:\/\/pubeurope.com\/@lv\/115844323957826190","error":""},"_links":{"self":[{"href":"https:\/\/www.europesays.com\/lv\/wp-json\/wp\/v2\/posts\/95557","targetHints":{"allow":["GET"]}}],"collection":[{"href":"https:\/\/www.europesays.com\/lv\/wp-json\/wp\/v2\/posts"}],"about":[{"href":"https:\/\/www.europesays.com\/lv\/wp-json\/wp\/v2\/types\/post"}],"author":[{"embeddable":true,"href":"https:\/\/www.europesays.com\/lv\/wp-json\/wp\/v2\/users\/2"}],"replies":[{"embeddable":true,"href":"https:\/\/www.europesays.com\/lv\/wp-json\/wp\/v2\/comments?post=95557"}],"version-history":[{"count":0,"href":"https:\/\/www.europesays.com\/lv\/wp-json\/wp\/v2\/posts\/95557\/revisions"}],"wp:featuredmedia":[{"embeddable":true,"href":"https:\/\/www.europesays.com\/lv\/wp-json\/wp\/v2\/media\/95558"}],"wp:attachment":[{"href":"https:\/\/www.europesays.com\/lv\/wp-json\/wp\/v2\/media?parent=95557"}],"wp:term":[{"taxonomy":"category","embeddable":true,"href":"https:\/\/www.europesays.com\/lv\/wp-json\/wp\/v2\/categories?post=95557"},{"taxonomy":"post_tag","embeddable":true,"href":"https:\/\/www.europesays.com\/lv\/wp-json\/wp\/v2\/tags?post=95557"}],"curies":[{"name":"wp","href":"https:\/\/api.w.org\/{rel}","templated":true}]}}