{"id":95561,"date":"2026-01-05T20:19:19","date_gmt":"2026-01-05T20:19:19","guid":{"rendered":"https:\/\/www.europesays.com\/lv\/95561\/"},"modified":"2026-01-05T20:19:19","modified_gmt":"2026-01-05T20:19:19","slug":"man-tika-sutitas-pravietiskas-zimes","status":"publish","type":"post","link":"https:\/\/www.europesays.com\/lv\/95561\/","title":{"rendered":"man tika s\u016bt\u012btas pravietiskas z\u012bmes"},"content":{"rendered":"<p>Jaungada r\u012bt\u0101, 1. janv\u0101r\u012b, Lietuv\u0101 policija aptur\u0113ja &#8220;Mazda&#8221; automobili, k\u0101 vad\u012bt\u0101js bija 1,9 promi\u013cu alkohola reibum\u0101. Turkl\u0101t izr\u0101d\u012bjies, ka pie st\u016bres s\u0113do\u0161ais v\u012brietis ir Sv. Ludviga draudzes priesteris Marjus Talutis, kur\u0161 steidzies uz r\u012bta dievkalpojumu. M\u0101c\u012bt\u0101js izdar\u012bto no\u017e\u0113lo un taisnojas, ka vi\u0146am jau tika s\u016bt\u012btas pravietiskas z\u012bmes un ka tagad nosol\u012bjies vairs nedzert.<\/p>\n<p>&#8220;Man ir liels kauns, ar notiku\u0161o nelepojos. Es atvainojos visiem cilv\u0113kiem. T\u0101 ir liela m\u0101c\u012bba. Tagad par to dom\u0101jot, pravietiskas z\u012bmes man tika s\u016bt\u012btas jau iepriek\u0161,&#8221; pazi\u0146ojum\u0101 medijiem sac\u012bja Talutis.<\/p>\n<p class=\"MsoNormal\">&#8220;31. decembr\u012b m\u0113s svin\u0113j\u0101m un aizvad\u012bj\u0101m Vecgada vakaru kop\u0101 ar draugiem un kopienu. Visi man pied\u0101v\u0101ja pa mazumi\u0146am, bet es atteicos, jo zin\u0101ju, ka n\u0101kamaj\u0101 dien\u0101 man b\u016bs j\u0101dodas uz misi. Bet es tom\u0113r nedaudz iedz\u0113ru un aizg\u0101ju m\u0101j\u0101s. Ierodoties m\u0101j\u0101s, man bija saaukst\u0113\u0161an\u0101s simptomi un kakla s\u0101pes \u2013 nodom\u0101ju, ka varb\u016bt man ir v\u012bruss, t\u0101p\u0113c es iedz\u0113ru v\u0113l nedaudz. Tonakt man bija labs miegs un es nejutos piedz\u0113ries. Ja t\u0101 b\u016btu bijis, es neb\u016btu n\u0101kamaj\u0101 r\u012bt\u0101 s\u0113dies pie st\u016bres,&#8221; taisnojas priesteris.<\/p>\n<p class=\"MsoNormal\">T\u0101pat vi\u0146\u0161 past\u0101st\u012bja, ka pirms svin\u012bb\u0101m gandr\u012bz neko nebija \u0113dis, jo jut\u0101s slikti un bija ku\u0146\u0123a darb\u012bbas trauc\u0113jumi. Talutis sac\u012bja, ka j\u016btas \u013coti vain\u012bgs un ka p\u0113c notiku\u0161\u0101 ir pie\u0146\u0113mis svar\u012bgu l\u0113mumu sav\u0101 dz\u012bv\u0113.<\/p>\n<p class=\"MsoNormal\">&#8220;Es Dieva priek\u0161\u0101 devu zv\u0113restu, ka l\u012bdz m\u016b\u017ea galam nedzer\u0161u alkoholu! Kad es to izteicu, mana sirds k\u013cuva viegl\u0101ka un gai\u0161\u0101ka. Iesp\u0113jams, \u0161\u012b s\u0101p\u012bg\u0101 m\u0101c\u012bba pasarg\u0101s mani no cit\u0101m nelaim\u0113m, kas var\u0113ja notikt,&#8221; teica m\u0101c\u012bt\u0101js.<\/p>\n<p class=\"MsoNormal\">Pirms Jaun\u0101 gada vi\u0146am bijis pravietisks sapnis, ka vi\u0146\u0161 devies ce\u013cojum\u0101, &#8220;stop\u0113jot&#8221; automa\u0161\u012bnas. Tagad vi\u0146\u0161 saprotot \u0161o pravietisko z\u012bmi, kas paredz\u0113ja vi\u0146a n\u0101kotni. P\u0113c m\u0101c\u012bt\u0101ja dom\u0101m, ir \u013coti svar\u012bgi nor\u012bt r\u016bgto paties\u012bbu, nebaid\u012bties pateikt to, k\u0101 ir, pat ja gad\u012bjies pasl\u012bd\u0113t.<\/p>\n<p class=\"MsoNormal\">&#8220;Es r\u012bkojos neapdom\u012bgi un bezatbild\u012bgi, un \u0161\u012b man ir patie\u0161\u0101m s\u0101p\u012bga, bet sp\u0113c\u012bga m\u0101c\u012bba un jauna dz\u012bves ce\u013ca s\u0101kums,&#8221; saka m\u0101c\u012bt\u0101js. T\u0101pat vi\u0146\u0161 ar\u012b citiem priesteriem iesaka iet attur\u012bbas ce\u013cu, v\u0113l vair\u0101k m\u012bl\u0113t Dievu, bazn\u012bcu un cilv\u0113kus.<\/p>\n<p class=\"MsoNormal\">K\u0101du laiku m\u0101c\u012bt\u0101js nedr\u012bkst\u0113s vad\u012bt automa\u0161\u012bnu. &#8220;Bet m\u0113s neesam piedzimu\u0161i ar automa\u0161\u012bnu. M\u0113s esam dzimu\u0161i ar rok\u0101m un k\u0101j\u0101m, t\u0101p\u0113c kaut k\u0101 tiksim gal\u0101. Ja b\u016bs nepiecie\u0161ams, es t\u0101pat k\u0101 sapn\u012b, brauk\u0161u &#8220;stop\u0113jot&#8221;. Ir tik daudz labas gribas cilv\u0113ku, ka vi\u0146i piest\u0101s un pal\u012bdz\u0113s,&#8221; saka Talutis.<\/p>\n<p class=\"MsoNormal\">Vi\u0146\u0161 pateic\u0101s policistiem, kuri bija piekl\u0101j\u012bgi un &#8220;pild\u012bja savu sv\u0113to pien\u0101kumu&#8221;. &#8220;Dieva \u017e\u0113last\u012bba ir stipr\u0101ka par visu. Z\u012bm\u0113m, ko sa\u0146emu, ir noz\u012bme, un es taj\u0101s ieklaus\u012b\u0161os. Lai gan tagad ir s\u0101p\u012bgi, es ticu, ka \u0161is notikums pasarg\u0101s mani no turpm\u0101kiem klupieniem un b\u016bs stimuls iet citu ce\u013cu. K\u0101 saka teiciens, tas, kas m\u016bs neizn\u012bcina, dara m\u016bs stipr\u0101kus,&#8221; rezum\u0113 m\u0101c\u012bt\u0101js Talutis.<\/p>\n<p class=\"MsoNormal\">Lietuv\u0101, t\u0101pat k\u0101 Latvij\u0101, par brauk\u0161anu vair\u0101k nek\u0101 1,5 promi\u013cu reibum\u0101 iest\u0101jas krimin\u0101latbild\u012bba. Par to draud automobi\u013ca konfisk\u0101cija, cietumsods l\u012bdz pat vienam gadam, k\u0101 ar\u012b autovad\u012bt\u0101ja ties\u012bbu liegums l\u012bdz \u010detriem gadiem.<\/p>\n<p class=\"m-0\">Seko &#8220;Delfi&#8221; ar\u012b  <a target=\"_blank\" href=\"https:\/\/www.instagram.com\/delfi.lv\/\" rel=\"nofollow noopener\">Instagram<\/a>  un <a target=\"_blank\" href=\"https:\/\/www.youtube.com\/channel\/UCw5foWtcJvAbUm64rv7jwUQ\" rel=\"nofollow noopener\">YouTube<\/a>  profil\u0101 \u2013 pievienojies, lai uzzin\u0101tu svar\u012bg\u0101ko un interesant\u0101ko pirmais!<\/p>\n<p>Publik\u0101cijas saturs vai t\u0101s jebk\u0101da apjoma da\u013ca ir aizsarg\u0101ts autorties\u012bbu objekts Autorties\u012bbu likuma izpratn\u0113, un t\u0101 izmanto\u0161ana bez izdev\u0113ja at\u013caujas ir aizliegta. Vair\u0101k lasi  <a target=\"_blank\" href=\"https:\/\/www.delfi.lv\/noteikumi#autortiesibas\" rel=\"nofollow noopener\">\u0161eit<\/a><script async src=\"\/\/www.instagram.com\/embed.js\"><\/script><\/p>\n","protected":false},"excerpt":{"rendered":"Jaungada r\u012bt\u0101, 1. janv\u0101r\u012b, Lietuv\u0101 policija aptur\u0113ja &#8220;Mazda&#8221; automobili, k\u0101 vad\u012bt\u0101js bija 1,9 promi\u013cu alkohola reibum\u0101. Turkl\u0101t izr\u0101d\u012bjies,&hellip;\n","protected":false},"author":2,"featured_media":95562,"comment_status":"","ping_status":"","sticky":false,"template":"","format":"standard","meta":{"footnotes":""},"categories":[12],"tags":[23,28,29,32,33,22,30,31,35,39,38,36,37,34,1464,40,20,26,27,24,25,21],"class_list":{"0":"post-95561","1":"post","2":"type-post","3":"status-publish","4":"format-standard","5":"has-post-thumbnail","7":"category-latvija","8":"tag-aktualitates","9":"tag-breaking-news","10":"tag-breakingnews","11":"tag-featured-news","12":"tag-featurednews","13":"tag-headlines","14":"tag-latest-news","15":"tag-latestnews","16":"tag-latvia","17":"tag-latvian","18":"tag-latviesu","19":"tag-latviesu-valoda","20":"tag-latviesuvaloda","21":"tag-latvija","22":"tag-lietuva","23":"tag-lv","24":"tag-news","25":"tag-popularakas-zinas","26":"tag-popularakaszinas","27":"tag-top-stories","28":"tag-topstories","29":"tag-zinas"},"share_on_mastodon":{"url":"https:\/\/pubeurope.com\/@lv\/115844347460173314","error":""},"_links":{"self":[{"href":"https:\/\/www.europesays.com\/lv\/wp-json\/wp\/v2\/posts\/95561","targetHints":{"allow":["GET"]}}],"collection":[{"href":"https:\/\/www.europesays.com\/lv\/wp-json\/wp\/v2\/posts"}],"about":[{"href":"https:\/\/www.europesays.com\/lv\/wp-json\/wp\/v2\/types\/post"}],"author":[{"embeddable":true,"href":"https:\/\/www.europesays.com\/lv\/wp-json\/wp\/v2\/users\/2"}],"replies":[{"embeddable":true,"href":"https:\/\/www.europesays.com\/lv\/wp-json\/wp\/v2\/comments?post=95561"}],"version-history":[{"count":0,"href":"https:\/\/www.europesays.com\/lv\/wp-json\/wp\/v2\/posts\/95561\/revisions"}],"wp:featuredmedia":[{"embeddable":true,"href":"https:\/\/www.europesays.com\/lv\/wp-json\/wp\/v2\/media\/95562"}],"wp:attachment":[{"href":"https:\/\/www.europesays.com\/lv\/wp-json\/wp\/v2\/media?parent=95561"}],"wp:term":[{"taxonomy":"category","embeddable":true,"href":"https:\/\/www.europesays.com\/lv\/wp-json\/wp\/v2\/categories?post=95561"},{"taxonomy":"post_tag","embeddable":true,"href":"https:\/\/www.europesays.com\/lv\/wp-json\/wp\/v2\/tags?post=95561"}],"curies":[{"name":"wp","href":"https:\/\/api.w.org\/{rel}","templated":true}]}}