{"id":95567,"date":"2026-01-05T20:32:12","date_gmt":"2026-01-05T20:32:12","guid":{"rendered":"https:\/\/www.europesays.com\/lv\/95567\/"},"modified":"2026-01-05T20:32:12","modified_gmt":"2026-01-05T20:32:12","slug":"zelenskis-turpina-verienigas-kadru-parbides-valsts-vadiba-raksts","status":"publish","type":"post","link":"https:\/\/www.europesays.com\/lv\/95567\/","title":{"rendered":"Zelenskis turpina v\u0113rien\u012bgas kadru p\u0101rb\u012bdes valsts vad\u012bb\u0101 \/ Raksts"},"content":{"rendered":"<p>Ukrainas prezidents Volodimirs Zelenskis jauno 2026. gadu s\u0101cis ar pla\u0161\u0101m p\u0101rmai\u0146\u0101m gan sav\u0101 komand\u0101, gan vald\u012bbas sast\u0101v\u0101. Ukrain\u0101 ir iecelts jauns prezidenta kancelejas vad\u012bt\u0101js, jauns aizsardz\u012bbas ministrs, jauns ener\u0123\u0113tikas ministrs, k\u0101 ar\u012b\u00a0pirmdien k\u013cuva zin\u0101ms par Ukrainas Dro\u0161\u012bbas dienesta vad\u012bt\u0101ja Vasila Ma\u013cuka aizie\u0161anu no amata.<\/p>\n<p>P\u0101rmai\u0146as s\u0101k\u0101s p\u0113c t\u0101 d\u0113v\u0113t\u0101s &#8220;Mindi\u010dgeitas&#8221; \u2013 liela apm\u0113ra korupcijas skand\u0101la, kur\u0101 aizdomas kr\u012bt uz vair\u0101kiem prezidentam Zelenskim pietuvin\u0101tajiem. Amatu zaud\u0113ja ne vien tieslietu un ener\u0123\u0113tikas ministri, bet ar\u012b prezidenta kancelejas vad\u012bt\u0101js Andrijs Jermaks.<\/p>\n<p>P\u0113c aptuveni m\u0113nesi ilga jauna vad\u012bt\u0101ja mekl\u0113jumiem 2. janv\u0101r\u012b Zelenskis pazi\u0146oja, ka prezidenta kanceleju turpm\u0101k vad\u012bs l\u012bdz\u0161in\u0113jais Ukrainas Galven\u0101s izl\u016bko\u0161anas p\u0101rvaldes vad\u012bt\u0101js Kirilo Budanovs (Budanova viet\u0101 darbu Galvenaj\u0101 izl\u016bko\u0161anas p\u0101rvald\u0113 turpin\u0101s Olegs Iva\u0161\u010denko).<\/p>\n<p>M\u0113\u0123in\u0101jums att\u012br\u012bt varu<\/p>\n<p>Zelenskis \u0161\u012bs p\u0101rmai\u0146as pamatoja ar to, ka \u0161obr\u012bd nepiecie\u0161ams vair\u0101k koncentr\u0113ties uz valsts dro\u0161\u012bbas jaut\u0101jumiem.<\/p>\n<p>P\u0113c anal\u012bti\u0137u dom\u0101m, kadru p\u0101rb\u012bd\u0113m ir ar\u012b citi iemesli. \u013bvivas Politehnikuma profesors Mikola Bu\u010dins pirmdien Ukrainas sabiedriskaj\u0101 medij\u0101 atz\u012bm\u0113ja, ka \u0161\u012bm un cit\u0101m p\u0113d\u0113jo dienu laik\u0101 izzi\u0146otaj\u0101m p\u0101rmai\u0146\u0101m amatu p\u0101rdal\u0113 var\u0113tu b\u016bt gan iek\u0161\u0113ji, gan \u0101r\u0113ji iemesli.<\/p>\n<p>&#8220;Ukraina \u0161obr\u012bd p\u0101rdz\u012bvo virkni korupcijas un citu skand\u0101lu, kas raisa jaut\u0101jumus par \u0161\u012bs vad\u012bbas un kopum\u0101 politisk\u0101s elites efektivit\u0101ti, caursp\u012bd\u012bgumu, god\u012bgumu un t\u0101 t\u0101l\u0101k. Ja run\u0101jam par \u0161\u012bm kadru p\u0101rb\u012bd\u0113m, tad, no vienas puses, tur var saskat\u012bt m\u0113\u0123in\u0101jumus att\u012br\u012bt varu, padar\u012bt to maz\u0101k toksisku,&#8221; sprie\u017e Bu\u010dins.<\/p>\n<blockquote>\n<p>&#8220;\u0160obr\u012bd ir daudz jaut\u0101jumu \u2013 k\u0101p\u0113c vieni kara laik\u0101 atdod visu, lai nodro\u0161in\u0101tu Ukrainas uzvaru, bet citi izv\u0113r\u0161 apjom\u012bgas korupcijas lietas.<\/p>\n<\/blockquote>\n<p>No otras puses \u2013 t\u0101 k\u0101 ir main\u012bjies prezidenta biroja vad\u012bt\u0101js un \u0161obr\u012bd amatos var\u0113tu b\u016bt daudz vi\u0146a cilv\u0113ku, tas var b\u016bt m\u0113\u0123in\u0101jums p\u0101rdal\u012bt ietekmes sf\u0113ras.&#8221;<\/p>\n<p>Nomain\u012bts ar\u012b specdienesta vad\u012bt\u0101js<\/p>\n<p>Savuk\u0101rt pie \u0101r\u0113jiem iemesliem tiek min\u0113ta nepiecie\u0161am\u012bba stiprin\u0101t gan Zelenska komandu, gan attiec\u012bbas ar sabiedrotajiem p\u0113c korupcijas skand\u0101la, turkl\u0101t gatavojoties \u0161\u0101 gada izaicin\u0101jumiem. Pa\u0161laik nav lielas skaidr\u012bbas, k\u0101 turpin\u0101s att\u012bst\u012bties sarunas par karadarb\u012bbas izbeig\u0161anu Ukrain\u0101.<\/p>\n<p>Ukrain\u0101 main\u012bsies ar\u012b aizsardz\u012bbas ministrs \u2013 l\u012bdz\u0161in\u0113jam aizsardz\u012bbas ministram Denisam \u0160miha\u013cam pied\u0101v\u0101ts ener\u0123\u0113tikas ministra amats, kas bija br\u012bvs p\u0113c iepriek\u0161\u0113j\u0101 ministra atk\u0101p\u0161an\u0101s saist\u012bb\u0101 ar korupcijas skand\u0101lu. Savuk\u0101rt aizsardz\u012bbas ministra amats pied\u0101v\u0101ts l\u012bdz\u0161in\u0113jam digit\u0101l\u0101s transform\u0101cijas ministram Mihailo Fedorovam. Par ministriem jaunajos amatos v\u0113l b\u016bs j\u0101balso Ukrainas parlamentam.<\/p>\n<p>Pirmdien no amata atk\u0101pies ar\u012b Ukrainas Dro\u0161\u012bbas dienesta (SBU) vad\u012bt\u0101js Vasils Ma\u013cuks, neskatoties uz sabiedr\u012bb\u0101 paz\u012bstamu cilv\u0113ku aicin\u0101jumiem vi\u0146u atst\u0101t amat\u0101. Pazi\u0146ojum\u0101 soci\u0101lajos t\u012bklos vi\u0146\u0161 raksta, ka paliks dro\u0161\u012bbas dienesta sist\u0113m\u0101 realiz\u0113t specoper\u0101cijas. Ma\u013cuks\u00a0turpm\u0101k koncentr\u0113sies uz oper\u0101cij\u0101m pret Krieviju.<\/p>\n<p>Ma\u013cuka pilnvaru laik\u0101 Dro\u0161\u012bbas dienests veica vair\u0101kas augsta l\u012bme\u0146a oper\u0101cijas dzi\u013ci Krievij\u0101 un okup\u0113taj\u0101s teritorij\u0101s. P\u0113rn vasar\u0101 tika \u012bstenota oper\u0101cija &#8220;Zirnek\u013ca t\u012bkls&#8221;, izvietojot kravas automa\u0161\u012bn\u0101s pasl\u0113ptus dronus vis\u0101 Krievij\u0101, lai uzbruktu gaisa sp\u0113ku b\u0101z\u0113m t\u016bksto\u0161iem kilometru att\u0101lum\u0101 no Ukrainas robe\u017eas.<\/p>\n<blockquote>\n<p>Atk\u0101p\u0161an\u0101s iemeslus Ma\u013cuks neskaidro, vien nor\u0101da, ka Zelenska inici\u0113t\u0101s izmai\u0146as n\u0101ks par labu sp\u0113c\u012bgam un modernam specdienestam. Zelenskis pazi\u0146ojis, ka par SBU priek\u0161nieka vietas izpild\u012bt\u0101ju iecelts Jevhenijs Hmara, kur\u0161 l\u012bdz \u0161im vad\u012bjis SBU specoper\u0101ciju noda\u013cu.<\/p>\n<\/blockquote>\n<p>Ukrainas mediji v\u0113sta, ka Ma\u013cuks tiek main\u012bts\u00a0Ukrainas Dro\u0161\u012bbas dienesta iesaistes d\u0113\u013c\u00a0pretdarb\u012bb\u0101 korupcijas apkarot\u0101jiem, kas izmekl\u0113ja &#8220;Mindi\u010dgeitu&#8221;; tiek piemin\u0113ts ar\u012b, ka dienesta darbinieki esot iekas\u0113ju\u0161i neleg\u0101lus maks\u0101jumus no uz\u0146\u0113m\u0113jiem.\u00a0<\/p>\n<p>Ukrai\u0146i ar ba\u017e\u0101m v\u0113ro notikumus Venecu\u0113l\u0101<\/p>\n<p>Ukrainas medijos daudz tiek spriests ar\u012b par notikumiem Venecu\u0113l\u0101, kur ASV veica prezidenta Nikolasa Maduro sag\u016bst\u012b\u0161anas oper\u0101ciju. Ukraina, t\u0101pat k\u0101 visa pasaule, \u013coti uzman\u012bgi seko l\u012bdzi notieko\u0161ajam. J\u0101saka, ka pirm\u0101s sabiedr\u012bbas reakcijas soci\u0101lajos t\u012bklos bija diezgan asas \u2013 tika saskat\u012bta ASV agresija, vilktas lielas paral\u0113les ar Krievijas diktatora Putina r\u012bc\u012bbu 2022. gada 24. febru\u0101r\u012b. T\u0101pat ukrai\u0146iem ir ba\u017eas par to, k\u0101 \u0161is konflikts ietekm\u0113s Ukrainu.<\/p>\n<p>Tom\u0113r ofici\u0101l\u0101 vald\u012bbas nost\u0101ja ir \u013coti uzman\u012bga un piesardz\u012bga. Ukrainas \u0101rlietu ministrs Andrijs Sibiha uzsv\u0113ra, ka Ukraina konsekventi aizst\u0101v tautu ties\u012bbas dz\u012bvot br\u012bvi, bez diktat\u016bras, apspie\u0161anas un cilv\u0113kties\u012bbu p\u0101rk\u0101pumiem. Maduro re\u017e\u012bms p\u0101rk\u0101pa visus \u0161os punktus, un Ukraina nav atzinusi Maduro le\u0123itimit\u0101ti p\u0113c p\u0113d\u0113j\u0101m v\u0113l\u0113\u0161an\u0101m.<\/p>\n<blockquote>\n<p>L\u012bdz\u012bgi k\u0101 virkne Eiropas valstu, Ukrainas \u0101rlietu ministrs nor\u0101d\u012bja, ka Ukraina iest\u0101jas par turpm\u0101ku notikumu att\u012bst\u012bbu saska\u0146\u0101 ar starptautisko ties\u012bbu principiem, prioritiz\u0113jot demokr\u0101tiju, cilv\u0113kties\u012bbas un venecu\u0113lie\u0161u intereses.<\/p>\n<\/blockquote>\n<p>Savuk\u0101rt prezidents Zelenskis preses konferenc\u0113 pajokoja: &#8220;Ja jau t\u0101 dr\u012bkst izr\u012bkoties ar diktatoriem, tad ASV zina, ko vajadz\u0113tu dar\u012bt t\u0101l\u0101k&#8230;&#8221; Tas ac\u012bmredzot bija m\u0101jiens uz citiem, Ukrainai kaimi\u0146os eso\u0161iem diktatoriem.<\/p>\n<p>                    Valodas k\u013c\u016bda rakst\u0101?<\/p>\n<p class=\"d-none d-md-block\">Iez\u012bm\u0113jiet tekstu un spiediet Ctrl+Enter, lai nos\u016bt\u012btu labojamo teksta fragmentu redaktoram! Par faktu k\u013c\u016bd\u0101m l\u016bdzam zi\u0146ot e-past\u0101 <a href=\"https:\/\/www.lsm.lv\/cdn-cgi\/l\/email-protection\" class=\"__cf_email__\" data-cfemail=\"d9abbcbdb8b2bab0b3b899b5aab4f7b5af\" rel=\"nofollow noopener\" target=\"_blank\">[email\u00a0protected]<\/a>.<\/p>\n<p class=\"d-md-none\">Iez\u012bm\u0113jiet tekstu un spiediet uz Zi\u0146ot par k\u013c\u016bdu pogas, lai nos\u016bt\u012btu labojamo teksta fragmentu redaktoram!<\/p>\n<p>\n                    Zi\u0146ot par k\u013c\u016bdu\n                <\/p>\n","protected":false},"excerpt":{"rendered":"Ukrainas prezidents Volodimirs Zelenskis jauno 2026. gadu s\u0101cis ar pla\u0161\u0101m p\u0101rmai\u0146\u0101m gan sav\u0101 komand\u0101, gan vald\u012bbas sast\u0101v\u0101. Ukrain\u0101&hellip;\n","protected":false},"author":2,"featured_media":95568,"comment_status":"","ping_status":"","sticky":false,"template":"","format":"standard","meta":{"footnotes":""},"categories":[5],"tags":[23,28,29,32,33,22,30,31,35,39,38,36,37,34,40,20,26,27,24,25,21],"class_list":{"0":"post-95567","1":"post","2":"type-post","3":"status-publish","4":"format-standard","5":"has-post-thumbnail","7":"category-aktualitates","8":"tag-aktualitates","9":"tag-breaking-news","10":"tag-breakingnews","11":"tag-featured-news","12":"tag-featurednews","13":"tag-headlines","14":"tag-latest-news","15":"tag-latestnews","16":"tag-latvia","17":"tag-latvian","18":"tag-latviesu","19":"tag-latviesu-valoda","20":"tag-latviesuvaloda","21":"tag-latvija","22":"tag-lv","23":"tag-news","24":"tag-popularakas-zinas","25":"tag-popularakaszinas","26":"tag-top-stories","27":"tag-topstories","28":"tag-zinas"},"share_on_mastodon":{"url":"https:\/\/pubeurope.com\/@lv\/115844398682520822","error":""},"_links":{"self":[{"href":"https:\/\/www.europesays.com\/lv\/wp-json\/wp\/v2\/posts\/95567","targetHints":{"allow":["GET"]}}],"collection":[{"href":"https:\/\/www.europesays.com\/lv\/wp-json\/wp\/v2\/posts"}],"about":[{"href":"https:\/\/www.europesays.com\/lv\/wp-json\/wp\/v2\/types\/post"}],"author":[{"embeddable":true,"href":"https:\/\/www.europesays.com\/lv\/wp-json\/wp\/v2\/users\/2"}],"replies":[{"embeddable":true,"href":"https:\/\/www.europesays.com\/lv\/wp-json\/wp\/v2\/comments?post=95567"}],"version-history":[{"count":0,"href":"https:\/\/www.europesays.com\/lv\/wp-json\/wp\/v2\/posts\/95567\/revisions"}],"wp:featuredmedia":[{"embeddable":true,"href":"https:\/\/www.europesays.com\/lv\/wp-json\/wp\/v2\/media\/95568"}],"wp:attachment":[{"href":"https:\/\/www.europesays.com\/lv\/wp-json\/wp\/v2\/media?parent=95567"}],"wp:term":[{"taxonomy":"category","embeddable":true,"href":"https:\/\/www.europesays.com\/lv\/wp-json\/wp\/v2\/categories?post=95567"},{"taxonomy":"post_tag","embeddable":true,"href":"https:\/\/www.europesays.com\/lv\/wp-json\/wp\/v2\/tags?post=95567"}],"curies":[{"name":"wp","href":"https:\/\/api.w.org\/{rel}","templated":true}]}}