{"id":95569,"date":"2026-01-05T20:33:06","date_gmt":"2026-01-05T20:33:06","guid":{"rendered":"https:\/\/www.europesays.com\/lv\/95569\/"},"modified":"2026-01-05T20:33:06","modified_gmt":"2026-01-05T20:33:06","slug":"vacija-atrasta-jana-roberta-tillberga-glezna-latviesu-meitene-atgriezusies-latvija-un-tiks-izradita-ola-foundation-lente-lv","status":"publish","type":"post","link":"https:\/\/www.europesays.com\/lv\/95569\/","title":{"rendered":"V\u0101cij\u0101 atrasta J\u0101\u0146a Roberta Tillberga glezna &#8220;Latvie\u0161u meitene&#8221; atgriezusies Latvij\u0101 un tiks izr\u0101d\u012bta &#8220;Ola Foundation&#8221;\u00a0\u2014\u00a0Lente.lv"},"content":{"rendered":"<p>Glezna beidzot dzimten\u0113 p\u0113c 84 gadiem<\/p>\n<p>Kult\u016brtelp\u0101 \u201cOla Foundation\u201d notiks J\u0101\u0146a Roberta Tillberga gleznas \u201cLatvie\u0161u meitene\u201d izr\u0101d\u012b\u0161ana, kas p\u0113c 84 gadiem ir atgriezusies dzimten\u0113. K\u0101 inform\u0113 port\u0101ls jauns.lv, \u0161is notikums ir saist\u012bts ar \u201cPurv\u012b\u0161a muzeja\u201d akciju \u201cMekl\u0113t un atrast Purv\u012bti V\u0101cij\u0101\u201d. Glezna V\u0101cij\u0101 tika atrasta eksped\u012bcijas laik\u0101 \u0160l\u0113svig\u0101. T\u0101pat k\u0101 daudzi citi m\u0101kslas darbi, ar\u012b \u0161\u012b glezna tika izvesta no Latvijas Otr\u0101 pasaules kara laik\u0101, 1944. gad\u0101, kad b\u0113g\u013cu gait\u0101s no dzimtenes dev\u0101s Vilhelma Purv\u012b\u0161a \u0123imene, un da\u013ca vi\u0146u priv\u0101to mantu pazuda V\u0101cij\u0101. \u0160\u012b glezna ir dat\u0113ta ar 1942. gadu un tika uzskat\u012bta par leg\u0101li ieg\u0101d\u0101tu V\u0101cijas muzeja kr\u0101jum\u0101. T\u0101s atgrie\u0161ana Latvij\u0101 ir rezult\u0101ts sadarb\u012bbai ar \u0160l\u0113svigas muzeju.<\/p>\n<p>Tillberga un Purv\u012b\u0161a kop\u012bg\u0101s takas<\/p>\n<p>J\u0101nis Roberts Tillbergs (1880-1972) bija iev\u0113rojams latvie\u0161u gleznot\u0101js, grafi\u0137is un pedagogs, viens no akad\u0113misk\u0101 re\u0101lisma p\u0101rst\u0101vjiem Latvijas m\u0101ksl\u0101. Vi\u0146a rado\u0161\u0101 un profesion\u0101l\u0101 darb\u012bba ir cie\u0161i saist\u012bta ar t\u0101diem m\u0101kslas dz\u012bves notikumiem un person\u012bb\u0101m k\u0101 Vilhelms Purv\u012btis. Abi m\u0101kslinieki savulaik sadarboju\u0161ies, kad Purv\u012btis vad\u012bja R\u012bgas pils\u0113tas m\u0101kslas skolu un v\u0113l\u0101k Latvijas M\u0101kslas akad\u0113miju, aicinot Tillbergu pievienoties m\u0101c\u012bbsp\u0113ku sast\u0101vam. Akcij\u0101 \u201cMekl\u0113t un atrast Purv\u012bti V\u0101cij\u0101\u201d p\u0113tnieki, balstoties uz atslepenotiem Otr\u0101 pasaules kara milit\u0101rajiem dokumentiem, arh\u012bviem un periodikas izp\u0113ti, ir centu\u0161ies atrast kara laik\u0101 uz V\u0101ciju izvest\u0101s Vilhelma Purv\u012b\u0161a gleznas.<\/p>\n<p>\u012apa\u0161s atkl\u0101\u0161anas pas\u0101kums kult\u016brtelp\u0101 \u201cOla Foundation\u201d<\/p>\n<p>Glezna tiks izr\u0101d\u012bta divda\u013c\u012bg\u0101 pas\u0101kum\u0101, kas apvienos detekt\u012bvst\u0101stu un koncertu. Pas\u0101kuma pirmaj\u0101 da\u013c\u0101 akcijas \u201cMekl\u0113t un atrast Purv\u012bti V\u0101cij\u0101\u201d p\u0113tnieks J\u0101nis Hol\u0161teins \u2013 Upmanis (m\u016bzi\u0137is Goran Gora) dal\u012bsies ar inform\u0101ciju par Purv\u012b\u0161a gleznu mekl\u0113jumiem un atkl\u0101tajiem nosl\u0113pumiem. Detekt\u012bvst\u0101sta \u012bpa\u0161ie viesi b\u016bs m\u0101kslinieks Art. D. Ansis Rozent\u0101ls un LU profesore Jan\u012bna Kurs\u012bte \u2013 Pakule. Otr\u0101 pas\u0101kuma da\u013ca pied\u0101v\u0101s dziesmas no Goran Gora un fonda \u201cViegli\u201d repertu\u0101ra, k\u0101 ar\u012b \u012bpa\u0161u muzik\u0101lu p\u0101rsteigumu. Apmekl\u0113t\u0101jiem b\u016bs iesp\u0113ja iepaz\u012bties ar st\u0101stu par Vilhelma Purv\u012b\u0161a \u0123imenes izce\u013co\u0161anu no Latvijas 1944. gad\u0101, kuras laik\u0101 tika pazaud\u0113tas vi\u0146u priv\u0101t\u0101s mantas un vair\u0101ki simti meistardarbu V\u0101cij\u0101. Glezna kult\u016brtelp\u0101 \u201cOla Foundation\u201d b\u016bs apskat\u0101ma l\u012bdz 2026. gada 3. martam.<\/p>\n<p>Par J\u0101ni Robertu Tillbergu<\/p>\n<p>J\u0101nis Roberts Tillbergs bija noz\u012bm\u012bgs latvie\u0161u m\u0101kslinieks, kur\u0161 stud\u0113jis P\u0113terburgas M\u0101kslas akad\u0113mij\u0101. Vi\u0146\u0161 sevi pieteica ne tikai k\u0101 gleznot\u0101js, bet ar\u012b k\u0101 talant\u012bgs gr\u0101matu ilustrators, radot z\u012bm\u0113jumus Annas Brigaderes pasakai \u201cMisi\u0146b\u0101rdis\u201d. Tillberga dai\u013crad\u0113 domin\u0113 reprezentat\u012bvi portreti, ta\u010du vi\u0146\u0161 gleznojis ar\u012b ainavas un figur\u0101l\u0101s kompoz\u012bcijas. Vi\u0146\u0161 bija ar\u012b akt\u012bvs pedagogs, str\u0101d\u0101jot Latvijas M\u0101kslas akad\u0113mij\u0101 un vadot Figur\u0101l\u0101s glezniec\u012bbas meistardarbn\u012bcu. Tillberga dai\u013cradei rakstur\u012bgs akad\u0113miskais re\u0101lisms, ko papildin\u0101ju\u0161i j\u016bgendstila un klasisk\u0101s glezniec\u012bbas elementi.<\/p>\n<p>\u201cOla Foundation\u201d \u2013 kult\u016bras un m\u0101kslas centrs<\/p>\n<p>\u201cOla Foundation\u201d ir m\u016bsdien\u012bgs kult\u016bras, m\u0101kslas un izgl\u012bt\u012bbas centrs, kas atrodas R\u012bg\u0101, Og\u013cu iel\u0101 12a. \u0112ka, kas vizu\u0101li atg\u0101dina olu, ir arhitekta Ulda P\u012bl\u0113na projekts, un t\u0101 ir ieguvusi vair\u0101kas balvas, tostarp \u201cGada lab\u0101k\u0101 b\u016bve Latvij\u0101 2022\u201d Lielo balvu. Fonds \u201cOla Foundation\u201d iedvesmo izzin\u0101t sevi un pasauli caur m\u0101kslu, m\u016bziku un diskusij\u0101m. 2026. gada s\u0101kum\u0101 l\u012bdz\u0101s Tillberga gleznas izst\u0101dei, kult\u016brtelp\u0101 b\u016bs skat\u0101mas ar\u012b citas izst\u0101des, piem\u0113ram, m\u0101kslinieku grupas izst\u0101de \u201cPirmavoti\u201d un fotoizst\u0101de \u201cRedz\u0113t laiku \/ Seeing Time\u201d ar M\u0101ri Lo\u010dmeli. Pas\u0101kumi notiek 7. un 8. janv\u0101r\u012b, plkst. 19.00.<\/p>\n","protected":false},"excerpt":{"rendered":"Glezna beidzot dzimten\u0113 p\u0113c 84 gadiem Kult\u016brtelp\u0101 \u201cOla Foundation\u201d notiks J\u0101\u0146a Roberta Tillberga gleznas \u201cLatvie\u0161u meitene\u201d izr\u0101d\u012b\u0161ana, kas&hellip;\n","protected":false},"author":2,"featured_media":95570,"comment_status":"","ping_status":"","sticky":false,"template":"","format":"standard","meta":{"footnotes":""},"categories":[19],"tags":[89,90,23781,35,39,38,23782,36,37,34,40,23783,460,20499],"class_list":{"0":"post-95569","1":"post","2":"type-post","3":"status-publish","4":"format-standard","5":"has-post-thumbnail","7":"category-izklaide","8":"tag-entertainment","9":"tag-izklaide","10":"tag-janis-roberts-tillbergs","11":"tag-latvia","12":"tag-latvian","13":"tag-latviesu","14":"tag-latviesu-meitene","15":"tag-latviesu-valoda","16":"tag-latviesuvaloda","17":"tag-latvija","18":"tag-lv","19":"tag-meklet-un-atrast-purviti-vacija","20":"tag-ola-foundation","21":"tag-purvisa-muzejs"},"share_on_mastodon":{"url":"https:\/\/pubeurope.com\/@lv\/115844402710483907","error":""},"_links":{"self":[{"href":"https:\/\/www.europesays.com\/lv\/wp-json\/wp\/v2\/posts\/95569","targetHints":{"allow":["GET"]}}],"collection":[{"href":"https:\/\/www.europesays.com\/lv\/wp-json\/wp\/v2\/posts"}],"about":[{"href":"https:\/\/www.europesays.com\/lv\/wp-json\/wp\/v2\/types\/post"}],"author":[{"embeddable":true,"href":"https:\/\/www.europesays.com\/lv\/wp-json\/wp\/v2\/users\/2"}],"replies":[{"embeddable":true,"href":"https:\/\/www.europesays.com\/lv\/wp-json\/wp\/v2\/comments?post=95569"}],"version-history":[{"count":0,"href":"https:\/\/www.europesays.com\/lv\/wp-json\/wp\/v2\/posts\/95569\/revisions"}],"wp:featuredmedia":[{"embeddable":true,"href":"https:\/\/www.europesays.com\/lv\/wp-json\/wp\/v2\/media\/95570"}],"wp:attachment":[{"href":"https:\/\/www.europesays.com\/lv\/wp-json\/wp\/v2\/media?parent=95569"}],"wp:term":[{"taxonomy":"category","embeddable":true,"href":"https:\/\/www.europesays.com\/lv\/wp-json\/wp\/v2\/categories?post=95569"},{"taxonomy":"post_tag","embeddable":true,"href":"https:\/\/www.europesays.com\/lv\/wp-json\/wp\/v2\/tags?post=95569"}],"curies":[{"name":"wp","href":"https:\/\/api.w.org\/{rel}","templated":true}]}}