{"id":95574,"date":"2026-01-05T20:39:12","date_gmt":"2026-01-05T20:39:12","guid":{"rendered":"https:\/\/www.europesays.com\/lv\/95574\/"},"modified":"2026-01-05T20:39:12","modified_gmt":"2026-01-05T20:39:12","slug":"sestdien-notiks-atvadisanas-no-rakstnieces-ikstenas","status":"publish","type":"post","link":"https:\/\/www.europesays.com\/lv\/95574\/","title":{"rendered":"Sestdien notiks atvad\u012b\u0161an\u0101s no rakstnieces Ikstenas"},"content":{"rendered":"<p>Jau rakst\u012bts, ka Ikstena dev\u0101s m\u016b\u017e\u012bb\u0101 p\u0113c smagas slim\u012bbas 4. janv\u0101r\u012b.<\/p>\n<p>Ikstenas zin\u0101m\u0101kais liter\u0101rais darbs ir 2015. gad\u0101 s\u0113rij\u0101 &#8220;M\u0113s. Latvija, XX gadsimts&#8221; izdotais rom\u0101ns &#8220;M\u0101tes piens&#8221;, p\u0113c kura uz\u0146emta ar\u012b t\u0101da pa\u0161a nosaukuma filma. Rakstniece sarakst\u012bjusi septi\u0146us rom\u0101nus, ir vair\u0101ku st\u0101stu kr\u0101jumu, biogr\u0101fiju un eseju autore.<\/p>\n<p>Ikstena sa\u0146\u0113musi noz\u012bm\u012bgus starptautiska un viet\u0113j\u0101 m\u0113roga apbalvojumus, tostarp Latvijas Literat\u016bras gada balvu un Izcil\u012bbas balvu kult\u016br\u0101. Rakstnieces darbi non\u0101ku\u0161i ar\u012b uz kino ekr\u0101niem un te\u0101tra skatuv\u0113m.<\/p>\n<p>1992. gad\u0101 Ikstena absolv\u0113jusi latvie\u0161u filolo\u0123iju Latvijas Universit\u0101t\u0113, bet no 1994. l\u012bdz 1995. gadam stud\u0113jusi ang\u013cu valodu un literat\u016bru Kolumbijas universit\u0101t\u0113 Mis\u016bri, liecina a\u0123ent\u016bras LETA arh\u012bvs.<\/p>\n<p>Ikstena debit\u0113ja literat\u016br\u0101 ar pirmskara rakstnieces un politi\u0137es Annas R\u016bmanes-\u0136eni\u0146as biogr\u0101fiju, kam sekoja divi st\u0101stu kr\u0101jumi. Vi\u0146a sarakst\u012bjusi biogr\u0101fiskas gr\u0101matas ar\u012b par Bruni Rubesu, Viju V\u0113tru un M\u0101ru Z\u0101l\u012bti. Izdoti rom\u0101ni &#8220;Dz\u012bves svin\u0113\u0161ana&#8221; (1998) un &#8220;Jaunavas m\u0101c\u012bba&#8221; (2001). 2004. gad\u0101 izn\u0101cis st\u0101stu kr\u0101jums &#8220;Dz\u012bves st\u0101sti&#8221;, bet 2006. gad\u0101 sadarb\u012bb\u0101 ar dzejnieku Imantu Ziedoni sarakst\u012bts biogr\u0101fisks darbs &#8220;Nenoteikt\u0101 bija&#8221;.<\/p>\n","protected":false},"excerpt":{"rendered":"Jau rakst\u012bts, ka Ikstena dev\u0101s m\u016b\u017e\u012bb\u0101 p\u0113c smagas slim\u012bbas 4. janv\u0101r\u012b. Ikstenas zin\u0101m\u0101kais liter\u0101rais darbs ir 2015. gad\u0101&hellip;\n","protected":false},"author":2,"featured_media":95575,"comment_status":"","ping_status":"","sticky":false,"template":"","format":"standard","meta":{"footnotes":""},"categories":[19],"tags":[89,90,35,39,38,36,37,34,40,23512],"class_list":{"0":"post-95574","1":"post","2":"type-post","3":"status-publish","4":"format-standard","5":"has-post-thumbnail","7":"category-izklaide","8":"tag-entertainment","9":"tag-izklaide","10":"tag-latvia","11":"tag-latvian","12":"tag-latviesu","13":"tag-latviesu-valoda","14":"tag-latviesuvaloda","15":"tag-latvija","16":"tag-lv","17":"tag-nora-ikstena"},"share_on_mastodon":{"url":"https:\/\/pubeurope.com\/@lv\/115844426260463597","error":""},"_links":{"self":[{"href":"https:\/\/www.europesays.com\/lv\/wp-json\/wp\/v2\/posts\/95574","targetHints":{"allow":["GET"]}}],"collection":[{"href":"https:\/\/www.europesays.com\/lv\/wp-json\/wp\/v2\/posts"}],"about":[{"href":"https:\/\/www.europesays.com\/lv\/wp-json\/wp\/v2\/types\/post"}],"author":[{"embeddable":true,"href":"https:\/\/www.europesays.com\/lv\/wp-json\/wp\/v2\/users\/2"}],"replies":[{"embeddable":true,"href":"https:\/\/www.europesays.com\/lv\/wp-json\/wp\/v2\/comments?post=95574"}],"version-history":[{"count":0,"href":"https:\/\/www.europesays.com\/lv\/wp-json\/wp\/v2\/posts\/95574\/revisions"}],"wp:featuredmedia":[{"embeddable":true,"href":"https:\/\/www.europesays.com\/lv\/wp-json\/wp\/v2\/media\/95575"}],"wp:attachment":[{"href":"https:\/\/www.europesays.com\/lv\/wp-json\/wp\/v2\/media?parent=95574"}],"wp:term":[{"taxonomy":"category","embeddable":true,"href":"https:\/\/www.europesays.com\/lv\/wp-json\/wp\/v2\/categories?post=95574"},{"taxonomy":"post_tag","embeddable":true,"href":"https:\/\/www.europesays.com\/lv\/wp-json\/wp\/v2\/tags?post=95574"}],"curies":[{"name":"wp","href":"https:\/\/api.w.org\/{rel}","templated":true}]}}