{"id":95578,"date":"2026-01-05T20:42:13","date_gmt":"2026-01-05T20:42:13","guid":{"rendered":"https:\/\/www.europesays.com\/lv\/95578\/"},"modified":"2026-01-05T20:42:13","modified_gmt":"2026-01-05T20:42:13","slug":"somu-lici-bojats-sakaru-kabelis-starp-igauniju-un-somiju-aizturets-kugis-lente-lv","status":"publish","type":"post","link":"https:\/\/www.europesays.com\/lv\/95578\/","title":{"rendered":"Somu l\u012bc\u012b boj\u0101ts sakaru kabelis starp Igauniju un Somiju; aiztur\u0113ts ku\u0123is\u00a0\u2014\u00a0Lente.lv"},"content":{"rendered":"<p>Sakaru kabe\u013ca boj\u0101jums Somu l\u012bc\u012b<\/p>\n<p>\u0160or\u012bt, 31. decembr\u012b, Somu l\u012bc\u012b, Igaunijas ekskluz\u012bvaj\u0101 ekonomiskaj\u0101 zon\u0101, tika konstat\u0113ts p\u0101rr\u0101vums sakaru kabe\u013ca savienojum\u0101 starp Igauniju un Somiju. K\u0101 inform\u0113 Latvijas Sabiedriskie Mediji, par incidentu pazi\u0146ojis Somijas telesakaru uz\u0146\u0113mums &#8220;Elisa&#8221;. Boj\u0101tais kabelis ir kritiski svar\u012bga infrastrukt\u016bra, kas nodro\u0161ina datu p\u0101rraidi starp ab\u0101m valst\u012bm.<\/p>\n<p>Aiztur\u0113ts aizdom\u0101s tur\u0113tais ku\u0123is<\/p>\n<p>Notikuma apst\u0101k\u013cu noskaidro\u0161anai Somijas un Igaunijas varasiest\u0101des uzs\u0101ku\u0161as izmekl\u0113\u0161anu. Somijas robe\u017esardze, rea\u0123\u0113jot uz boj\u0101juma konstat\u0113\u0161anu, aiztur\u0113jusi ku\u0123i, kas atradies tuvum\u0101. Ku\u0123is ar nosaukumu &#8220;Fitburg&#8221;, kas peld\u0113jis zem Sentvinsentas un Grenad\u012bnu karoga, tika fiks\u0113ts Somijas ekskluz\u012bvaj\u0101 ekonomiskaj\u0101 zon\u0101 ar nolaistu enkuru, kas liecina par iesp\u0113jamu kabe\u013ca boj\u0101\u0161anu. Ku\u0123a apkalpe, kas sast\u0101v no 14 person\u0101m, tostarp pilso\u0146iem no Krievijas, Gruzijas, Kazahst\u0101nas un Azerbaid\u017e\u0101nas, tiek nopratin\u0101ta. Ku\u0123is bija izbraucis no Sanktp\u0113terburgas, Krievijas, un devies uz Haifu, Izra\u0113lu.<\/p>\n<p>Vair\u0101ki sakaru kabe\u013cu boj\u0101jumi Baltijas j\u016br\u0101<\/p>\n<p>\u0160is nav pirmais gad\u012bjums, kad Baltijas j\u016bras re\u0123ion\u0101 tiek boj\u0101ti zem\u016bdens sakaru kabe\u013ci. Saska\u0146\u0101 ar Igaunijas Tieslietu un digit\u0101lo lietu ministrijas sniegto inform\u0101ciju, p\u0113d\u0113jo dienu laik\u0101 ir boj\u0101ti kopum\u0101 \u010detri sakaru kabe\u013ci, kas savieno Igauniju ar \u0101rvalst\u012bm, k\u0101 ar\u012b viens kabelis starp H\u012bjum\u0101 salu un kontinent\u0101lo da\u013cu. \u0160\u0101di incidenti pastiprina ba\u017eas par zem\u016bdens kabe\u013cu dro\u0161\u012bbu un kritiski svar\u012bgas infrastrukt\u016bras aizsardz\u012bbu re\u0123ion\u0101, \u012bpa\u0161i \u0146emot v\u0113r\u0101 pastiprin\u0101to uzman\u012bbu pret iesp\u0113jamu sabot\u0101\u017eu k\u0101 hibr\u012bdkara sast\u0101vda\u013cu.<\/p>\n<p>Starptautisk\u0101 sadarb\u012bba un izmekl\u0113\u0161anas gaita<\/p>\n<p>Helsinku policija ir s\u0101kusi izmekl\u0113\u0161anu par iesp\u0113jamiem pastiprin\u0101tiem krimin\u0101liem boj\u0101jumiem un sakaru trauc\u0113jumiem. Somijas un Igaunijas varasiest\u0101des cie\u0161i sadarbojas, lai izlemtu, vai uzs\u0101kt atsevi\u0161\u0137us krimin\u0101lprocesus vai turpin\u0101t kop\u012bgu tiesved\u012bbu. Somijas prezidents Aleksandrs Stubs uzsv\u0113ris valsts gatav\u012bbu da\u017e\u0101da veida dro\u0161\u012bbas izaicin\u0101jumiem un rea\u0123\u0113t uz tiem, kad tas ir nepiecie\u0161ams.<\/p>\n<p>Ietekme uz datu savienojumiem<\/p>\n<p>Lai gan incidents noticis Igaunijas \u016bde\u0146os, tie\u0161i Somijas varasiest\u0101des veic izmekl\u0113\u0161anu. S\u0101kotn\u0113j\u0101 inform\u0101cija liecina, ka boj\u0101jums nav b\u016btiski ietekm\u0113jis datu savienojumus Igaunij\u0101, jo tie ir nodro\u0161in\u0101ti ar\u012b ar citiem zem\u016bdens un sauszemes kabe\u013ciem. Tom\u0113r \u0161\u0101di notikumi aktualiz\u0113 nepiecie\u0161am\u012bbu stiprin\u0101t kritiski svar\u012bgas infrastrukt\u016bras dro\u0161\u012bbu Baltijas j\u016bras re\u0123ion\u0101.<\/p>\n","protected":false},"excerpt":{"rendered":"Sakaru kabe\u013ca boj\u0101jums Somu l\u012bc\u012b \u0160or\u012bt, 31. decembr\u012b, Somu l\u012bc\u012b, Igaunijas ekskluz\u012bvaj\u0101 ekonomiskaj\u0101 zon\u0101, tika konstat\u0113ts p\u0101rr\u0101vums sakaru&hellip;\n","protected":false},"author":2,"featured_media":95579,"comment_status":"","ping_status":"","sticky":false,"template":"","format":"standard","meta":{"footnotes":""},"categories":[14],"tags":[23,57,28,29,32,33,22,73,1935,30,31,35,39,38,36,37,34,40,20,26,27,23140,490,9847,24,25,54,55,56,21,58],"class_list":{"0":"post-95578","1":"post","2":"type-post","3":"status-publish","4":"format-standard","5":"has-post-thumbnail","7":"category-zinas-no-arvalstim","8":"tag-aktualitates","9":"tag-arvalstim","10":"tag-breaking-news","11":"tag-breakingnews","12":"tag-featured-news","13":"tag-featurednews","14":"tag-headlines","15":"tag-igaunija","16":"tag-kugis","17":"tag-latest-news","18":"tag-latestnews","19":"tag-latvia","20":"tag-latvian","21":"tag-latviesu","22":"tag-latviesu-valoda","23":"tag-latviesuvaloda","24":"tag-latvija","25":"tag-lv","26":"tag-news","27":"tag-popularakas-zinas","28":"tag-popularakaszinas","29":"tag-sakaru-kabelis","30":"tag-somija","31":"tag-somu-licis","32":"tag-top-stories","33":"tag-topstories","34":"tag-world","35":"tag-world-news","36":"tag-worldnews","37":"tag-zinas","38":"tag-zinas-no-arvalstim"},"share_on_mastodon":{"url":"https:\/\/pubeurope.com\/@lv\/115844438006429906","error":""},"_links":{"self":[{"href":"https:\/\/www.europesays.com\/lv\/wp-json\/wp\/v2\/posts\/95578","targetHints":{"allow":["GET"]}}],"collection":[{"href":"https:\/\/www.europesays.com\/lv\/wp-json\/wp\/v2\/posts"}],"about":[{"href":"https:\/\/www.europesays.com\/lv\/wp-json\/wp\/v2\/types\/post"}],"author":[{"embeddable":true,"href":"https:\/\/www.europesays.com\/lv\/wp-json\/wp\/v2\/users\/2"}],"replies":[{"embeddable":true,"href":"https:\/\/www.europesays.com\/lv\/wp-json\/wp\/v2\/comments?post=95578"}],"version-history":[{"count":0,"href":"https:\/\/www.europesays.com\/lv\/wp-json\/wp\/v2\/posts\/95578\/revisions"}],"wp:featuredmedia":[{"embeddable":true,"href":"https:\/\/www.europesays.com\/lv\/wp-json\/wp\/v2\/media\/95579"}],"wp:attachment":[{"href":"https:\/\/www.europesays.com\/lv\/wp-json\/wp\/v2\/media?parent=95578"}],"wp:term":[{"taxonomy":"category","embeddable":true,"href":"https:\/\/www.europesays.com\/lv\/wp-json\/wp\/v2\/categories?post=95578"},{"taxonomy":"post_tag","embeddable":true,"href":"https:\/\/www.europesays.com\/lv\/wp-json\/wp\/v2\/tags?post=95578"}],"curies":[{"name":"wp","href":"https:\/\/api.w.org\/{rel}","templated":true}]}}