{"id":95586,"date":"2026-01-05T20:48:06","date_gmt":"2026-01-05T20:48:06","guid":{"rendered":"https:\/\/www.europesays.com\/lv\/95586\/"},"modified":"2026-01-05T20:48:06","modified_gmt":"2026-01-05T20:48:06","slug":"jadara-vairak-lai-krievvalodigie-parietu-uz-ukrainu-valodu-raksts","status":"publish","type":"post","link":"https:\/\/www.europesays.com\/lv\/95586\/","title":{"rendered":"J\u0101dara vair\u0101k, lai krievvalod\u012bgie p\u0101rietu uz ukrai\u0146u valodu \/ Raksts"},"content":{"rendered":"<p>Ukrainiz\u0101cijas potenci\u0101ls, kas uzplaiksn\u012bja 2022. gad\u0101 l\u012bdz ar Krievijas pilna m\u0113roga iebrukumu Ukrain\u0101, ir izsmelts. Tagad ir nepiecie\u0161ami pragmatisk\u0101ki argumenti, lai Ukrainas krievvalod\u012bgie iedz\u012bvot\u0101ji p\u0101rietu uz ukrai\u0146u valodu. T\u0101 secin\u0101jusi Valsts valodas aizsardz\u012bbas komis\u0101re Olena Ivanovska.\u00a0<\/p>\n<blockquote>\n<p>Ombuds ar\u012b nor\u0101d\u012bjis, ka gadu gait\u0101 arvien vair\u0101k pilso\u0146u ukrai\u0146u valodu sauc par savu dzimto valodu un liel\u0101koties atbalsta radik\u0101las ukrainiz\u0101cijas politikas pas\u0101kumus.\u00a0<\/p>\n<\/blockquote>\n<p>K\u0101 skaidro Valsts valodas aizsardz\u012bbas komis\u0101re Ivanovska, p\u0113c Krievijas iebrukuma ukrai\u0146i jut\u0101s atbild\u012bgi par dro\u0161\u012bbu un v\u0101rdi krievu valod\u0101 ukrai\u0146os izrais\u012bja ne tikai noliegumu, bet ar\u012b re\u0101lu briesmu saj\u016btu un lika b\u016bt modriem, piespie\u017eot cilv\u0113kus, kuriem krievu valoda bija dzimt\u0101 valoda, p\u0101riet uz ukrai\u0146u valodu.<\/p>\n<p>Ta\u010du \u0161obr\u012bd, k\u0101 liecina statistikas dati, \u0161is potenci\u0101ls esot izsmelts. Tagad nepiecie\u0161ams atrast pieeju, k\u0101 p\u0101rliecin\u0101t krievvalod\u012bgos p\u0101riet uz valsts valodu, v\u0113r\u0161ot uzman\u012bbu uz ieguvumiem.<\/p>\n<p>                    Valodas k\u013c\u016bda rakst\u0101?<\/p>\n<p class=\"d-none d-md-block\">Iez\u012bm\u0113jiet tekstu un spiediet Ctrl+Enter, lai nos\u016bt\u012btu labojamo teksta fragmentu redaktoram! Par faktu k\u013c\u016bd\u0101m l\u016bdzam zi\u0146ot e-past\u0101 <a href=\"https:\/\/www.lsm.lv\/cdn-cgi\/l\/email-protection\" class=\"__cf_email__\" data-cfemail=\"235146474248404a4942634f504e0d4f55\" rel=\"nofollow noopener\" target=\"_blank\">[email\u00a0protected]<\/a>.<\/p>\n<p class=\"d-md-none\">Iez\u012bm\u0113jiet tekstu un spiediet uz Zi\u0146ot par k\u013c\u016bdu pogas, lai nos\u016bt\u012btu labojamo teksta fragmentu redaktoram!<\/p>\n<p>\n                    Zi\u0146ot par k\u013c\u016bdu\n                <\/p>\n","protected":false},"excerpt":{"rendered":"Ukrainiz\u0101cijas potenci\u0101ls, kas uzplaiksn\u012bja 2022. gad\u0101 l\u012bdz ar Krievijas pilna m\u0113roga iebrukumu Ukrain\u0101, ir izsmelts. Tagad ir nepiecie\u0161ami&hellip;\n","protected":false},"author":2,"featured_media":95587,"comment_status":"","ping_status":"","sticky":false,"template":"","format":"standard","meta":{"footnotes":""},"categories":[14],"tags":[23,57,28,29,32,33,22,30,31,35,39,38,36,37,34,40,20,26,27,24,25,54,55,56,21,58],"class_list":{"0":"post-95586","1":"post","2":"type-post","3":"status-publish","4":"format-standard","5":"has-post-thumbnail","7":"category-zinas-no-arvalstim","8":"tag-aktualitates","9":"tag-arvalstim","10":"tag-breaking-news","11":"tag-breakingnews","12":"tag-featured-news","13":"tag-featurednews","14":"tag-headlines","15":"tag-latest-news","16":"tag-latestnews","17":"tag-latvia","18":"tag-latvian","19":"tag-latviesu","20":"tag-latviesu-valoda","21":"tag-latviesuvaloda","22":"tag-latvija","23":"tag-lv","24":"tag-news","25":"tag-popularakas-zinas","26":"tag-popularakaszinas","27":"tag-top-stories","28":"tag-topstories","29":"tag-world","30":"tag-world-news","31":"tag-worldnews","32":"tag-zinas","33":"tag-zinas-no-arvalstim"},"share_on_mastodon":{"url":"https:\/\/pubeurope.com\/@lv\/115844461609017686","error":""},"_links":{"self":[{"href":"https:\/\/www.europesays.com\/lv\/wp-json\/wp\/v2\/posts\/95586","targetHints":{"allow":["GET"]}}],"collection":[{"href":"https:\/\/www.europesays.com\/lv\/wp-json\/wp\/v2\/posts"}],"about":[{"href":"https:\/\/www.europesays.com\/lv\/wp-json\/wp\/v2\/types\/post"}],"author":[{"embeddable":true,"href":"https:\/\/www.europesays.com\/lv\/wp-json\/wp\/v2\/users\/2"}],"replies":[{"embeddable":true,"href":"https:\/\/www.europesays.com\/lv\/wp-json\/wp\/v2\/comments?post=95586"}],"version-history":[{"count":0,"href":"https:\/\/www.europesays.com\/lv\/wp-json\/wp\/v2\/posts\/95586\/revisions"}],"wp:featuredmedia":[{"embeddable":true,"href":"https:\/\/www.europesays.com\/lv\/wp-json\/wp\/v2\/media\/95587"}],"wp:attachment":[{"href":"https:\/\/www.europesays.com\/lv\/wp-json\/wp\/v2\/media?parent=95586"}],"wp:term":[{"taxonomy":"category","embeddable":true,"href":"https:\/\/www.europesays.com\/lv\/wp-json\/wp\/v2\/categories?post=95586"},{"taxonomy":"post_tag","embeddable":true,"href":"https:\/\/www.europesays.com\/lv\/wp-json\/wp\/v2\/tags?post=95586"}],"curies":[{"name":"wp","href":"https:\/\/api.w.org\/{rel}","templated":true}]}}