{"id":95595,"date":"2026-01-05T21:02:08","date_gmt":"2026-01-05T21:02:08","guid":{"rendered":"https:\/\/www.europesays.com\/lv\/95595\/"},"modified":"2026-01-05T21:02:08","modified_gmt":"2026-01-05T21:02:08","slug":"policija-neizsledz-iespeju-ka-sakaru-kabelis-bojats-laikapstaklu-ietekme","status":"publish","type":"post","link":"https:\/\/www.europesays.com\/lv\/95595\/","title":{"rendered":"Policija neizsl\u0113dz iesp\u0113ju, ka sakaru kabelis boj\u0101ts laikapst\u0101k\u013cu ietekm\u0113"},"content":{"rendered":"<p>Vienlaikus turpin\u0101s izmekl\u0113\u0161ana krimin\u0101lproces\u0101, tostarp tiek noskaidroti apst\u0101k\u013ci.<\/p>\n<p>Optiskais kabelis Palanga (Svent\u0101ja)-Liep\u0101ja Baltijas j\u016br\u0101 net\u0101lu no Liep\u0101jas tika boj\u0101ts aizvad\u012btaj\u0101 ned\u0113\u013c\u0101.<\/p>\n<p>Boj\u0101jums nav ietekm\u0113jis pat\u0113r\u0113t\u0101jus ne Latvij\u0101, ne Lietuv\u0101.<\/p>\n<p>Par k\u0101dam priv\u0101tuz\u0146\u0113mumam piedero\u0161a optisk\u0101s \u0161\u0137iedras kabe\u013ca boj\u0101jumu inform\u0101cija sa\u0146emta no Lietuvas. Incidents noticis Latvijas teritori\u0101lajos \u016bde\u0146os 2. janv\u0101r\u012b.<\/p>\n<p>Publiski pieejam\u0101 inform\u0101cija liecina, ka kabelis Palanga (Svent\u0101ja)-Liep\u0101ja darbojas kop\u0161 1995. gada, un t\u0101 \u012bpa\u0161nieks ir Zviedrijas pensijas fondu p\u0101rvald\u012btajai komp\u0101nijai &#8220;Polhem Infra&#8221; piedero\u0161ais telekomunik\u0101ciju operators &#8220;Arelion&#8221;. \u0160im uz\u0146\u0113mumam pieder ar\u012b kabelis, kas Svent\u0101ju savieno ar Zviedrijas Gotlandes salu, un tas tika boj\u0101ts 2025. gada pavasar\u012b.<\/p>\n<p>LETA ar\u012b zi\u0146oja, ka 2025. gada 26. janv\u0101ra agr\u0101 r\u012bt\u0101 Baltijas j\u016br\u0101 tika boj\u0101ts VAS &#8220;Latvijas Valsts radio un telev\u012bzijas centrs&#8221; (LVRTC) zem\u016bdens optisko \u0161\u0137iedru kabelis posm\u0101 Ventspils-Gotlande. Kabelim boj\u0101jums tika konstat\u0113ts Zviedrijas ekonomiskajos \u016bde\u0146os aptuveni 130 kilometrus no Latvijas piekrastes. Ar\u012b par \u0161o gad\u012bjumu Latvijas policij\u0101 tika s\u0101kts krimin\u0101lprocess, un, k\u0101 5. janv\u0101r\u012b a\u0123ent\u016brai LETA nor\u0101d\u012bja VP, liet\u0101 turpin\u0101s izmekl\u0113\u0161ana.<\/p>\n<p>Saist\u012bb\u0101 ar kabe\u013ca boj\u0101\u0161anu Zviedrijas varasiest\u0101des bija aiztur\u0113ju\u0161as zem Maltas karoga ku\u0123ojo\u0161o sauskravu ku\u0123i &#8220;Vezhen&#8221;.<\/p>\n<p>Ku\u0123a \u012bpa\u0161nieks &#8220;Navigation Maritime Bulgares&#8221; noliedza apzin\u0101tu kabe\u013ca saboj\u0101\u0161anu, k\u0101 ar\u012b Zviedrijas prokurat\u016bra v\u0113l\u0101k noraid\u012bja sabot\u0101\u017eas iesp\u0113jam\u012bbu kabe\u013ca boj\u0101jum\u0101 un pazi\u0146oja, ka atbr\u012bvo &#8220;Vezhen&#8221;, vienlaikus gan atz\u012bstot, ka tas izrais\u012bja \u0161o boj\u0101jumu.<\/p>\n<p>Zviedrijas prokurors Matss Ljungkvists skaidroja, ka kabe\u013ca boj\u0101jumu izrais\u012bja nelabv\u0113l\u012bgu apst\u0101k\u013cu kombin\u0101cija &#8211; laika apst\u0101k\u013ci, nepiln\u012bbas apr\u012bkojum\u0101 un ku\u0123niec\u012bbas zin\u0101\u0161anu tr\u016bkums.<\/p>\n<p>LVRTC j\u016bras optisk\u0101 kabe\u013ca boj\u0101juma nov\u0113r\u0161ana izmaks\u0101jusi teju 500 000 eiro.<\/p>\n","protected":false},"excerpt":{"rendered":"Vienlaikus turpin\u0101s izmekl\u0113\u0161ana krimin\u0101lproces\u0101, tostarp tiek noskaidroti apst\u0101k\u013ci. Optiskais kabelis Palanga (Svent\u0101ja)-Liep\u0101ja Baltijas j\u016br\u0101 net\u0101lu no Liep\u0101jas tika&hellip;\n","protected":false},"author":2,"featured_media":95596,"comment_status":"","ping_status":"","sticky":false,"template":"","format":"standard","meta":{"footnotes":""},"categories":[5],"tags":[23,28,29,32,33,22,23742,4145,30,31,35,39,38,36,37,34,40,20,26,27,24,25,21],"class_list":{"0":"post-95595","1":"post","2":"type-post","3":"status-publish","4":"format-standard","5":"has-post-thumbnail","7":"category-aktualitates","8":"tag-aktualitates","9":"tag-breaking-news","10":"tag-breakingnews","11":"tag-featured-news","12":"tag-featurednews","13":"tag-headlines","14":"tag-juras-kabelis","15":"tag-kabelis","16":"tag-latest-news","17":"tag-latestnews","18":"tag-latvia","19":"tag-latvian","20":"tag-latviesu","21":"tag-latviesu-valoda","22":"tag-latviesuvaloda","23":"tag-latvija","24":"tag-lv","25":"tag-news","26":"tag-popularakas-zinas","27":"tag-popularakaszinas","28":"tag-top-stories","29":"tag-topstories","30":"tag-zinas"},"share_on_mastodon":{"url":"https:\/\/pubeurope.com\/@lv\/115844516592511436","error":""},"_links":{"self":[{"href":"https:\/\/www.europesays.com\/lv\/wp-json\/wp\/v2\/posts\/95595","targetHints":{"allow":["GET"]}}],"collection":[{"href":"https:\/\/www.europesays.com\/lv\/wp-json\/wp\/v2\/posts"}],"about":[{"href":"https:\/\/www.europesays.com\/lv\/wp-json\/wp\/v2\/types\/post"}],"author":[{"embeddable":true,"href":"https:\/\/www.europesays.com\/lv\/wp-json\/wp\/v2\/users\/2"}],"replies":[{"embeddable":true,"href":"https:\/\/www.europesays.com\/lv\/wp-json\/wp\/v2\/comments?post=95595"}],"version-history":[{"count":0,"href":"https:\/\/www.europesays.com\/lv\/wp-json\/wp\/v2\/posts\/95595\/revisions"}],"wp:featuredmedia":[{"embeddable":true,"href":"https:\/\/www.europesays.com\/lv\/wp-json\/wp\/v2\/media\/95596"}],"wp:attachment":[{"href":"https:\/\/www.europesays.com\/lv\/wp-json\/wp\/v2\/media?parent=95595"}],"wp:term":[{"taxonomy":"category","embeddable":true,"href":"https:\/\/www.europesays.com\/lv\/wp-json\/wp\/v2\/categories?post=95595"},{"taxonomy":"post_tag","embeddable":true,"href":"https:\/\/www.europesays.com\/lv\/wp-json\/wp\/v2\/tags?post=95595"}],"curies":[{"name":"wp","href":"https:\/\/api.w.org\/{rel}","templated":true}]}}