{"id":95597,"date":"2026-01-05T21:08:11","date_gmt":"2026-01-05T21:08:11","guid":{"rendered":"https:\/\/www.europesays.com\/lv\/95597\/"},"modified":"2026-01-05T21:08:11","modified_gmt":"2026-01-05T21:08:11","slug":"2009-gada-dzimusais-deniss-zodziks-atrasts-miris-1188-lv","status":"publish","type":"post","link":"https:\/\/www.europesays.com\/lv\/95597\/","title":{"rendered":"2009. gad\u0101 dzimu\u0161ais Deniss \u017dod\u017eiks atrasts miris &#8211; 1188.lv"},"content":{"rendered":"<ol>\n<li><a href=\"https:\/\/news.google.com\/rss\/articles\/CBMihwFBVV95cUxQdndGd3FwNXdPZG0wN2NLNWpremlEdjJlM25jTTVLaUc5QUdjQ3dmMGF4TERIT2RMaUFkWUdzZzBxWlc3VmZfQllNVHZlSktKZW9BUXl0VEhwc2pPN3R0UlFqZkx0NkhVT3lsZUxzWkNGbHowNDFxZDhUUl9Ydzl5bUQtYWgtdk0?oc=5\" target=\"_blank\" rel=\"nofollow noopener\">2009. gad\u0101 dzimu\u0161ais Deniss \u017dod\u017eiks atrasts miris<\/a>&nbsp;&nbsp;1188.lv<\/li>\n<li><a href=\"https:\/\/news.google.com\/rss\/articles\/CBMivwFBVV95cUxQd0dXRlJUSXRVckY1QmctQlFPVjBiYWF4MUpHajhQM1ZCeHF6RUVUSDBxM3pZbkpQRHpZYUhLOVd2V2tWUWVITmk3R0w3aFAyYzB1aTNISDN3bThOS09GNk9ZVFV3LVVNOWdyMm5wVzdYZE5TOUZvMHpvLXZ3S1RsZ1JCUDFLTFJFMGtaSW1ucE5MUEpVMGxVZXMyTUtmcEtRWXh1RUxNeHpWZVVodlM2NEIxNmNoOFVSeDNZWlh5NA?oc=5\" target=\"_blank\" rel=\"nofollow noopener\">Tra\u0123iski Jaunais gads ies\u0101cies Daugavpil\u012b &#8211; bezv\u0113sts pazudu\u0161ais pusaudzis atrasts miris<\/a>&nbsp;&nbsp;Jauns.lv<\/li>\n<li><a href=\"https:\/\/news.google.com\/rss\/articles\/CBMioAFBVV95cUxOc1hIS1JmVlZhM2tZTVpUZmxMd0dWVk5FVnluRkJZMVROa1lmLTlxQk9jTkgzOXZEMUdLbURjU3hyTFJWM0ZJYmdWUExvMmZrbkJiUC16ZnN6U0plMzZwZ2VuUVBhN09vMnN6bHpPeTU1cmpJLTdqQ1A5TEw4c3J5Q01QbWhEMmNpTWdJTkNXUnI3eUh2d2FXaUpJU1R0cDlf?oc=5\" target=\"_blank\" rel=\"nofollow noopener\">\u013boti b\u0113d\u012bga zi\u0146a &#8211; atrasts miris vakar pazudu\u0161ais jaunietis<\/a>&nbsp;&nbsp;Inbox.lv<\/li>\n<li><a href=\"https:\/\/news.google.com\/rss\/articles\/CBMipwFBVV95cUxORTVzcTdaM0lILXRJRE5heXVqNERvQ3RaUWg2MHVCSVlwS2hucE9EX0JETmRSQVM5QjdOdDJQV0xmMk5MSndWblNtQkhHdEZwbW9KSU10dmt1ZThKdEdKVVVxQ29aRnpaSERhcTFRemNvVHFHNVFqM0U3UTZMY3EtZ2g4NTR1a0dXcExkeWMwSWk3VnduMS13ZXMxRE02dVJCbldaMV9SWQ?oc=5\" target=\"_blank\" rel=\"nofollow noopener\">Valsts policija mekl\u0113 bezv\u0113sts promb\u016btn\u0113 eso\u0161o Denisu \u017dod\u017eiku<\/a>&nbsp;&nbsp;Latgales Laiks<\/li>\n<li><a href=\"https:\/\/news.google.com\/rss\/articles\/CBMiuwFBVV95cUxON0J2VkFDQjlmVTJrdHAwakJhS1RYanRaWnotaEZKZmlPcktlcXdpREhGNG5QQlFrcXhpdERocUtuWm5naFVSRllJMEVxaVZvVThCSE9iTV9FSS1tMlFFQkpYcDllNlRXQ012aWFwb3JyOVNOWlBmeDNKWmctVHlPdTJ1aTB5b29ESFptUmctOVB0YXVZUm15NEo0U3lPeTZaTU9PUWdzM0pIY2JHMlNHbWVFUkNuWXlLMEVN?oc=5\" target=\"_blank\" rel=\"nofollow noopener\">Daugavpil\u012b atrasts miru\u0161ais mekl\u0113tais jaunietis Deniss \u017dod\u017eiks<\/a>&nbsp;&nbsp;Lente.lv<\/li>\n<\/ol>\n","protected":false},"excerpt":{"rendered":"2009. gad\u0101 dzimu\u0161ais Deniss \u017dod\u017eiks atrasts miris&nbsp;&nbsp;1188.lv Tra\u0123iski Jaunais gads ies\u0101cies Daugavpil\u012b &#8211; bezv\u0113sts pazudu\u0161ais pusaudzis atrasts miris&nbsp;&nbsp;Jauns.lv&hellip;\n","protected":false},"author":2,"featured_media":95598,"comment_status":"","ping_status":"","sticky":false,"template":"","format":"standard","meta":{"footnotes":""},"categories":[5],"tags":[129,4669,1276,23,28,29,32,33,22,30,31,35,39,38,36,37,34,40,20,26,27,4670,1277,4671,1278,24,25,21],"class_list":{"0":"post-95597","1":"post","2":"type-post","3":"status-publish","4":"format-standard","5":"has-post-thumbnail","7":"category-aktualitates","8":"tag-__typenameadvicekeyword","9":"tag-id1013","10":"tag-id561","11":"tag-aktualitates","12":"tag-breaking-news","13":"tag-breakingnews","14":"tag-featured-news","15":"tag-featurednews","16":"tag-headlines","17":"tag-latest-news","18":"tag-latestnews","19":"tag-latvia","20":"tag-latvian","21":"tag-latviesu","22":"tag-latviesu-valoda","23":"tag-latviesuvaloda","24":"tag-latvija","25":"tag-lv","26":"tag-news","27":"tag-popularakas-zinas","28":"tag-popularakaszinas","29":"tag-slugin-memoriam","30":"tag-slugvalsts-policija","31":"tag-titlein-memoriam","32":"tag-titlevalsts-policija","33":"tag-top-stories","34":"tag-topstories","35":"tag-zinas"},"share_on_mastodon":{"url":"https:\/\/pubeurope.com\/@lv\/115844540181481137","error":""},"_links":{"self":[{"href":"https:\/\/www.europesays.com\/lv\/wp-json\/wp\/v2\/posts\/95597","targetHints":{"allow":["GET"]}}],"collection":[{"href":"https:\/\/www.europesays.com\/lv\/wp-json\/wp\/v2\/posts"}],"about":[{"href":"https:\/\/www.europesays.com\/lv\/wp-json\/wp\/v2\/types\/post"}],"author":[{"embeddable":true,"href":"https:\/\/www.europesays.com\/lv\/wp-json\/wp\/v2\/users\/2"}],"replies":[{"embeddable":true,"href":"https:\/\/www.europesays.com\/lv\/wp-json\/wp\/v2\/comments?post=95597"}],"version-history":[{"count":0,"href":"https:\/\/www.europesays.com\/lv\/wp-json\/wp\/v2\/posts\/95597\/revisions"}],"wp:featuredmedia":[{"embeddable":true,"href":"https:\/\/www.europesays.com\/lv\/wp-json\/wp\/v2\/media\/95598"}],"wp:attachment":[{"href":"https:\/\/www.europesays.com\/lv\/wp-json\/wp\/v2\/media?parent=95597"}],"wp:term":[{"taxonomy":"category","embeddable":true,"href":"https:\/\/www.europesays.com\/lv\/wp-json\/wp\/v2\/categories?post=95597"},{"taxonomy":"post_tag","embeddable":true,"href":"https:\/\/www.europesays.com\/lv\/wp-json\/wp\/v2\/tags?post=95597"}],"curies":[{"name":"wp","href":"https:\/\/api.w.org\/{rel}","templated":true}]}}