{"id":95622,"date":"2026-01-05T21:57:07","date_gmt":"2026-01-05T21:57:07","guid":{"rendered":"https:\/\/www.europesays.com\/lv\/95622\/"},"modified":"2026-01-05T21:57:07","modified_gmt":"2026-01-05T21:57:07","slug":"tillberga-glezna-latviesu-meitene-pec-84-gadiem-atgriezusies-dzimtene-un-bus-apskatama-riga-lente-lv","status":"publish","type":"post","link":"https:\/\/www.europesays.com\/lv\/95622\/","title":{"rendered":"Tillberga glezna &#8220;Latvie\u0161u meitene&#8221; p\u0113c 84 gadiem atgriezusies dzimten\u0113 un b\u016bs apskat\u0101ma R\u012bg\u0101\u00a0\u2014\u00a0Lente.lv"},"content":{"rendered":"<p>Glezna atgriezusies Latvij\u0101<\/p>\n<p>Iev\u0113rojam\u0101 latvie\u0161u m\u0101kslinieka J\u0101\u0146a Roberta Tillberga glezna &#8220;Latvie\u0161u meitene&#8221;, kas tika izvesta no Latvijas 1942. gad\u0101 un 84 gadus tika uzskat\u012bta par zudu\u0161u, ir atgriezusies dzimten\u0113. Darbs tika atrasts V\u0101cij\u0101 &#8220;Purv\u012b\u0161a muzeja&#8221; akcijas &#8220;Mekl\u0113t un atrast Purv\u012bti V\u0101cij\u0101&#8221; laik\u0101, veicot eksped\u012bciju uz \u0160l\u0113svigas muzeju. P\u0113c pan\u0101kt\u0101s vieno\u0161an\u0101s par gleznas restit\u016bciju, t\u0101 ir nog\u0101d\u0101ta Latvij\u0101 un tiks izr\u0101d\u012bta pla\u0161\u0101kai publikai.<\/p>\n<p>\u012apa\u0161i pas\u0101kumi gleznas izr\u0101d\u012b\u0161anai<\/p>\n<p>J\u0101\u0146a Roberta Tillberga gleznas &#8220;Latvie\u0161u meitene&#8221; atkl\u0101\u0161anas pas\u0101kumi notiks 7. un 8. janv\u0101r\u012b pulksten 19:00 kult\u016brtelp\u0101 &#8220;Ola Foundation&#8221;, kas atrodas \u0136\u012bpsal\u0101, Og\u013cu iel\u0101 12a. Pas\u0101kumi b\u016bs divda\u013c\u012bgi, apvienojot detekt\u012bvst\u0101stu un koncertu. Akcijas &#8220;Mekl\u0113t un atrast Purv\u012bti V\u0101cij\u0101&#8221; p\u0113tnieks J\u0101nis Hol\u0161teins-Upmanis (m\u016bzi\u0137is Goran Gora) dal\u012bsies st\u0101stos par Vilhelma Purv\u012b\u0161a gleznu mekl\u0113jumiem un atkl\u0101tajiem nosl\u0113pumiem, savuk\u0101rt detekt\u012bvst\u0101sta \u012bpa\u0161ie viesi b\u016bs m\u0101kslinieks Art. D. Ansis Rozent\u0101ls un LU profesore Jan\u012bna Kurs\u012bte-Pakule. Koncertda\u013c\u0101 skan\u0113s dziesmas no Goran Gora un fonda &#8220;Viegli&#8221; repertu\u0101ra. Katra ieg\u0101d\u0101t\u0101 bi\u013cete pal\u012bdz\u0113s turpin\u0101t mekl\u0113t zudu\u0161o Latvijas kult\u016bras mantojumu, jo pas\u0101kums vienlaikus ir iecer\u0113ts k\u0101 atbalsts turpm\u0101kajai p\u0113tniec\u012bbai, ko ar valsts finans\u0113jumu nav iesp\u0113jams nodro\u0161in\u0101t.<\/p>\n<p>Glezna apskat\u0101ma l\u012bdz martam<\/p>\n<p>P\u0113c ekskluz\u012bvajiem atkl\u0101\u0161anas pas\u0101kumiem, glezna &#8220;Latvie\u0161u meitene&#8221; kult\u016brtelp\u0101 &#8220;Ola Foundation&#8221; b\u016bs apskat\u0101ma l\u012bdz 2026. gada 3. martam. &#8220;Ola Foundation&#8221; ir moderna kult\u016bras, m\u0101kslas un izgl\u012bt\u012bbas telpa R\u012bg\u0101, kas ar savu arhitekt\u016bru un inovat\u012bvajiem risin\u0101jumiem sa\u0146\u0113musi vair\u0101kus apbalvojumus. Papildus Tillberga gleznas izst\u0101dei, telp\u0101s notiek ar\u012b citas izst\u0101des un pas\u0101kumi.<\/p>\n<p>V\u0113sturiskais atradums un &#8220;Purv\u012b\u0161a muzeja&#8221; misija<\/p>\n<p>Glezna tika atrasta, izmekl\u0113jot Vilhelma Purv\u012b\u0161a pazudu\u0161o darbu p\u0113das V\u0101cij\u0101. Analiz\u0113jot Purv\u012b\u0161a evaku\u0101cijas laik\u0101 no R\u012bgas aizvesto gleznu inform\u0101ciju, tika uzietas zi\u0146as par \u0160l\u0113svigas Reihskomis\u0101ra Hinriha Lozes mui\u017e\u0101 atrastaj\u0101m glezn\u0101m, tostarp ar\u012b Tillberga darbs. \u0160is atradums ir tre\u0161ais gad\u012bjums Latvijas jaun\u0101ko laiku v\u0113stur\u0113, kad \u0101rvalstu instit\u016bcija atdod Latvijai t\u0101s kult\u016bras mantojumu. &#8220;Purv\u012b\u0161a muzejs&#8221; turpina mekl\u0113t Vilhelma Purv\u012b\u0161a darbus, apzinoties, ka ar valsts finans\u0113jumu to nav iesp\u0113jams nodro\u0161in\u0101t. Lai veicin\u0101tu turpm\u0101kos mekl\u0113jumus, pl\u0101nota komunik\u0101cijas kampa\u0146a V\u0101cijas muzejos un arh\u012bvos.<\/p>\n<p>Par m\u0101ksliniekiem<\/p>\n<p>J\u0101nis Roberts Tillbergs (1880\u20131972) bija noz\u012bm\u012bgs latvie\u0161u gleznot\u0101js un t\u0113lnieks, Latvijas M\u0101kslas akad\u0113mijas pasniedz\u0113js, paz\u012bstams ar portretiem un pedago\u0123isko darb\u012bbu. Vilhelms Purv\u012btis (1872\u20131940) bija iev\u0113rojams ainavu gleznot\u0101js un pedagogs, latvie\u0161u nacion\u0101l\u0101s glezniec\u012bbas skolas aizs\u0101c\u0113js. Vi\u0146u ce\u013ci krustoju\u0161ies vair\u0101kk\u0101rt, tostarp sadarb\u012bb\u0101 Latvijas M\u0101kslas akad\u0113mij\u0101.<\/p>\n","protected":false},"excerpt":{"rendered":"Glezna atgriezusies Latvij\u0101 Iev\u0113rojam\u0101 latvie\u0161u m\u0101kslinieka J\u0101\u0146a Roberta Tillberga glezna &#8220;Latvie\u0161u meitene&#8221;, kas tika izvesta no Latvijas 1942.&hellip;\n","protected":false},"author":2,"featured_media":95623,"comment_status":"","ping_status":"","sticky":false,"template":"","format":"standard","meta":{"footnotes":""},"categories":[19],"tags":[89,90,23781,35,39,38,23782,36,37,34,40,23786,460,20499],"class_list":{"0":"post-95622","1":"post","2":"type-post","3":"status-publish","4":"format-standard","5":"has-post-thumbnail","7":"category-izklaide","8":"tag-entertainment","9":"tag-izklaide","10":"tag-janis-roberts-tillbergs","11":"tag-latvia","12":"tag-latvian","13":"tag-latviesu","14":"tag-latviesu-meitene","15":"tag-latviesu-valoda","16":"tag-latviesuvaloda","17":"tag-latvija","18":"tag-lv","19":"tag-makslas-restauracija","20":"tag-ola-foundation","21":"tag-purvisa-muzejs"},"share_on_mastodon":{"url":"https:\/\/pubeurope.com\/@lv\/115844732873238562","error":""},"_links":{"self":[{"href":"https:\/\/www.europesays.com\/lv\/wp-json\/wp\/v2\/posts\/95622","targetHints":{"allow":["GET"]}}],"collection":[{"href":"https:\/\/www.europesays.com\/lv\/wp-json\/wp\/v2\/posts"}],"about":[{"href":"https:\/\/www.europesays.com\/lv\/wp-json\/wp\/v2\/types\/post"}],"author":[{"embeddable":true,"href":"https:\/\/www.europesays.com\/lv\/wp-json\/wp\/v2\/users\/2"}],"replies":[{"embeddable":true,"href":"https:\/\/www.europesays.com\/lv\/wp-json\/wp\/v2\/comments?post=95622"}],"version-history":[{"count":0,"href":"https:\/\/www.europesays.com\/lv\/wp-json\/wp\/v2\/posts\/95622\/revisions"}],"wp:featuredmedia":[{"embeddable":true,"href":"https:\/\/www.europesays.com\/lv\/wp-json\/wp\/v2\/media\/95623"}],"wp:attachment":[{"href":"https:\/\/www.europesays.com\/lv\/wp-json\/wp\/v2\/media?parent=95622"}],"wp:term":[{"taxonomy":"category","embeddable":true,"href":"https:\/\/www.europesays.com\/lv\/wp-json\/wp\/v2\/categories?post=95622"},{"taxonomy":"post_tag","embeddable":true,"href":"https:\/\/www.europesays.com\/lv\/wp-json\/wp\/v2\/tags?post=95622"}],"curies":[{"name":"wp","href":"https:\/\/api.w.org\/{rel}","templated":true}]}}