{"id":95624,"date":"2026-01-05T22:01:09","date_gmt":"2026-01-05T22:01:09","guid":{"rendered":"https:\/\/www.europesays.com\/lv\/95624\/"},"modified":"2026-01-05T22:01:09","modified_gmt":"2026-01-05T22:01:09","slug":"pasakumu-programma-riga-un-regionos-lente-lv","status":"publish","type":"post","link":"https:\/\/www.europesays.com\/lv\/95624\/","title":{"rendered":"pas\u0101kumu programma R\u012bg\u0101 un re\u0123ionos\u00a0\u2014\u00a0Lente.lv"},"content":{"rendered":"<p>Atceres pas\u0101kumi un \u012bpa\u0161a s\u0113rija<\/p>\n<p>No 13. janv\u0101ra Latvij\u0101, s\u0101kot ar R\u012bgu un turpinot citos novados, norisin\u0101sies da\u017e\u0101di pas\u0101kumi, kas velt\u012bti 1991. gada barik\u0101\u017eu 35. gadadienai. \u0160o notikumu piemin\u0113\u0161anu organiz\u0113 1991. gada barik\u0101\u017eu muzejs.<\/p>\n<p>13. janv\u0101r\u012b plkst. 11:00 Elizabetes ielas pasta noda\u013c\u0101 R\u012bg\u0101 notiks speci\u0101l\u0101 aploksnes &#8220;Barik\u0101d\u0101m &#8211; 35&#8221; nospieduma uzspie\u0161ana. Aploksnes dizaina un z\u012bmoga autors ir m\u0101kslinieks \u0122irts Gr\u012bva, un to izdevusi &#8220;Latvijas Pasts&#8221;.<\/p>\n<p>Taj\u0101 pa\u0161\u0101 dien\u0101 plkst. 18:00 uz Za\u0137us\u0101las pie Latvijas Telev\u012bzijas \u0113kas paredz\u0113ts piemi\u0146as pas\u0101kums barik\u0101\u017eu aizst\u0101vjiem, kur\u0101 svin\u012bgu zv\u0113restu dos vair\u0101k nek\u0101 100 jaunsargu.<\/p>\n<p>Fotoizst\u0101de un konference<\/p>\n<p>No 14. l\u012bdz 27. janv\u0101rim Br\u012bv\u012bbas laukum\u0101 b\u016bs skat\u0101ma fotoizst\u0101de &#8220;M\u0113s sarg\u0101j\u0101m Latviju&#8221;, kas velt\u012bta 1991. gada janv\u0101ra notikumiem \u2013 s\u0101kot no strat\u0113\u0123isko objektu aizsardz\u012bbas pl\u0101no\u0161anas l\u012bdz pat p\u0113d\u0113j\u0101s barik\u0101des nojauk\u0161anai. Paral\u0113li izst\u0101dei t\u0101s digit\u0101l\u0101 versija ar papildu fotogr\u0101fij\u0101m b\u016bs pieejama 1991. gada barik\u0101\u017eu muzeja t\u012bmek\u013cvietn\u0113 barikades.lv.<\/p>\n<p>16. janv\u0101r\u012b, piektdien\u0101, Saeim\u0101 norisin\u0101sies konference &#8220;1991. gada janv\u0101ra barik\u0101das k\u0101 tautas preto\u0161an\u0101s totalit\u0101rajai varai izpausme un t\u0101s atzi\u0146as m\u016bsdien\u0101m&#8221;.<\/p>\n<p>Piemi\u0146as br\u012b\u017ei un atv\u0113rto durvju dienas<\/p>\n<p>Taj\u0101 pa\u0161\u0101 dien\u0101, 16. janv\u0101r\u012b, plkst. 12:00 Marupes kapos notiks piemi\u0146as pas\u0101kums pie pirm\u0101 barik\u0101d\u0101s kritu\u0161\u0101 \u2013 Roberta M\u016brnieka kapa. Savuk\u0101rt plkst. 16:00 vi\u0146a piemi\u0146ai paredz\u0113ts pas\u0101kums pie Vecm\u012blgr\u0101vja tilta.<\/p>\n<p>Sestdien, 17. janv\u0101r\u012b, Saeim\u0101, Ministru kabinet\u0101, Latvijas Radio, Latvijas Telev\u012bzij\u0101 un uz\u0146\u0113mum\u0101 &#8220;Tet&#8221; Dzirnavu iel\u0101 notiks atv\u0113rto durvju dienas, kas velt\u012btas barik\u0101\u017eu gadadienai.<\/p>\n<p>K\u0101 turpin\u0101jums, 17. janv\u0101r\u012b plkst. 17:00 Doma laukum\u0101 risin\u0101sies sv\u0113tku gal\u0101 koncerts &#8220;Barik\u0101d\u0101m 1991. gad\u0101 &#8211; 35&#8221;. Bet n\u0101kamaj\u0101 dien\u0101, 18. janv\u0101r\u012b, plkst. 15:00 \u0136\u012bpsalas izst\u0101\u017eu z\u0101l\u0113 notiks koncerts &#8220;M\u0113s sarg\u0101j\u0101m Latviju&#8221;.<\/p>\n<p>Atceres diena un izgl\u012btojo\u0161as programmas<\/p>\n<p>Otrdien, 20. janv\u0101r\u012b, R\u012bg\u0101 un Latvijas re\u0123ionos pla\u0161a programma izsludin\u0101ta 1991. gada barik\u0101\u017eu aizst\u0101vju Atceres dien\u0101. Pulcens 9:55 vis\u0101 Latvij\u0101 skan\u0113s bazn\u012bcu zvani. Taj\u0101 dien\u0101 skol\u0101s tiks novad\u012btas stundas &#8220;1991. gada barik\u0101das &#8211; Latvijas c\u012b\u0146a par br\u012bv\u012bbu, demokr\u0101tiju un neatkar\u012bbu&#8221;.<\/p>\n<p>Latvijas Telev\u012bzija \u0161aj\u0101 dien\u0101 pied\u0101v\u0101s \u012bpa\u0161u raid\u012bjumu kl\u0101stu, kas velt\u012bti 1991. gada notikumiem un barik\u0101\u017eu gadadienai.<\/p>\n","protected":false},"excerpt":{"rendered":"Atceres pas\u0101kumi un \u012bpa\u0161a s\u0113rija No 13. janv\u0101ra Latvij\u0101, s\u0101kot ar R\u012bgu un turpinot citos novados, norisin\u0101sies da\u017e\u0101di&hellip;\n","protected":false},"author":2,"featured_media":95625,"comment_status":"","ping_status":"","sticky":false,"template":"","format":"standard","meta":{"footnotes":""},"categories":[12],"tags":[23,13720,23671,28,29,32,33,12879,22,30,31,35,39,38,36,37,34,40,20,26,27,172,24,25,21],"class_list":{"0":"post-95624","1":"post","2":"type-post","3":"status-publish","4":"format-standard","5":"has-post-thumbnail","7":"category-latvija","8":"tag-aktualitates","9":"tag-atceres-pasakumi","10":"tag-barikades","11":"tag-breaking-news","12":"tag-breakingnews","13":"tag-featured-news","14":"tag-featurednews","15":"tag-gadadiena","16":"tag-headlines","17":"tag-latest-news","18":"tag-latestnews","19":"tag-latvia","20":"tag-latvian","21":"tag-latviesu","22":"tag-latviesu-valoda","23":"tag-latviesuvaloda","24":"tag-latvija","25":"tag-lv","26":"tag-news","27":"tag-popularakas-zinas","28":"tag-popularakaszinas","29":"tag-riga","30":"tag-top-stories","31":"tag-topstories","32":"tag-zinas"},"share_on_mastodon":{"url":"https:\/\/pubeurope.com\/@lv\/115844748700065355","error":""},"_links":{"self":[{"href":"https:\/\/www.europesays.com\/lv\/wp-json\/wp\/v2\/posts\/95624","targetHints":{"allow":["GET"]}}],"collection":[{"href":"https:\/\/www.europesays.com\/lv\/wp-json\/wp\/v2\/posts"}],"about":[{"href":"https:\/\/www.europesays.com\/lv\/wp-json\/wp\/v2\/types\/post"}],"author":[{"embeddable":true,"href":"https:\/\/www.europesays.com\/lv\/wp-json\/wp\/v2\/users\/2"}],"replies":[{"embeddable":true,"href":"https:\/\/www.europesays.com\/lv\/wp-json\/wp\/v2\/comments?post=95624"}],"version-history":[{"count":0,"href":"https:\/\/www.europesays.com\/lv\/wp-json\/wp\/v2\/posts\/95624\/revisions"}],"wp:featuredmedia":[{"embeddable":true,"href":"https:\/\/www.europesays.com\/lv\/wp-json\/wp\/v2\/media\/95625"}],"wp:attachment":[{"href":"https:\/\/www.europesays.com\/lv\/wp-json\/wp\/v2\/media?parent=95624"}],"wp:term":[{"taxonomy":"category","embeddable":true,"href":"https:\/\/www.europesays.com\/lv\/wp-json\/wp\/v2\/categories?post=95624"},{"taxonomy":"post_tag","embeddable":true,"href":"https:\/\/www.europesays.com\/lv\/wp-json\/wp\/v2\/tags?post=95624"}],"curies":[{"name":"wp","href":"https:\/\/api.w.org\/{rel}","templated":true}]}}