{"id":95642,"date":"2026-01-05T22:27:11","date_gmt":"2026-01-05T22:27:11","guid":{"rendered":"https:\/\/www.europesays.com\/lv\/95642\/"},"modified":"2026-01-05T22:27:11","modified_gmt":"2026-01-05T22:27:11","slug":"kristofera-nolana-odiseja-pret-gretas-gervigas-narniju","status":"publish","type":"post","link":"https:\/\/www.europesays.com\/lv\/95642\/","title":{"rendered":"Kristofera Nolana &#8220;Odiseja&#8221; pret Gr\u0113tas G\u0113rvigas &#8220;N\u0101rniju&#8221;"},"content":{"rendered":"<p>Viens izlai\u0161anas datums, ta\u010du diametr\u0101li pret\u0113jas si\u017eeta l\u012bnijas sar\u016bp\u0113ja abiem darbiem iev\u0113rojamu atsauc\u012bbu no skat\u012bt\u0101ju puses. \u0160ogad gaid\u0101ma gandr\u012bz l\u012bdz\u012bga situ\u0101cija: 17. j\u016blij\u0101 pirmizr\u0101di piedz\u012bvos Nolana grandiozais eposs \u201cOdiseja\u201d, savuk\u0101rt 26. novembr\u012b (Pateic\u012bbas dien\u0101!) \u2013 G\u0113rvigas \u201cN\u0101rnija\u201d.<\/p>\n<p>\u201cB\u0101rbijas\u201d finansi\u0101lie pan\u0101kumi izr\u0101d\u012bj\u0101s iev\u0113rojam\u0101ki sal\u012bdz\u012bn\u0101jum\u0101 ar \u201cOpenheimeru\u201d \u2013 filma ar superzvaigzn\u0113m Margo Robiju un Raienu Goslingu galvenaj\u0101s lom\u0101s iek\u013cuva visu laiku pelno\u0161\u0101ko filmu TOP 15, kopum\u0101 nopelnot 1 miljardu un 447 miljonus dol\u0101ru, skaitot ASV un starptautisk\u0101s izplat\u012b\u0161anas ie\u0146\u0113mumus kop\u0101. \u201cOpenheimers\u201d, kur\u0101 galveno lomu sp\u0113l\u0113ja \u0161\u0137iet, \u0161obr\u012bd slaven\u0101kais \u012bru aktieris Kiljans M\u0113rfijs, ie\u0146\u0113ma 975 miljonus ASV dol\u0101ru, iepaliekot aiz \u201cB\u0101rbijas\u201d un videosp\u0113les \u201cSuper Mario Bros.\u201d ekraniz\u0101cijas k\u0101 tre\u0161\u0101 pelno\u0161\u0101k\u0101 ASV filma 2023. gad\u0101.<\/p>\n","protected":false},"excerpt":{"rendered":"Viens izlai\u0161anas datums, ta\u010du diametr\u0101li pret\u0113jas si\u017eeta l\u012bnijas sar\u016bp\u0113ja abiem darbiem iev\u0113rojamu atsauc\u012bbu no skat\u012bt\u0101ju puses. \u0160ogad gaid\u0101ma&hellip;\n","protected":false},"author":2,"featured_media":95643,"comment_status":"","ping_status":"","sticky":false,"template":"","format":"standard","meta":{"footnotes":""},"categories":[19],"tags":[23794,89,6642,21366,21365,90,23792,14730,35,39,38,36,37,34,40,21364,23791,23793,601,14731,6893,15850,6261,2632,23795],"class_list":{"0":"post-95642","1":"post","2":"type-post","3":"status-publish","4":"format-standard","5":"has-post-thumbnail","7":"category-izklaide","8":"tag-anna-heteveja","9":"tag-entertainment","10":"tag-greta-gerviga","11":"tag-homers","12":"tag-imax","13":"tag-izklaide","14":"tag-klaivs-steipls-luiss","15":"tag-kristofers-nolans","16":"tag-latvia","17":"tag-latvian","18":"tag-latviesu","19":"tag-latviesu-valoda","20":"tag-latviesuvaloda","21":"tag-latvija","22":"tag-lv","23":"tag-mets-deimons","24":"tag-narnija","25":"tag-narnijas-hronikas","26":"tag-netflix","27":"tag-odiseja","28":"tag-oskara-balva","29":"tag-roberts-patinsons","30":"tag-sarlize-terona","31":"tag-toms-holands","32":"tag-zendaija"},"share_on_mastodon":{"url":"https:\/\/pubeurope.com\/@lv\/115844850823352295","error":""},"_links":{"self":[{"href":"https:\/\/www.europesays.com\/lv\/wp-json\/wp\/v2\/posts\/95642","targetHints":{"allow":["GET"]}}],"collection":[{"href":"https:\/\/www.europesays.com\/lv\/wp-json\/wp\/v2\/posts"}],"about":[{"href":"https:\/\/www.europesays.com\/lv\/wp-json\/wp\/v2\/types\/post"}],"author":[{"embeddable":true,"href":"https:\/\/www.europesays.com\/lv\/wp-json\/wp\/v2\/users\/2"}],"replies":[{"embeddable":true,"href":"https:\/\/www.europesays.com\/lv\/wp-json\/wp\/v2\/comments?post=95642"}],"version-history":[{"count":0,"href":"https:\/\/www.europesays.com\/lv\/wp-json\/wp\/v2\/posts\/95642\/revisions"}],"wp:featuredmedia":[{"embeddable":true,"href":"https:\/\/www.europesays.com\/lv\/wp-json\/wp\/v2\/media\/95643"}],"wp:attachment":[{"href":"https:\/\/www.europesays.com\/lv\/wp-json\/wp\/v2\/media?parent=95642"}],"wp:term":[{"taxonomy":"category","embeddable":true,"href":"https:\/\/www.europesays.com\/lv\/wp-json\/wp\/v2\/categories?post=95642"},{"taxonomy":"post_tag","embeddable":true,"href":"https:\/\/www.europesays.com\/lv\/wp-json\/wp\/v2\/tags?post=95642"}],"curies":[{"name":"wp","href":"https:\/\/api.w.org\/{rel}","templated":true}]}}