{"id":95663,"date":"2026-01-05T23:16:08","date_gmt":"2026-01-05T23:16:08","guid":{"rendered":"https:\/\/www.europesays.com\/lv\/95663\/"},"modified":"2026-01-05T23:16:08","modified_gmt":"2026-01-05T23:16:08","slug":"kapec-merzlikins-turpina-sildit-rezervistu-solinu","status":"publish","type":"post","link":"https:\/\/www.europesays.com\/lv\/95663\/","title":{"rendered":"K\u0101p\u0113c Merz\u013cikins turpina &#8220;sild\u012bt&#8221; rezervistu soli\u0146u?"},"content":{"rendered":"<p>Sv\u0113tdien plkst. 22.00 p\u0113c Latvijas laika s\u0101k\u0101s <a href=\"https:\/\/sports.tvnet.lv\/term\/10077\/nhl\" class=\"topicLink\" target=\"_blank\" rel=\"nofollow noopener\">NHL<\/a> regul\u0101r\u0101 \u010dempion\u0101ta sp\u0113le, kur\u0101 &#8220;Blue Jackets&#8221; sav\u0101 laukum\u0101 uz\u0146\u0113ma Latvijas v\u0101rtsarga Art\u016bra \u0160ilova p\u0101rst\u0101v\u0113to komandu Pitsburgas &#8220;Penguins&#8221;.<\/p>\n<p>&#8220;Blue Jackets&#8221; komandai \u0161\u012b bija otr\u0101 sp\u0113le div\u0101s dien\u0101s un tre\u0161ais ma\u010ds \u010detru dienu nogriezn\u012b. \u0160\u0101d\u0101s reiz\u0113s ierasta prakse ir laukum\u0101 laist otro v\u0101rtsargu, ta\u010du ar\u012b \u0161oreiz Merz\u013cikins palika rezerv\u0113.<\/p>\n<p>L\u012bdz ar to izpalika Latvijas v\u0101rtsargu duelis, kas b\u016btu jau otrais \u0161osezon. &#8220;Blue Jackets&#8221; nenosarg\u0101ja 4:1 p\u0101rsvaru, savuk\u0101rt &#8220;Penguins&#8221; ar \u0160ilovu v\u0101rtos izc\u012bn\u012bja uzvaru papildlaik\u0101.<\/p>\n<p>Merz\u013cikins palika rezerv\u0113 jau sesto sp\u0113li p\u0113c k\u0101rtas. P\u0113d\u0113jo 13 sp\u0113\u013cu nogriezn\u012b vi\u0146\u0161 tikai divreiz devies laukum\u0101 s\u0101kumsast\u0101v\u0101, ta\u010du vien\u0101 no t\u0101m tika nomain\u012bts jau pirmaj\u0101 period\u0101.<\/p>\n<p>P\u0113d\u0113j\u0101 m\u0113ne\u0161a laik\u0101 Merz\u013cikins laukum\u0101 pavad\u012bjis vien 75 min\u016btes, kas ir tikai viena pilna sp\u0113le un viens nepilns periods. Kas vi\u0146am j\u0101dara, lai tiktu pie iesp\u0113jas atkal sp\u0113l\u0113t?<\/p>\n","protected":false},"excerpt":{"rendered":"Sv\u0113tdien plkst. 22.00 p\u0113c Latvijas laika s\u0101k\u0101s NHL regul\u0101r\u0101 \u010dempion\u0101ta sp\u0113le, kur\u0101 &#8220;Blue Jackets&#8221; sav\u0101 laukum\u0101 uz\u0146\u0113ma Latvijas&hellip;\n","protected":false},"author":2,"featured_media":95664,"comment_status":"","ping_status":"","sticky":false,"template":"","format":"standard","meta":{"footnotes":""},"categories":[17],"tags":[1436,836,838,394,721,1519,35,39,38,36,37,34,40,835,67,1324],"class_list":{"0":"post-95663","1":"post","2":"type-post","3":"status-publish","4":"format-standard","5":"has-post-thumbnail","7":"category-sports","8":"tag-elvis-merzlikins","9":"tag-hokeja-jaunumi","10":"tag-hokejisti-arzemes","11":"tag-hokejs","12":"tag-hokejs-pasaule","13":"tag-kolumbusas-blue-jackets","14":"tag-latvia","15":"tag-latvian","16":"tag-latviesu","17":"tag-latviesu-valoda","18":"tag-latviesuvaloda","19":"tag-latvija","20":"tag-lv","21":"tag-nhl","22":"tag-sports","23":"tag-tvnet-sports"},"share_on_mastodon":{"url":"https:\/\/pubeurope.com\/@lv\/115845043467025302","error":""},"_links":{"self":[{"href":"https:\/\/www.europesays.com\/lv\/wp-json\/wp\/v2\/posts\/95663","targetHints":{"allow":["GET"]}}],"collection":[{"href":"https:\/\/www.europesays.com\/lv\/wp-json\/wp\/v2\/posts"}],"about":[{"href":"https:\/\/www.europesays.com\/lv\/wp-json\/wp\/v2\/types\/post"}],"author":[{"embeddable":true,"href":"https:\/\/www.europesays.com\/lv\/wp-json\/wp\/v2\/users\/2"}],"replies":[{"embeddable":true,"href":"https:\/\/www.europesays.com\/lv\/wp-json\/wp\/v2\/comments?post=95663"}],"version-history":[{"count":0,"href":"https:\/\/www.europesays.com\/lv\/wp-json\/wp\/v2\/posts\/95663\/revisions"}],"wp:featuredmedia":[{"embeddable":true,"href":"https:\/\/www.europesays.com\/lv\/wp-json\/wp\/v2\/media\/95664"}],"wp:attachment":[{"href":"https:\/\/www.europesays.com\/lv\/wp-json\/wp\/v2\/media?parent=95663"}],"wp:term":[{"taxonomy":"category","embeddable":true,"href":"https:\/\/www.europesays.com\/lv\/wp-json\/wp\/v2\/categories?post=95663"},{"taxonomy":"post_tag","embeddable":true,"href":"https:\/\/www.europesays.com\/lv\/wp-json\/wp\/v2\/tags?post=95663"}],"curies":[{"name":"wp","href":"https:\/\/api.w.org\/{rel}","templated":true}]}}