{"id":95695,"date":"2026-01-06T01:06:18","date_gmt":"2026-01-06T01:06:18","guid":{"rendered":"https:\/\/www.europesays.com\/lv\/95695\/"},"modified":"2026-01-06T01:06:18","modified_gmt":"2026-01-06T01:06:18","slug":"ukraina-un-asv-saskano-ilgtermina-militara-atbalsta-strategiju","status":"publish","type":"post","link":"https:\/\/www.europesays.com\/lv\/95695\/","title":{"rendered":"Ukraina un ASV saska\u0146o ilgtermi\u0146a milit\u0101r\u0101 atbalsta strat\u0113\u0123iju"},"content":{"rendered":"<p><img loading=\"lazy\" decoding=\"async\" class=\"lazy lazy-hidden alignnone size-full wp-image-235521\" src=\"data:image\/gif;base64,R0lGODlhAQABAIAAAAAAAP\/\/\/yH5BAEAAAAALAAAAAABAAEAAAIBRAA7\" data-lazy-type=\"image\" data-lazy-src=\"https:\/\/www.europesays.com\/lv\/wp-content\/uploads\/2026\/01\/1-138.jpg\" alt=\"\" width=\"900\" height=\"506\" data-lazy- data-lazy-\/><\/p>\n<p>Ukrainas un Amerikas Savienoto Valstu (ASV) attiec\u012bb\u0101s sperts noz\u012bm\u012bgs solis, saska\u0146ojot v\u0113rien\u012bgu milit\u0101r\u0101s sadarb\u012bbas dokumentu. \u0160\u012b vieno\u0161an\u0101s ir \u012bpa\u0161i b\u016btiska, jo t\u0101 fokus\u0113jas nevis uz t\u016bl\u012bt\u0113j\u0101m vajadz\u012bb\u0101m kaujas lauk\u0101, bet gan uz Ukrainas Bru\u0146oto sp\u0113ku atbalsta meh\u0101nismiem period\u0101 p\u0113c Krievijas izv\u0113rst\u0101 kara beig\u0101m.<\/p>\n<p>Par \u0161o strat\u0113\u0123isko dokumentu ofici\u0101li pazi\u0146ojis Ukrainas Bru\u0146oto sp\u0113ku \u0122ener\u0101l\u0161t\u0101ba priek\u0161nieks Andrijs Hnatovs.<\/p>\n<p>P\u0113c Hnatova teikt\u0101, dokuments ir izstr\u0101d\u0101ts abu valstu \u0123ener\u0101l\u0161t\u0101bu l\u012bmen\u012b, uzsverot cie\u0161u divpus\u0113jo sadarb\u012bbu. Tas ietver vair\u0101kas detaliz\u0113tas sada\u013cas un specifiskus pielikumus, kas veidos fundamentu Ukrainas aizsardz\u012bbas sp\u0113ju atjauno\u0161anai un uztur\u0113\u0161anai ilgtermi\u0146\u0101, nodro\u0161inot, ka valsts ir gatava jebk\u0101diem n\u0101kotnes draudiem.<\/p>\n<p><a href=\"https:\/\/dzentlmenis.lv\/gurku-raza-no-aprila-lidz-oktobrim-parbaudita-tehnologija-nepartrauktai-razas-ieguvei\/237537\/\" rel=\"nofollow noopener\" target=\"_blank\"><img class=\"lazy lazy-hidden\" decoding=\"async\" src=\"data:image\/gif;base64,R0lGODlhAQABAIAAAAAAAP\/\/\/yH5BAEAAAAALAAAAAABAAEAAAIBRAA7\" data-lazy-type=\"image\" data-lazy-src=\"https:\/\/www.europesays.com\/lv\/wp-content\/uploads\/2026\/01\/1-67.jpg\" data-lazy- alt=\"Gur\u0137u ra\u017ea no apr\u012b\u013ca l\u012bdz oktobrim: p\u0101rbaud\u012bta tehnolo\u0123ija nep\u0101rtrauktai ra\u017eas ieguvei\"\/><\/a>\u0160obr\u012bd citi lasa<a class=\"monsterinsights-inline-popular-posts-title\" href=\"https:\/\/dzentlmenis.lv\/gurku-raza-no-aprila-lidz-oktobrim-parbaudita-tehnologija-nepartrauktai-razas-ieguvei\/237537\/\" rel=\"nofollow noopener\" target=\"_blank\">Gur\u0137u ra\u017ea no apr\u012b\u013ca l\u012bdz oktobrim: p\u0101rbaud\u012bta tehnolo\u0123ija nep\u0101rtrauktai ra\u017eas ieguvei<\/a><\/p>\n<p>\u00a0<\/p>\n<p>Atbalsts, moderniz\u0101cija un \u201clabas gribas koal\u012bcija\u201d<\/p>\n<p>Dokumenta galvenais uzdevums ir skaidrot un defin\u0113t procesus, k\u0101 tiks \u012bstenota Ukrainas Bru\u0146oto sp\u0113ku nodro\u0161in\u0101\u0161ana un moderniz\u0101cija p\u0113ckara apst\u0101k\u013cos. Tas paredz ne tikai tehnisku pal\u012bdz\u012bbu, bet ar\u012b sist\u0113misku armijas atjauno\u0161anu. Viena no noz\u012bm\u012bg\u0101kaj\u0101m dokumenta da\u013c\u0101m attiecas uz t\u0101 d\u0113v\u0113to \u201clabas gribas koal\u012bciju\u201d. Pa\u0161laik Ukrainas \u0122ener\u0101l\u0161t\u0101bs veic l\u012bdz\u012bgu saska\u0146o\u0161anas darbu ar\u012b ar cit\u0101m partnervalst\u012bm, lai rad\u012btu vienotu un sp\u0113c\u012bgu sabiedroto t\u012bklu, kas garant\u0113tu Ukrainas dro\u0161\u012bbu.<\/p>\n<p>\u0160\u012bs sada\u013cas ietver skaidrus meh\u0101nismus par to, k\u0101 sabiedrotie rea\u0123\u0113s gad\u012bjumos, ja k\u0101da no pus\u0113m p\u0101rk\u0101ps iesp\u0113jam\u0101s miera vieno\u0161an\u0101s. Dokument\u0101 ir prec\u012bzi aprakst\u012bts uzraudz\u012bbas process un konkr\u0113tas reakcijas uz p\u0101rk\u0101pumiem, t\u0101d\u0113j\u0101di radot stingru attur\u0113\u0161anas politiku pret potenci\u0101lu jaunu agresiju.<\/p>\n<p>\u00a0<\/p>\n<p>Miera sarunu dinamika un Trampa administr\u0101cijas loma<\/p>\n<p>Sarunas par kara izbeig\u0161anu ieguva jaunu pa\u0101trin\u0101jumu l\u012bdz ar Donalda Trampa st\u0101\u0161anos ASV prezidenta amat\u0101 2026. gada janv\u0101r\u012b. Tramps ir akt\u012bvi iesaist\u012bjies diplom\u0101tiskaj\u0101 proces\u0101, vair\u0101kk\u0101rt kontakt\u0113joties ar Krievijas diktatoru Vladimiru Putinu. \u0160\u012b gada s\u0101kum\u0101 politisk\u0101 vide bija saspringta, jo iepriek\u0161\u0113jais, 2025. gada novembr\u012b izstr\u0101d\u0101tais 28 punktu miera pl\u0101ns tika v\u0113rt\u0113ts k\u0101 p\u0101rlieku labv\u0113l\u012bgs Kremlim, izraisot asu pretreakciju gan Ukrain\u0101, gan pie sabiedrotajiem Eirop\u0101.<\/p>\n<p><a href=\"https:\/\/dzentlmenis.lv\/iedvesmojosas-parmainas-2026-gada-janvari-kuram-zodiaka-zimem-menesis-solas-but-ipasi-veiksmigs\/237683\/\" rel=\"nofollow noopener\" target=\"_blank\"><img class=\"lazy lazy-hidden\" decoding=\"async\" src=\"data:image\/gif;base64,R0lGODlhAQABAIAAAAAAAP\/\/\/yH5BAEAAAAALAAAAAABAAEAAAIBRAA7\" data-lazy-type=\"image\" data-lazy-src=\"https:\/\/www.europesays.com\/lv\/wp-content\/uploads\/2026\/01\/nature-10012863_1280.jpg\" data-lazy- alt=\"Iedvesmojo\u0161as p\u0101rmai\u0146as 2026. gada janv\u0101r\u012b: kur\u0101m zodiaka z\u012bm\u0113m m\u0113nesis sol\u0101s b\u016bt \u012bpa\u0161i veiksm\u012bgs\"\/><\/a>\u0160obr\u012bd citi lasa<a class=\"monsterinsights-inline-popular-posts-title\" href=\"https:\/\/dzentlmenis.lv\/iedvesmojosas-parmainas-2026-gada-janvari-kuram-zodiaka-zimem-menesis-solas-but-ipasi-veiksmigs\/237683\/\" rel=\"nofollow noopener\" target=\"_blank\">Iedvesmojo\u0161as p\u0101rmai\u0146as 2026. gada janv\u0101r\u012b: kur\u0101m zodiaka z\u012bm\u0113m m\u0113nesis sol\u0101s b\u016bt \u012bpa\u0161i veiksm\u012bgs<\/a><\/p>\n<p>Lai nov\u0113rstu Kijivai nelabv\u0113l\u012bgu scen\u0101riju, 23. novembr\u012b \u017den\u0113v\u0101 notika iz\u0161\u0137iro\u0161as sarunas starp ASV, Eiropas un Ukrainas l\u012bderiem. \u0160o konsult\u0101ciju rezult\u0101t\u0101 s\u0101kotn\u0113jais pl\u0101ns tika b\u016btiski p\u0101rveidots un sa\u012bsin\u0101ts l\u012bdz 20 punktiem. Atjaunot\u0101 versija daudz vair\u0101k iev\u0113ro Ukrainas intereses, tostarp iek\u013caujot ASV pied\u0101v\u0101t\u0101s dro\u0161\u012bbas garantijas, kas balst\u012btas uz NATO 5. panta principu \u2013 uzbrukums vienam ir uzbrukums visiem.<\/p>\n<p>\u00a0<\/p>\n<p>Izaicin\u0101jumi un dro\u0161\u012bbas garantiju n\u0101kotne<\/p>\n<p>Neraugoties uz progresu sarun\u0101s ar ASV un sabiedrotajiem, situ\u0101cija joproj\u0101m ir sare\u017e\u0123\u012bta. Krievija l\u012bdz \u0161im ir noraid\u012bjusi laboto 20 punktu pl\u0101nu, savuk\u0101rt Ukraina atz\u012bst, ka vissmag\u0101k\u0101s diskusijas skar tie\u0161i teritoriju sadali. Tom\u0113r saska\u0146otais milit\u0101rais dokuments par p\u0113ckara atbalstu uz 15 gadiem sniedz Kijivai nepiecie\u0161amo dro\u0161\u012bbas spilvenu un skaidru perspekt\u012bvu.<\/p>\n<p>Zelenskis sav\u0101s uzrun\u0101s ir uzsv\u0113ris, ka Ukraina tiecas p\u0113c miera, ta\u010du \u201cne par katru cenu\u201d. Dro\u0161\u012bbas garantijas p\u0113c NATO parauga tiek uzskat\u012btas par vien\u012bgo re\u0101lo veidu, k\u0101 nov\u0113rst kara atk\u0101rto\u0161anos. \u0160is saska\u0146otais dokuments starp Ukrainas un ASV milit\u0101raj\u0101m vad\u012bb\u0101m ir tie\u0161s apliecin\u0101jums tam, ka Va\u0161ingtona pl\u0101no saglab\u0101t savu lomu Eiropas dro\u0161\u012bbas arhitekt\u016br\u0101 ar\u012b p\u0113c Trampa administr\u0101cijas ierosin\u0101t\u0101 miera pl\u0101na iesp\u0113jam\u0101s \u012bsteno\u0161anas.<\/p>\n","protected":false},"excerpt":{"rendered":"Ukrainas un Amerikas Savienoto Valstu (ASV) attiec\u012bb\u0101s sperts noz\u012bm\u012bgs solis, saska\u0146ojot v\u0113rien\u012bgu milit\u0101r\u0101s sadarb\u012bbas dokumentu. \u0160\u012b vieno\u0161an\u0101s ir&hellip;\n","protected":false},"author":2,"featured_media":95696,"comment_status":"","ping_status":"","sticky":false,"template":"","format":"standard","meta":{"footnotes":""},"categories":[14],"tags":[23,57,28,29,32,33,22,30,31,35,39,38,36,37,34,40,20,26,27,24,25,54,55,56,21,58],"class_list":{"0":"post-95695","1":"post","2":"type-post","3":"status-publish","4":"format-standard","5":"has-post-thumbnail","7":"category-zinas-no-arvalstim","8":"tag-aktualitates","9":"tag-arvalstim","10":"tag-breaking-news","11":"tag-breakingnews","12":"tag-featured-news","13":"tag-featurednews","14":"tag-headlines","15":"tag-latest-news","16":"tag-latestnews","17":"tag-latvia","18":"tag-latvian","19":"tag-latviesu","20":"tag-latviesu-valoda","21":"tag-latviesuvaloda","22":"tag-latvija","23":"tag-lv","24":"tag-news","25":"tag-popularakas-zinas","26":"tag-popularakaszinas","27":"tag-top-stories","28":"tag-topstories","29":"tag-world","30":"tag-world-news","31":"tag-worldnews","32":"tag-zinas","33":"tag-zinas-no-arvalstim"},"share_on_mastodon":{"url":"https:\/\/pubeurope.com\/@lv\/115845476050624986","error":""},"_links":{"self":[{"href":"https:\/\/www.europesays.com\/lv\/wp-json\/wp\/v2\/posts\/95695","targetHints":{"allow":["GET"]}}],"collection":[{"href":"https:\/\/www.europesays.com\/lv\/wp-json\/wp\/v2\/posts"}],"about":[{"href":"https:\/\/www.europesays.com\/lv\/wp-json\/wp\/v2\/types\/post"}],"author":[{"embeddable":true,"href":"https:\/\/www.europesays.com\/lv\/wp-json\/wp\/v2\/users\/2"}],"replies":[{"embeddable":true,"href":"https:\/\/www.europesays.com\/lv\/wp-json\/wp\/v2\/comments?post=95695"}],"version-history":[{"count":0,"href":"https:\/\/www.europesays.com\/lv\/wp-json\/wp\/v2\/posts\/95695\/revisions"}],"wp:featuredmedia":[{"embeddable":true,"href":"https:\/\/www.europesays.com\/lv\/wp-json\/wp\/v2\/media\/95696"}],"wp:attachment":[{"href":"https:\/\/www.europesays.com\/lv\/wp-json\/wp\/v2\/media?parent=95695"}],"wp:term":[{"taxonomy":"category","embeddable":true,"href":"https:\/\/www.europesays.com\/lv\/wp-json\/wp\/v2\/categories?post=95695"},{"taxonomy":"post_tag","embeddable":true,"href":"https:\/\/www.europesays.com\/lv\/wp-json\/wp\/v2\/tags?post=95695"}],"curies":[{"name":"wp","href":"https:\/\/api.w.org\/{rel}","templated":true}]}}