{"id":95701,"date":"2026-01-06T01:57:19","date_gmt":"2026-01-06T01:57:19","guid":{"rendered":"https:\/\/www.europesays.com\/lv\/95701\/"},"modified":"2026-01-06T01:57:19","modified_gmt":"2026-01-06T01:57:19","slug":"plasakai-publikai-izradis-vacija-atrasto-tillberga-gleznu-latviesu-meitene","status":"publish","type":"post","link":"https:\/\/www.europesays.com\/lv\/95701\/","title":{"rendered":"Pla\u0161\u0101kai publikai izr\u0101d\u012bs V\u0101cij\u0101 atrasto Tillberga gleznu &#8220;Latvie\u0161u meitene&#8221;"},"content":{"rendered":"<p>\u0160\u012b gada 7. un 8. janv\u0101r\u012b, pulksten 19 kult\u016brtelp\u0101 &#8220;<a rel=\"noopener nofollow\" target=\"_blank\" href=\"https:\/\/www.delfi.lv\/temas\/55892814\/ola-foundation\" tag-id=\"55892814\">Ola Foundation<\/a>&#8220;, \u0136\u012bpsal\u0101, Og\u013cu iel\u0101 12a, notiks &#8220;Purv\u012b\u0161a muzeja&#8221; akcijas &#8220;Mekl\u0113t un atrast Purv\u012bti V\u0101cij\u0101&#8221; laik\u0101 atrast\u0101 J\u0101\u0146a Roberta Tillberga gleznas &#8220;Latvie\u0161u meitene&#8221; izr\u0101d\u012b\u0161ana. T\u0101 p\u0113c 84 gadiem ir atgriezusies dzimten\u0113, v\u0113sta fonda &#8220;Viegli&#8221; p\u0101rst\u0101vji.<\/p>\n<p>Glezna tiks pirmizr\u0101d\u012bta divda\u013c\u012bg\u0101 performanc\u0113 \u2013 detekt\u012bvst\u0101sta un koncerta apvienojum\u0101. Ar Vilhelma Purv\u012b\u0161a gleznu mekl\u0113jumiem un atkl\u0101tajiem nosl\u0113pumiem dal\u012bsies akcijas &#8220;Mekl\u0113t un atrast Purv\u012bti V\u0101cij\u0101&#8221; p\u0113tnieks J\u0101nis Hol\u0161teins-Upmanis (m\u016bzi\u0137is Goran Gora). Detekt\u012bvst\u0101sta \u012bpa\u0161ie viesi b\u016bs m\u0101kslinieks Art. D. Ansis Rozent\u0101ls un LU profesore Jan\u012bna Kurs\u012bte-Pakule. Savuk\u0101rt otraj\u0101 da\u013c\u0101 izskan\u0113s dziesmas no Goran Gora un fonda &#8220;Viegli&#8221; repertu\u0101ra, k\u0101 ar\u012b k\u0101ds \u012bpa\u0161s muzik\u0101ls p\u0101rsteigums. Apmekl\u0113t\u0101jiem b\u016bs iesp\u0113ja atkl\u0101t da\u017e\u0101du v\u0113sturisku notikumu un nejau\u0161\u012bbu pilno st\u0101stu par Purv\u012b\u0161u \u0123imenes izce\u013co\u0161anu no Latvijas 1944. gad\u0101, kuras laik\u0101 vi\u0146u priv\u0101t\u0101s mantas un vair\u0101ki simti Purv\u012b\u0161a meistardarbu V\u0101cij\u0101 pazuda. <\/p>\n<p>P\u0113tot atslepenotos Otr\u0101 pasaules kara milit\u0101ros dokumentus, arh\u012bvus un periodiku, &#8220;Purv\u012b\u0161a muzeja&#8221; komanda uzg\u0101jusi v\u0113rt\u012bgu inform\u0101ciju, kas \u013cauj saglab\u0101t optimismu, ka V\u0101cijas teritorij\u0101 pazudu\u0161\u0101s Purv\u012b\u0161a gleznas v\u0113l ir iesp\u0113jams atrast, v\u0113sta fonda &#8220;Viegli&#8221; p\u0101rst\u0101vji. Iedro\u0161in\u0101jumu mekl\u0113jumiem nesa eksped\u012bcija \u0160l\u0113svig\u0101, kur\u0101 &#8220;Purv\u012b\u0161a muzeja&#8221; komanda atrada pirms 84 gadiem no Latvijas izvesto J\u0101\u0146a Roberta Tillberga (1880 &#8211; 1972) gleznu &#8220;Latvie\u0161u meitene&#8221;. Sadarb\u012bbas ar \u0160l\u0113svigas muzeju rezult\u0101t\u0101, t\u0101 atgriezusies dzimten\u0113 un kult\u016brtelp\u0101 &#8220;Ola Foundation&#8221; b\u016bs apskat\u0101ma l\u012bdz 2026. gada 3. martam.<\/p>\n<p>Z\u012bm\u012bgi, ka Vilhelma Purv\u012b\u0161a un J\u0101\u0146a Roberta Tillberga ce\u013ci krustoju\u0161ies vair\u0101kk\u0101rt. Piem\u0113ram, laik\u0101, kad Purv\u012btis vad\u012bja R\u012bgas pils\u0113tas m\u0101kslas skolu, vi\u0146\u0161 uzaicin\u0101ja Tillbergu k\u013c\u016bt par t\u0101s m\u0101c\u012bbsp\u0113ku. Ar\u012b v\u0113l\u0101k, kad k\u013cuva par Latvijas M\u0101kslas akad\u0113mijas direktoru, Purv\u012btis aicin\u0101ja Tillbergu vad\u012bt Figur\u0101l\u0101s glezniec\u012bbas meistardarbn\u012bcu. <\/p>\n<p>&#8220;\u0160\u0137ietami vienk\u0101r\u0161a lieta \u2013 atvest pazudu\u0161o gleznu uz Latviju, izr\u0101d\u012bj\u0101s sare\u017e\u0123\u012bta un pi\u0146\u0137er\u012bga proced\u016bra. Paldies draugiem un organiz\u0101cij\u0101m par atbalstu un tic\u012bbu! Bez papildu pal\u012bdz\u012bbas, neb\u016btu iesp\u0113jams \u012bstenot \u0161o neticamo st\u0101stu,&#8221; atkl\u0101j &#8220;Purv\u012b\u0161a muzeja&#8221; valdes priek\u0161s\u0113d\u0113t\u0101ja \u017danete Grende.<\/p>\n<p>Vi\u0146a ar\u012b atg\u0101dina, ka &#8220;Purv\u012b\u0161a muzejam&#8221; pamatdarb\u012bbas veik\u0161anai 2026. gad\u0101 ticis pie\u0161\u0137irts vien simbolisks valsts finans\u0113jums, gleznas atkl\u0101\u0161anas pas\u0101kums vienlaikus pl\u0101nots k\u0101 ieguld\u012bjums turpm\u0101kaj\u0101 p\u0113tniec\u012bb\u0101, ko ar valsts finans\u0113jumu nav iesp\u0113jams nodro\u0161in\u0101t. Katra ieg\u0101d\u0101t\u0101 bi\u013cete pal\u012bdz\u0113s turpin\u0101t mekl\u0113t zudu\u0161o Latvijas kult\u016bras mantojumu. Eksped\u012bcij\u0101s V\u0101cij\u0101 &#8220;Purv\u012b\u0161a muzeja&#8221; komanda guvusi vienbals\u012bgu uzrun\u0101to v\u0113stures un m\u0101kslas ekspertu atzinumu \u2013 V\u0101cijas instit\u016bcijas ir gatavas sadarb\u012bbai. Bi\u013cetes fonda &#8220;Viegli&#8221; <a rel=\"noopener nofollow\" target=\"_blank\" href=\"https:\/\/eveikals.fondsviegli.lv\/product\/notikums-neticams-detektivstasts\/\" data-rel-date-range=\"[]\">e-veikal\u0101<\/a>. <\/p>\n<p>Fonds &#8220;Viegli&#8221; un Grende &#8220;Vecjau\u017eu&#8221; m\u0101jas un 80 hekt\u0101ru zemes Ogres novada Taurup\u0113 sa\u0146\u0113ma k\u0101 d\u0101vin\u0101jumu 2022. gad\u0101 no biju\u0161\u0101s N\u012bderlandes Muzeju feder\u0101cijas direktores, kura \u0161aj\u0101 viet\u0101 dz\u012bvoja vair\u0101kus gadus. Savuk\u0101rt Purv\u012btis (1872-1945) &#8220;Vecjau\u017eos&#8221; dz\u012bvojis l\u012bdz 14 gadu vecumam. Muzeja veidot\u0101ji uzskata, tie\u0161i no \u0161ejienes ainavas Purv\u012btis iedvesmojies un v\u0113las tur iek\u0101rtot slavenajam ainavistam velt\u012btu muzeju.<\/p>\n<p>Viena no muzeja misij\u0101m ir Otr\u0101 pasaules kara laik\u0101 V\u0101cij\u0101 zudu\u0161o Purv\u012b\u0161a gleznu mekl\u0113\u0161ana.<\/p>\n<p class=\"m-0\">Seko &#8220;Delfi&#8221; ar\u012b  <a target=\"_blank\" href=\"https:\/\/www.instagram.com\/delfi.lv\/\" rel=\"nofollow noopener\">Instagram<\/a>  un <a target=\"_blank\" href=\"https:\/\/www.youtube.com\/channel\/UCw5foWtcJvAbUm64rv7jwUQ\" rel=\"nofollow noopener\">YouTube<\/a>  profil\u0101 \u2013 pievienojies, lai uzzin\u0101tu svar\u012bg\u0101ko un interesant\u0101ko pirmais!<\/p>\n<p>Publik\u0101cijas saturs vai t\u0101s jebk\u0101da apjoma da\u013ca ir aizsarg\u0101ts autorties\u012bbu objekts Autorties\u012bbu likuma izpratn\u0113, un t\u0101 izmanto\u0161ana bez izdev\u0113ja at\u013caujas ir aizliegta. Vair\u0101k lasi  <a target=\"_blank\" href=\"https:\/\/www.delfi.lv\/noteikumi#autortiesibas\" rel=\"nofollow noopener\">\u0161eit<\/a><script async src=\"\/\/www.instagram.com\/embed.js\"><\/script><\/p>\n","protected":false},"excerpt":{"rendered":"\u0160\u012b gada 7. un 8. janv\u0101r\u012b, pulksten 19 kult\u016brtelp\u0101 &#8220;Ola Foundation&#8220;, \u0136\u012bpsal\u0101, Og\u013cu iel\u0101 12a, notiks &#8220;Purv\u012b\u0161a muzeja&#8221;&hellip;\n","protected":false},"author":2,"featured_media":95702,"comment_status":"","ping_status":"","sticky":false,"template":"","format":"standard","meta":{"footnotes":""},"categories":[19],"tags":[89,23809,90,35,39,38,36,37,34,40,460,20499],"class_list":{"0":"post-95701","1":"post","2":"type-post","3":"status-publish","4":"format-standard","5":"has-post-thumbnail","7":"category-izklaide","8":"tag-entertainment","9":"tag-fonds-viegli","10":"tag-izklaide","11":"tag-latvia","12":"tag-latvian","13":"tag-latviesu","14":"tag-latviesu-valoda","15":"tag-latviesuvaloda","16":"tag-latvija","17":"tag-lv","18":"tag-ola-foundation","19":"tag-purvisa-muzejs"},"share_on_mastodon":{"url":"https:\/\/pubeurope.com\/@lv\/115845676547137547","error":""},"_links":{"self":[{"href":"https:\/\/www.europesays.com\/lv\/wp-json\/wp\/v2\/posts\/95701","targetHints":{"allow":["GET"]}}],"collection":[{"href":"https:\/\/www.europesays.com\/lv\/wp-json\/wp\/v2\/posts"}],"about":[{"href":"https:\/\/www.europesays.com\/lv\/wp-json\/wp\/v2\/types\/post"}],"author":[{"embeddable":true,"href":"https:\/\/www.europesays.com\/lv\/wp-json\/wp\/v2\/users\/2"}],"replies":[{"embeddable":true,"href":"https:\/\/www.europesays.com\/lv\/wp-json\/wp\/v2\/comments?post=95701"}],"version-history":[{"count":0,"href":"https:\/\/www.europesays.com\/lv\/wp-json\/wp\/v2\/posts\/95701\/revisions"}],"wp:featuredmedia":[{"embeddable":true,"href":"https:\/\/www.europesays.com\/lv\/wp-json\/wp\/v2\/media\/95702"}],"wp:attachment":[{"href":"https:\/\/www.europesays.com\/lv\/wp-json\/wp\/v2\/media?parent=95701"}],"wp:term":[{"taxonomy":"category","embeddable":true,"href":"https:\/\/www.europesays.com\/lv\/wp-json\/wp\/v2\/categories?post=95701"},{"taxonomy":"post_tag","embeddable":true,"href":"https:\/\/www.europesays.com\/lv\/wp-json\/wp\/v2\/tags?post=95701"}],"curies":[{"name":"wp","href":"https:\/\/api.w.org\/{rel}","templated":true}]}}