{"id":95723,"date":"2026-01-06T02:54:12","date_gmt":"2026-01-06T02:54:12","guid":{"rendered":"https:\/\/www.europesays.com\/lv\/95723\/"},"modified":"2026-01-06T02:54:12","modified_gmt":"2026-01-06T02:54:12","slug":"trampa-draudi-grenlandei-izpelnas-starptautisku-nosodijumu-1188-lv","status":"publish","type":"post","link":"https:\/\/www.europesays.com\/lv\/95723\/","title":{"rendered":"Trampa draudi Grenlandei izpeln\u0101s starptautisku nosod\u012bjumu &#8211; 1188.lv"},"content":{"rendered":"<ol>\n<li><a href=\"https:\/\/news.google.com\/rss\/articles\/CBMilwFBVV95cUxNZS1rM1NfZURjZ1pnRzAzRG9pb0V5ZmR6MjV4TFlydl91am5kSFoyQnQ1dHZMR0lGSlRMVGUtNE1wMmNEcUZBUFRoc09OMG1WZTJydHpHQl9hSWhYUkhDRDBicmd4U2gwOTdDejNZMW9XemcyYWl2SENkZWllMk1WU2hWamE1cE10aXk2SXk0OElRVjZjdWlr?oc=5\" target=\"_blank\" rel=\"nofollow noopener\">Trampa draudi Grenlandei izpeln\u0101s starptautisku nosod\u012bjumu<\/a>&nbsp;&nbsp;1188.lv<\/li>\n<li><a href=\"https:\/\/news.google.com\/rss\/articles\/CBMi2gFBVV95cUxQemo4UzhLRDBIa3dpaVVXOWxPbkRGcF9oQU5xLXFpMmdyZzJ6bGtWLVNSU2ZPdHlyVGdFT2pXOUhwckp1Tld2LWx5d2ZremoxRE9CZ1Rza2wyenJLSko0cVJlclJqNFVJck9Ral84eHZ1N0N2WEdvRTZOc1BsTHl2ZkZsWnlxZUljVXk3djBLSUhoSU5jS3hRRFdjQ3ZTeDFGeEFjMzFWWXZGMTEzVXBjZHFxZnpST3kwekVkX2FCTEROMUduWDMxYjNUd0hEV2djLURGTFJQbVEwQQ?oc=5\" target=\"_blank\" rel=\"nofollow noopener\">Trampa izteikumi par Grenlandes pievieno\u0161anu ASV izpeln\u0101s starptautisku nosod\u012bjumu \/ Raksts<\/a>&nbsp;&nbsp;LSM<\/li>\n<li><a href=\"https:\/\/news.google.com\/rss\/articles\/CBMikgFBVV95cUxQcUlhNVRwVTBQYlBrTjc0RWdDc0ZyMWdIem1xQndLYXpkVkhnM0pfUWozVjh2UzhCb1FMNThrOExPWGlRQUpjY0lvTkdraTVUaG5mS2djbDJxdzVkTE9rbUhhb2dDY0xvaXRNQWgxMENMUHpNQ0FCeWpPWEVFQW00d0tfSjFOVVlGMHJ2NVFzMVVBUQ?oc=5\" target=\"_blank\" rel=\"nofollow noopener\">Vair\u0101kas valstis nosoda Trampa draudus Grenlandei<\/a>&nbsp;&nbsp;Jauns.lv<\/li>\n<li><a href=\"https:\/\/news.google.com\/rss\/articles\/CBMiigFBVV95cUxQQUJzb1lBS1Z2ZHB1RGg3YnBJR29TQmtHQzZBMGlvOTNYZ015ajVQZHJZMHNfY1ZweV9pZUlIamltLXJGak85cjY3b1BvbGtodU11Yk5TQmw2ZWNFSHJQMGMzY0ZEU0J5R3ZKOERaNkVLaEVwdGJkcko0cFhTSl9WMXJ5eXNqdEtpelE?oc=5\" target=\"_blank\" rel=\"nofollow noopener\">Trampa padomnieka sieva dod m\u0101jienu par Grenlandes aneksiju<\/a>&nbsp;&nbsp;NRA<\/li>\n<li><a href=\"https:\/\/news.google.com\/rss\/articles\/CBMisgFBVV95cUxPWXk3TjFzNEtKSUxnQWh4c0JlQzhFY2dXaUM5OEVMZVJBLW1RY2FqR0hSbmsxdEl4cENXanBxSV9TZnVRelBobEhqMzBiSi05NFVGLVp4aWZjcFpPOEVSSFEtcFVLMkVhc0hLMDExNE9CMFZXRHltS3FGZEZDendRcHRwbWhqYVFGTXg4Ni03V1I5MTItTWEwek1vMndXOTBvQmJ0MTJyWVprekRONGU4WnR3?oc=5\" target=\"_blank\" rel=\"nofollow noopener\">M\u016brniece: Nav pamata ba\u017e\u0101m, ka ASV var\u0113tu pielietot milit\u0101ru sp\u0113ku ar\u012b pret Grenlandi<\/a>&nbsp;&nbsp;TVNET<\/li>\n<\/ol>\n","protected":false},"excerpt":{"rendered":"Trampa draudi Grenlandei izpeln\u0101s starptautisku nosod\u012bjumu&nbsp;&nbsp;1188.lv Trampa izteikumi par Grenlandes pievieno\u0161anu ASV izpeln\u0101s starptautisku nosod\u012bjumu \/ Raksts&nbsp;&nbsp;LSM Vair\u0101kas&hellip;\n","protected":false},"author":2,"featured_media":95724,"comment_status":"","ping_status":"","sticky":false,"template":"","format":"standard","meta":{"footnotes":""},"categories":[14],"tags":[129,960,957,23,57,28,29,32,33,22,30,31,35,39,38,36,37,34,40,20,26,27,958,961,959,962,24,25,54,55,56,21,58],"class_list":{"0":"post-95723","1":"post","2":"type-post","3":"status-publish","4":"format-standard","5":"has-post-thumbnail","7":"category-zinas-no-arvalstim","8":"tag-__typenameadvicekeyword","9":"tag-id1007","10":"tag-id597","11":"tag-aktualitates","12":"tag-arvalstim","13":"tag-breaking-news","14":"tag-breakingnews","15":"tag-featured-news","16":"tag-featurednews","17":"tag-headlines","18":"tag-latest-news","19":"tag-latestnews","20":"tag-latvia","21":"tag-latvian","22":"tag-latviesu","23":"tag-latviesu-valoda","24":"tag-latviesuvaloda","25":"tag-latvija","26":"tag-lv","27":"tag-news","28":"tag-popularakas-zinas","29":"tag-popularakaszinas","30":"tag-slugasv","31":"tag-slugdonalds-tramps","32":"tag-titleasv","33":"tag-titledonalds-tramps","34":"tag-top-stories","35":"tag-topstories","36":"tag-world","37":"tag-world-news","38":"tag-worldnews","39":"tag-zinas","40":"tag-zinas-no-arvalstim"},"share_on_mastodon":{"url":"","error":"Validation failed: Text character limit of 500 exceeded"},"_links":{"self":[{"href":"https:\/\/www.europesays.com\/lv\/wp-json\/wp\/v2\/posts\/95723","targetHints":{"allow":["GET"]}}],"collection":[{"href":"https:\/\/www.europesays.com\/lv\/wp-json\/wp\/v2\/posts"}],"about":[{"href":"https:\/\/www.europesays.com\/lv\/wp-json\/wp\/v2\/types\/post"}],"author":[{"embeddable":true,"href":"https:\/\/www.europesays.com\/lv\/wp-json\/wp\/v2\/users\/2"}],"replies":[{"embeddable":true,"href":"https:\/\/www.europesays.com\/lv\/wp-json\/wp\/v2\/comments?post=95723"}],"version-history":[{"count":0,"href":"https:\/\/www.europesays.com\/lv\/wp-json\/wp\/v2\/posts\/95723\/revisions"}],"wp:featuredmedia":[{"embeddable":true,"href":"https:\/\/www.europesays.com\/lv\/wp-json\/wp\/v2\/media\/95724"}],"wp:attachment":[{"href":"https:\/\/www.europesays.com\/lv\/wp-json\/wp\/v2\/media?parent=95723"}],"wp:term":[{"taxonomy":"category","embeddable":true,"href":"https:\/\/www.europesays.com\/lv\/wp-json\/wp\/v2\/categories?post=95723"},{"taxonomy":"post_tag","embeddable":true,"href":"https:\/\/www.europesays.com\/lv\/wp-json\/wp\/v2\/tags?post=95723"}],"curies":[{"name":"wp","href":"https:\/\/api.w.org\/{rel}","templated":true}]}}